{"id":27027,"date":"2026-08-28T08:02:00","date_gmt":"2026-08-28T06:02:00","guid":{"rendered":"https:\/\/www.huebscher.net\/?p=27027"},"modified":"2026-08-28T08:03:21","modified_gmt":"2026-08-28T06:03:21","slug":"schaffhauser-herbstmesse-2026","status":"publish","type":"post","link":"https:\/\/www.huebscher.net\/de\/schaffhauser-herbstmesse-2026\/","title":{"rendered":"Schaffhauser Herbstmesse 2026: H\u00dcBSCHER HOLZBAU macht Wohntr\u00e4ume greifbar\u00a0"},"content":{"rendered":"\n<p>Vom 21. bis 25. Oktober 2026 findet die Schaffhauser Herbstmesse statt und auch wir von H\u00dcBSCHER HOLZBAU sind wieder mit dabei und freuen uns darauf, Sie pers\u00f6nlich an unserem Messestand 3.13 begr\u00fcssen zu d\u00fcrfen.&nbsp;<\/p>\n\n\n\n<p>Vielleicht tragen Sie schon l\u00e4nger eine Idee f\u00fcr Ihr Zuhause mit sich herum? Mehr Platz f\u00fcr die Familie. Ein heller Wohnraum. Eine Aufstockung. Eine Sanierung. Oder sogar der Traum vom eigenen Holzhaus.&nbsp;<\/p>\n\n\n\n<p>Oft beginnt ein Bauprojekt nicht mit einem fertigen Plan, sondern mit dem Wunsch, das eigene Zuhause besser an die Bed\u00fcrfnisse des Lebens anzupassen. Genau dar\u00fcber m\u00f6chten wir mit Ihnen sprechen.&nbsp;<\/p>\n\n\n\n<p><strong>Aus Ideen werden konkrete Projekte<\/strong>&nbsp;<\/p>\n\n\n\n<p>Auf der Schaffhauser Herbstmesse zeigen wir Ihnen, wie aus ersten Gedanken und W\u00fcnschen konkrete Projekte entstehen. Ob Neubau, Anbau, Aufstockung, Sanierung oder hochwertiger Innenausbau \u2013 wir nehmen uns Zeit f\u00fcr Ihre Fragen und zeigen Ihnen, welche M\u00f6glichkeiten moderner Holzbau heute bietet. Dabei spielt es keine Rolle, ob Sie bereits mitten in der Planung sind oder sich erst inspirieren lassen m\u00f6chten.&nbsp;&nbsp;<\/p>\n\n\n\n<p><strong>Inspiration f\u00fcr Ihr Zuhause<\/strong>&nbsp;<\/p>\n\n\n\n<p>An unserem Stand erwarten Sie ausgew\u00e4hlte Referenzprojekte und Einblicke in unsere Arbeit. Vielleicht entdecken Sie dabei neue Ideen f\u00fcr Ihr Eigenheim. Vielleicht finden Sie L\u00f6sungen f\u00fcr Herausforderungen, die Sie schon l\u00e4nger besch\u00e4ftigen. Oder Sie gewinnen die Sicherheit, den n\u00e4chsten Schritt in Ihrem Projekt zu gehen. Denn jedes Zuhause ist einzigartig. Deshalb h\u00f6ren wir zuerst zu, bevor wir gemeinsam nach der passenden L\u00f6sung suchen. Pers\u00f6nlich, unkompliziert und auf Augenh\u00f6he.&nbsp;<\/p>\n\n\n\n<p>Die Schaffhauser Herbstmesse ist f\u00fcr uns jedes Jahr eine besondere Gelegenheit, Menschen aus der Region kennenzulernen und pers\u00f6nlich ins Gespr\u00e4ch zu kommen. Denn die besten Projekte entstehen dort, wo Menschen einander zuh\u00f6ren und gemeinsam Zukunft gestalten.&nbsp;<\/p>\n\n\n\n<p>Besuchen Sie uns an der Schaffhauser Herbstmesse&nbsp;<\/p>\n\n\n\n<p>\ud83d\udcc5 21.\u2013 25. Oktober 2026\u00a0<br>\ud83d\udccd Herbstmesse Schaffhausen \u00a0<br>Breitenaustrasse \u00a0<br>8204 Schaffhausen\u00a0<br>\ud83d\udccc Halle 3, Stand 3.13<\/p>\n\n\n\n<p>Wir freuen uns auf Ihren Besuch, spannende Gespr\u00e4che und viele neue Ideen rund ums Bauen, Wohnen und Leben.&nbsp;<\/p>\n\n\n\n<p><\/p>\n\n\n\n<div class=\"wp-block-group\"><div class=\"wp-block-group__inner-container is-layout-constrained wp-block-group-is-layout-constrained\">\n<div style=\"height:0px;width:0px\" aria-hidden=\"true\" class=\"wp-block-spacer\"><\/div>\n<\/div><\/div>\n\n\n\n<figure class=\"wp-block-gallery has-nested-images columns-default is-cropped wp-block-gallery-1 is-layout-flex wp-block-gallery-is-layout-flex\"><\/figure>\n\n\n\n<div style=\"height:10px\" aria-hidden=\"true\" class=\"wp-block-spacer\"><\/div>\n\n\n\n<figure class=\"wp-block-gallery has-nested-images columns-default is-cropped wp-block-gallery-2 is-layout-flex wp-block-gallery-is-layout-flex\">\n<figure class=\"wp-block-image size-large\"><img fetchpriority=\"high\" decoding=\"async\" width=\"864\" height=\"1080\" data-id=\"27015\" src=\"https:\/\/www.huebscher.net\/media\/huebscher_socialmedia_herbstmesse2026_01-864x1080.avif\" alt=\"Herbstmesse 2026 \u2013 Ihr Zuhause \u2013 mehr als ein Haus\" class=\"wp-image-27015\" srcset=\"https:\/\/www.huebscher.net\/media\/huebscher_socialmedia_herbstmesse2026_01-864x1080.avif 864w, https:\/\/www.huebscher.net\/media\/huebscher_socialmedia_herbstmesse2026_01-576x720.avif 576w, https:\/\/www.huebscher.net\/media\/huebscher_socialmedia_herbstmesse2026_01-768x960.avif 768w, https:\/\/www.huebscher.net\/media\/huebscher_socialmedia_herbstmesse2026_01-1229x1536.avif 1229w, https:\/\/www.huebscher.net\/media\/huebscher_socialmedia_herbstmesse2026_01-1639x2048.avif 1639w, https:\/\/www.huebscher.net\/media\/huebscher_socialmedia_herbstmesse2026_01-350x437.avif 350w, https:\/\/www.huebscher.net\/media\/huebscher_socialmedia_herbstmesse2026_01-scaled.avif 2048w\" sizes=\"(max-width: 864px) 100vw, 864px\" \/><\/figure>\n\n\n\n<figure class=\"wp-block-image size-large\"><img decoding=\"async\" width=\"864\" height=\"1080\" data-id=\"27017\" src=\"https:\/\/www.huebscher.net\/media\/huebscher_socialmedia_herbstmesse2026_04-864x1080.avif\" alt=\"Herbstmesse 2026 \u2013 Das H\u00fcbscher Holzhaus\" class=\"wp-image-27017\" srcset=\"https:\/\/www.huebscher.net\/media\/huebscher_socialmedia_herbstmesse2026_04-864x1080.avif 864w, https:\/\/www.huebscher.net\/media\/huebscher_socialmedia_herbstmesse2026_04-576x720.avif 576w, https:\/\/www.huebscher.net\/media\/huebscher_socialmedia_herbstmesse2026_04-768x960.avif 768w, https:\/\/www.huebscher.net\/media\/huebscher_socialmedia_herbstmesse2026_04-1229x1536.avif 1229w, https:\/\/www.huebscher.net\/media\/huebscher_socialmedia_herbstmesse2026_04-1639x2048.avif 1639w, https:\/\/www.huebscher.net\/media\/huebscher_socialmedia_herbstmesse2026_04-350x437.avif 350w, https:\/\/www.huebscher.net\/media\/huebscher_socialmedia_herbstmesse2026_04-scaled.avif 2048w\" sizes=\"(max-width: 864px) 100vw, 864px\" \/><\/figure>\n\n\n\n<figure class=\"wp-block-image size-large\"><img decoding=\"async\" width=\"864\" height=\"1080\" data-id=\"27019\" src=\"https:\/\/www.huebscher.net\/media\/huebscher_socialmedia_herbstmesse2026_06-864x1080.avif\" alt=\"Herbstmesse 2026 \u2013 Umbau + Sanierung\" class=\"wp-image-27019\" srcset=\"https:\/\/www.huebscher.net\/media\/huebscher_socialmedia_herbstmesse2026_06-864x1080.avif 864w, https:\/\/www.huebscher.net\/media\/huebscher_socialmedia_herbstmesse2026_06-576x720.avif 576w, https:\/\/www.huebscher.net\/media\/huebscher_socialmedia_herbstmesse2026_06-768x960.avif 768w, https:\/\/www.huebscher.net\/media\/huebscher_socialmedia_herbstmesse2026_06-1229x1536.avif 1229w, https:\/\/www.huebscher.net\/media\/huebscher_socialmedia_herbstmesse2026_06-1639x2048.avif 1639w, https:\/\/www.huebscher.net\/media\/huebscher_socialmedia_herbstmesse2026_06-350x437.avif 350w, https:\/\/www.huebscher.net\/media\/huebscher_socialmedia_herbstmesse2026_06-scaled.avif 2048w\" sizes=\"(max-width: 864px) 100vw, 864px\" \/><\/figure>\n<\/figure>\n\n\n\n<div style=\"height:10px\" aria-hidden=\"true\" class=\"wp-block-spacer\"><\/div>\n\n\n\n<figure class=\"wp-block-image size-large is-resized\"><img loading=\"lazy\" decoding=\"async\" width=\"864\" height=\"1080\" src=\"https:\/\/www.huebscher.net\/media\/huebscher_socialmedia_herbstmesse2026_07-1-864x1080.avif\" alt=\"Herbstmesse 2026 \u2013 Ihr Zuhause \u2013 mehr als ein Haus\" class=\"wp-image-27025\" style=\"width:394px;height:auto\" srcset=\"https:\/\/www.huebscher.net\/media\/huebscher_socialmedia_herbstmesse2026_07-1-864x1080.avif 864w, https:\/\/www.huebscher.net\/media\/huebscher_socialmedia_herbstmesse2026_07-1-576x720.avif 576w, https:\/\/www.huebscher.net\/media\/huebscher_socialmedia_herbstmesse2026_07-1-768x960.avif 768w, https:\/\/www.huebscher.net\/media\/huebscher_socialmedia_herbstmesse2026_07-1-1229x1536.avif 1229w, https:\/\/www.huebscher.net\/media\/huebscher_socialmedia_herbstmesse2026_07-1-1639x2048.avif 1639w, https:\/\/www.huebscher.net\/media\/huebscher_socialmedia_herbstmesse2026_07-1-350x437.avif 350w, https:\/\/www.huebscher.net\/media\/huebscher_socialmedia_herbstmesse2026_07-1-scaled.avif 2048w\" sizes=\"(max-width: 864px) 100vw, 864px\" \/><\/figure>\n","protected":false},"excerpt":{"rendered":"<p>Vom 21. bis 25. Oktober 2026 findet die Schaffhauser Herbstmesse statt und auch wir von H\u00dcBSCHER HOLZBAU sind wieder mit dabei und freuen uns darauf, Sie pers\u00f6nlich an unserem Messestand 3.13 begr\u00fcssen zu d\u00fcrfen.&nbsp; Vielleicht tragen Sie schon l\u00e4nger eine Idee f\u00fcr Ihr Zuhause mit sich herum? Mehr Platz f\u00fcr die Familie. Ein heller Wohnraum.&hellip;<\/p>\n","protected":false},"author":6,"featured_media":27023,"comment_status":"closed","ping_status":"closed","sticky":false,"template":"","format":"standard","meta":{"_acf_changed":false,"_monsterinsights_skip_tracking":false,"_genesis_hide_title":false,"_genesis_hide_breadcrumbs":false,"_genesis_hide_singular_image":false,"_genesis_hide_footer_widgets":false,"_genesis_custom_body_class":"","_genesis_custom_post_class":"","_genesis_layout":"","footnotes":""},"categories":[42],"tags":[],"class_list":{"0":"post-27027","1":"post","2":"type-post","3":"status-publish","4":"format-standard","5":"has-post-thumbnail","7":"category-veranstaltungen","8":"entry"},"acf":[],"yoast_head":"<!-- This site is optimized with the Yoast SEO Premium plugin v27.5 (Yoast SEO v27.8) - https:\/\/yoast.com\/product\/yoast-seo-premium-wordpress\/ -->\n<title>Schaffhauser Herbstmesse 2026: H\u00dcBSCHER HOLZBAU macht Wohntr\u00e4ume greifbar\u00a0 - H\u00dcBSCHER HOLZBAU<\/title>\n<meta name=\"description\" content=\"Vom 21. bis 25. Oktober 2026 findet die Schaffhauser Herbstmesse statt und auch wir von H\u00dcBSCHER HOLZBAU sind wieder mit dabei und freuen uns darauf, Sie pers\u00f6nlich an unserem Messestand 3.13 begr\u00fcssen zu d\u00fcrfen.\u00a0\" \/>\n<meta name=\"robots\" content=\"index, follow, max-snippet:-1, max-image-preview:large, max-video-preview:-1\" \/>\n<link rel=\"canonical\" href=\"https:\/\/www.huebscher.net\/ch\/schaffhauser-herbstmesse-2026\/\" \/>\n<meta property=\"og:locale\" content=\"de_DE\" \/>\n<meta property=\"og:type\" content=\"article\" \/>\n<meta property=\"og:title\" content=\"Schaffhauser Herbstmesse 2026: H\u00dcBSCHER HOLZBAU macht Wohntr\u00e4ume greifbar\u00a0\" \/>\n<meta property=\"og:description\" content=\"Vom 21. bis 25. Oktober 2026 findet die Schaffhauser Herbstmesse statt und auch wir von H\u00dcBSCHER HOLZBAU sind wieder mit dabei und freuen uns darauf, Sie pers\u00f6nlich an unserem Messestand 3.13 begr\u00fcssen zu d\u00fcrfen.\u00a0\" \/>\n<meta property=\"og:url\" content=\"https:\/\/www.huebscher.net\/ch\/schaffhauser-herbstmesse-2026\/\" \/>\n<meta property=\"og:site_name\" content=\"H\u00dcBSCHER HOLZBAU\" \/>\n<meta property=\"article:publisher\" content=\"http:\/\/facebook.com\/huebscher.holzbau\" \/>\n<meta property=\"article:published_time\" content=\"2026-08-28T06:02:00+00:00\" \/>\n<meta property=\"article:modified_time\" content=\"2026-08-28T06:03:21+00:00\" \/>\n<meta name=\"author\" content=\"Neublck_1\" \/>\n<meta name=\"twitter:card\" content=\"summary_large_image\" \/>\n<meta name=\"twitter:label1\" content=\"Verfasst von\" \/>\n\t<meta name=\"twitter:data1\" content=\"Neublck_1\" \/>\n\t<meta name=\"twitter:label2\" content=\"Gesch\u00e4tzte Lesezeit\" \/>\n\t<meta name=\"twitter:data2\" content=\"3\u00a0Minuten\" \/>\n<script type=\"application\/ld+json\" class=\"yoast-schema-graph\">{\"@context\":\"https:\\\/\\\/schema.org\",\"@graph\":[{\"@type\":\"Article\",\"@id\":\"https:\\\/\\\/www.huebscher.net\\\/ch\\\/schaffhauser-herbstmesse-2026\\\/#article\",\"isPartOf\":{\"@id\":\"https:\\\/\\\/www.huebscher.net\\\/ch\\\/schaffhauser-herbstmesse-2026\\\/\"},\"author\":{\"name\":\"Neublck_1\",\"@id\":\"https:\\\/\\\/www.huebscher.net\\\/ch\\\/#\\\/schema\\\/person\\\/61797eb03cba52aa7a206f6ff3735df2\"},\"headline\":\"Schaffhauser Herbstmesse 2026: H\u00dcBSCHER HOLZBAU macht Wohntr\u00e4ume greifbar\u00a0\",\"datePublished\":\"2026-08-28T06:02:00+00:00\",\"dateModified\":\"2026-08-28T06:03:21+00:00\",\"mainEntityOfPage\":{\"@id\":\"https:\\\/\\\/www.huebscher.net\\\/ch\\\/schaffhauser-herbstmesse-2026\\\/\"},\"wordCount\":347,\"publisher\":{\"@id\":\"https:\\\/\\\/www.huebscher.net\\\/ch\\\/#organization\"},\"image\":{\"@id\":\"https:\\\/\\\/www.huebscher.net\\\/ch\\\/schaffhauser-herbstmesse-2026\\\/#primaryimage\"},\"thumbnailUrl\":\"https:\\\/\\\/www.huebscher.net\\\/media\\\/huebscher_socialmedia_herbstmesse2026_1200x628.avif\",\"articleSection\":[\"Veranstaltungen\"],\"inLanguage\":\"de\"},{\"@type\":\"WebPage\",\"@id\":\"https:\\\/\\\/www.huebscher.net\\\/ch\\\/schaffhauser-herbstmesse-2026\\\/\",\"url\":\"https:\\\/\\\/www.huebscher.net\\\/ch\\\/schaffhauser-herbstmesse-2026\\\/\",\"name\":\"Schaffhauser Herbstmesse 2026: H\u00dcBSCHER HOLZBAU macht Wohntr\u00e4ume greifbar\u00a0 - H\u00dcBSCHER HOLZBAU\",\"isPartOf\":{\"@id\":\"https:\\\/\\\/www.huebscher.net\\\/ch\\\/#website\"},\"primaryImageOfPage\":{\"@id\":\"https:\\\/\\\/www.huebscher.net\\\/ch\\\/schaffhauser-herbstmesse-2026\\\/#primaryimage\"},\"image\":{\"@id\":\"https:\\\/\\\/www.huebscher.net\\\/ch\\\/schaffhauser-herbstmesse-2026\\\/#primaryimage\"},\"thumbnailUrl\":\"https:\\\/\\\/www.huebscher.net\\\/media\\\/huebscher_socialmedia_herbstmesse2026_1200x628.avif\",\"datePublished\":\"2026-08-28T06:02:00+00:00\",\"dateModified\":\"2026-08-28T06:03:21+00:00\",\"description\":\"Vom 21. bis 25. Oktober 2026 findet die Schaffhauser Herbstmesse statt und auch wir von H\u00dcBSCHER HOLZBAU sind wieder mit dabei und freuen uns darauf, Sie pers\u00f6nlich an unserem Messestand 3.13 begr\u00fcssen zu d\u00fcrfen.\u00a0\",\"breadcrumb\":{\"@id\":\"https:\\\/\\\/www.huebscher.net\\\/ch\\\/schaffhauser-herbstmesse-2026\\\/#breadcrumb\"},\"inLanguage\":\"de\",\"potentialAction\":[{\"@type\":\"ReadAction\",\"target\":[\"https:\\\/\\\/www.huebscher.net\\\/ch\\\/schaffhauser-herbstmesse-2026\\\/\"]}]},{\"@type\":\"ImageObject\",\"inLanguage\":\"de\",\"@id\":\"https:\\\/\\\/www.huebscher.net\\\/ch\\\/schaffhauser-herbstmesse-2026\\\/#primaryimage\",\"url\":\"https:\\\/\\\/www.huebscher.net\\\/media\\\/huebscher_socialmedia_herbstmesse2026_1200x628.avif\",\"contentUrl\":\"https:\\\/\\\/www.huebscher.net\\\/media\\\/huebscher_socialmedia_herbstmesse2026_1200x628.avif\",\"width\":1200,\"height\":628,\"caption\":\"Herbstmesse 2026 Titel\"},{\"@type\":\"BreadcrumbList\",\"@id\":\"https:\\\/\\\/www.huebscher.net\\\/ch\\\/schaffhauser-herbstmesse-2026\\\/#breadcrumb\",\"itemListElement\":[{\"@type\":\"ListItem\",\"position\":1,\"name\":\"Home\",\"item\":\"https:\\\/\\\/www.huebscher.net\\\/de\\\/\"},{\"@type\":\"ListItem\",\"position\":2,\"name\":\"Schaffhauser Herbstmesse 2026: H\u00dcBSCHER HOLZBAU macht Wohntr\u00e4ume greifbar\u00a0\"}]},{\"@type\":\"WebSite\",\"@id\":\"https:\\\/\\\/www.huebscher.net\\\/ch\\\/#website\",\"url\":\"https:\\\/\\\/www.huebscher.net\\\/ch\\\/\",\"name\":\"H\u00fcbscher Holzbau\",\"description\":\"H\u00fcbscher Holzbau AG\",\"publisher\":{\"@id\":\"https:\\\/\\\/www.huebscher.net\\\/ch\\\/#organization\"},\"alternateName\":\"H\u00fcbscher Holzbau\",\"potentialAction\":[{\"@type\":\"SearchAction\",\"target\":{\"@type\":\"EntryPoint\",\"urlTemplate\":\"https:\\\/\\\/www.huebscher.net\\\/ch\\\/?s={search_term_string}\"},\"query-input\":{\"@type\":\"PropertyValueSpecification\",\"valueRequired\":true,\"valueName\":\"search_term_string\"}}],\"inLanguage\":\"de\"},{\"@type\":\"Organization\",\"@id\":\"https:\\\/\\\/www.huebscher.net\\\/ch\\\/#organization\",\"name\":\"H\u00fcbscher Holzbau\",\"alternateName\":\"H\u00fcbscher Holzbau\",\"url\":\"https:\\\/\\\/www.huebscher.net\\\/ch\\\/\",\"logo\":{\"@type\":\"ImageObject\",\"inLanguage\":\"de\",\"@id\":\"https:\\\/\\\/www.huebscher.net\\\/ch\\\/#\\\/schema\\\/logo\\\/image\\\/\",\"url\":\"https:\\\/\\\/www.huebscher.net\\\/media\\\/huebscher_logo_def.png\",\"contentUrl\":\"https:\\\/\\\/www.huebscher.net\\\/media\\\/huebscher_logo_def.png\",\"width\":220,\"height\":110,\"caption\":\"H\u00fcbscher Holzbau\"},\"image\":{\"@id\":\"https:\\\/\\\/www.huebscher.net\\\/ch\\\/#\\\/schema\\\/logo\\\/image\\\/\"},\"sameAs\":[\"http:\\\/\\\/facebook.com\\\/huebscher.holzbau\",\"https:\\\/\\\/pt.linkedin.com\\\/organization-guest\\\/company\\\/huebscher-holzbau\",\"https:\\\/\\\/www.instagram.com\\\/huebscherholzbau\\\/\"]},{\"@type\":\"Person\",\"@id\":\"https:\\\/\\\/www.huebscher.net\\\/ch\\\/#\\\/schema\\\/person\\\/61797eb03cba52aa7a206f6ff3735df2\",\"name\":\"Neublck_1\",\"image\":{\"@type\":\"ImageObject\",\"inLanguage\":\"de\",\"@id\":\"https:\\\/\\\/secure.gravatar.com\\\/avatar\\\/c12895ff9d472e8e03c281fd73c22a9e5ce7ae23df97bdb4c84cf909b7d2fa7e?s=96&d=mm&r=g\",\"url\":\"https:\\\/\\\/secure.gravatar.com\\\/avatar\\\/c12895ff9d472e8e03c281fd73c22a9e5ce7ae23df97bdb4c84cf909b7d2fa7e?s=96&d=mm&r=g\",\"contentUrl\":\"https:\\\/\\\/secure.gravatar.com\\\/avatar\\\/c12895ff9d472e8e03c281fd73c22a9e5ce7ae23df97bdb4c84cf909b7d2fa7e?s=96&d=mm&r=g\",\"caption\":\"Neublck_1\"},\"sameAs\":[\"http:\\\/\\\/www.neublck.de\"]}]}<\/script>\n<!-- \/ Yoast SEO Premium plugin. -->","yoast_head_json":{"title":"Schaffhauser Herbstmesse 2026: H\u00dcBSCHER HOLZBAU macht Wohntr\u00e4ume greifbar\u00a0 - H\u00dcBSCHER HOLZBAU","description":"Vom 21. bis 25. Oktober 2026 findet die Schaffhauser Herbstmesse statt und auch wir von H\u00dcBSCHER HOLZBAU sind wieder mit dabei und freuen uns darauf, Sie pers\u00f6nlich an unserem Messestand 3.13 begr\u00fcssen zu d\u00fcrfen.\u00a0","robots":{"index":"index","follow":"follow","max-snippet":"max-snippet:-1","max-image-preview":"max-image-preview:large","max-video-preview":"max-video-preview:-1"},"canonical":"https:\/\/www.huebscher.net\/ch\/schaffhauser-herbstmesse-2026\/","og_locale":"de_DE","og_type":"article","og_title":"Schaffhauser Herbstmesse 2026: H\u00dcBSCHER HOLZBAU macht Wohntr\u00e4ume greifbar\u00a0","og_description":"Vom 21. bis 25. Oktober 2026 findet die Schaffhauser Herbstmesse statt und auch wir von H\u00dcBSCHER HOLZBAU sind wieder mit dabei und freuen uns darauf, Sie pers\u00f6nlich an unserem Messestand 3.13 begr\u00fcssen zu d\u00fcrfen.\u00a0","og_url":"https:\/\/www.huebscher.net\/ch\/schaffhauser-herbstmesse-2026\/","og_site_name":"H\u00dcBSCHER HOLZBAU","article_publisher":"http:\/\/facebook.com\/huebscher.holzbau","article_published_time":"2026-08-28T06:02:00+00:00","article_modified_time":"2026-08-28T06:03:21+00:00","author":"Neublck_1","twitter_card":"summary_large_image","twitter_misc":{"Verfasst von":"Neublck_1","Gesch\u00e4tzte Lesezeit":"3\u00a0Minuten"},"schema":{"@context":"https:\/\/schema.org","@graph":[{"@type":"Article","@id":"https:\/\/www.huebscher.net\/ch\/schaffhauser-herbstmesse-2026\/#article","isPartOf":{"@id":"https:\/\/www.huebscher.net\/ch\/schaffhauser-herbstmesse-2026\/"},"author":{"name":"Neublck_1","@id":"https:\/\/www.huebscher.net\/ch\/#\/schema\/person\/61797eb03cba52aa7a206f6ff3735df2"},"headline":"Schaffhauser Herbstmesse 2026: H\u00dcBSCHER HOLZBAU macht Wohntr\u00e4ume greifbar\u00a0","datePublished":"2026-08-28T06:02:00+00:00","dateModified":"2026-08-28T06:03:21+00:00","mainEntityOfPage":{"@id":"https:\/\/www.huebscher.net\/ch\/schaffhauser-herbstmesse-2026\/"},"wordCount":347,"publisher":{"@id":"https:\/\/www.huebscher.net\/ch\/#organization"},"image":{"@id":"https:\/\/www.huebscher.net\/ch\/schaffhauser-herbstmesse-2026\/#primaryimage"},"thumbnailUrl":"https:\/\/www.huebscher.net\/media\/huebscher_socialmedia_herbstmesse2026_1200x628.avif","articleSection":["Veranstaltungen"],"inLanguage":"de"},{"@type":"WebPage","@id":"https:\/\/www.huebscher.net\/ch\/schaffhauser-herbstmesse-2026\/","url":"https:\/\/www.huebscher.net\/ch\/schaffhauser-herbstmesse-2026\/","name":"Schaffhauser Herbstmesse 2026: H\u00dcBSCHER HOLZBAU macht Wohntr\u00e4ume greifbar\u00a0 - H\u00dcBSCHER HOLZBAU","isPartOf":{"@id":"https:\/\/www.huebscher.net\/ch\/#website"},"primaryImageOfPage":{"@id":"https:\/\/www.huebscher.net\/ch\/schaffhauser-herbstmesse-2026\/#primaryimage"},"image":{"@id":"https:\/\/www.huebscher.net\/ch\/schaffhauser-herbstmesse-2026\/#primaryimage"},"thumbnailUrl":"https:\/\/www.huebscher.net\/media\/huebscher_socialmedia_herbstmesse2026_1200x628.avif","datePublished":"2026-08-28T06:02:00+00:00","dateModified":"2026-08-28T06:03:21+00:00","description":"Vom 21. bis 25. Oktober 2026 findet die Schaffhauser Herbstmesse statt und auch wir von H\u00dcBSCHER HOLZBAU sind wieder mit dabei und freuen uns darauf, Sie pers\u00f6nlich an unserem Messestand 3.13 begr\u00fcssen zu d\u00fcrfen.\u00a0","breadcrumb":{"@id":"https:\/\/www.huebscher.net\/ch\/schaffhauser-herbstmesse-2026\/#breadcrumb"},"inLanguage":"de","potentialAction":[{"@type":"ReadAction","target":["https:\/\/www.huebscher.net\/ch\/schaffhauser-herbstmesse-2026\/"]}]},{"@type":"ImageObject","inLanguage":"de","@id":"https:\/\/www.huebscher.net\/ch\/schaffhauser-herbstmesse-2026\/#primaryimage","url":"https:\/\/www.huebscher.net\/media\/huebscher_socialmedia_herbstmesse2026_1200x628.avif","contentUrl":"https:\/\/www.huebscher.net\/media\/huebscher_socialmedia_herbstmesse2026_1200x628.avif","width":1200,"height":628,"caption":"Herbstmesse 2026 Titel"},{"@type":"BreadcrumbList","@id":"https:\/\/www.huebscher.net\/ch\/schaffhauser-herbstmesse-2026\/#breadcrumb","itemListElement":[{"@type":"ListItem","position":1,"name":"Home","item":"https:\/\/www.huebscher.net\/de\/"},{"@type":"ListItem","position":2,"name":"Schaffhauser Herbstmesse 2026: H\u00dcBSCHER HOLZBAU macht Wohntr\u00e4ume greifbar\u00a0"}]},{"@type":"WebSite","@id":"https:\/\/www.huebscher.net\/ch\/#website","url":"https:\/\/www.huebscher.net\/ch\/","name":"H\u00fcbscher Holzbau","description":"H\u00fcbscher Holzbau AG","publisher":{"@id":"https:\/\/www.huebscher.net\/ch\/#organization"},"alternateName":"H\u00fcbscher Holzbau","potentialAction":[{"@type":"SearchAction","target":{"@type":"EntryPoint","urlTemplate":"https:\/\/www.huebscher.net\/ch\/?s={search_term_string}"},"query-input":{"@type":"PropertyValueSpecification","valueRequired":true,"valueName":"search_term_string"}}],"inLanguage":"de"},{"@type":"Organization","@id":"https:\/\/www.huebscher.net\/ch\/#organization","name":"H\u00fcbscher Holzbau","alternateName":"H\u00fcbscher Holzbau","url":"https:\/\/www.huebscher.net\/ch\/","logo":{"@type":"ImageObject","inLanguage":"de","@id":"https:\/\/www.huebscher.net\/ch\/#\/schema\/logo\/image\/","url":"https:\/\/www.huebscher.net\/media\/huebscher_logo_def.png","contentUrl":"https:\/\/www.huebscher.net\/media\/huebscher_logo_def.png","width":220,"height":110,"caption":"H\u00fcbscher Holzbau"},"image":{"@id":"https:\/\/www.huebscher.net\/ch\/#\/schema\/logo\/image\/"},"sameAs":["http:\/\/facebook.com\/huebscher.holzbau","https:\/\/pt.linkedin.com\/organization-guest\/company\/huebscher-holzbau","https:\/\/www.instagram.com\/huebscherholzbau\/"]},{"@type":"Person","@id":"https:\/\/www.huebscher.net\/ch\/#\/schema\/person\/61797eb03cba52aa7a206f6ff3735df2","name":"Neublck_1","image":{"@type":"ImageObject","inLanguage":"de","@id":"https:\/\/secure.gravatar.com\/avatar\/c12895ff9d472e8e03c281fd73c22a9e5ce7ae23df97bdb4c84cf909b7d2fa7e?s=96&d=mm&r=g","url":"https:\/\/secure.gravatar.com\/avatar\/c12895ff9d472e8e03c281fd73c22a9e5ce7ae23df97bdb4c84cf909b7d2fa7e?s=96&d=mm&r=g","contentUrl":"https:\/\/secure.gravatar.com\/avatar\/c12895ff9d472e8e03c281fd73c22a9e5ce7ae23df97bdb4c84cf909b7d2fa7e?s=96&d=mm&r=g","caption":"Neublck_1"},"sameAs":["http:\/\/www.neublck.de"]}]}},"_links":{"self":[{"href":"https:\/\/www.huebscher.net\/de\/wp-json\/wp\/v2\/posts\/27027","targetHints":{"allow":["GET"]}}],"collection":[{"href":"https:\/\/www.huebscher.net\/de\/wp-json\/wp\/v2\/posts"}],"about":[{"href":"https:\/\/www.huebscher.net\/de\/wp-json\/wp\/v2\/types\/post"}],"author":[{"embeddable":true,"href":"https:\/\/www.huebscher.net\/de\/wp-json\/wp\/v2\/users\/6"}],"replies":[{"embeddable":true,"href":"https:\/\/www.huebscher.net\/de\/wp-json\/wp\/v2\/comments?post=27027"}],"version-history":[{"count":2,"href":"https:\/\/www.huebscher.net\/de\/wp-json\/wp\/v2\/posts\/27027\/revisions"}],"predecessor-version":[{"id":27073,"href":"https:\/\/www.huebscher.net\/de\/wp-json\/wp\/v2\/posts\/27027\/revisions\/27073"}],"wp:featuredmedia":[{"embeddable":true,"href":"https:\/\/www.huebscher.net\/de\/wp-json\/wp\/v2\/media\/27023"}],"wp:attachment":[{"href":"https:\/\/www.huebscher.net\/de\/wp-json\/wp\/v2\/media?parent=27027"}],"wp:term":[{"taxonomy":"category","embeddable":true,"href":"https:\/\/www.huebscher.net\/de\/wp-json\/wp\/v2\/categories?post=27027"},{"taxonomy":"post_tag","embeddable":true,"href":"https:\/\/www.huebscher.net\/de\/wp-json\/wp\/v2\/tags?post=27027"}],"curies":[{"name":"wp","href":"https:\/\/api.w.org\/{rel}","templated":true}]}}