{"id":22673,"date":"2026-04-30T10:30:00","date_gmt":"2026-04-30T08:30:00","guid":{"rendered":"https:\/\/www.huebscher.net\/?p=22673"},"modified":"2026-04-30T10:58:31","modified_gmt":"2026-04-30T08:58:31","slug":"fruehlingsfest-2026-bei-huebscher-holzbau","status":"publish","type":"post","link":"https:\/\/www.huebscher.net\/de\/fruehlingsfest-2026-bei-huebscher-holzbau\/","title":{"rendered":"Fr\u00fchlingsfest 2026 \u2013 Ein Tag f\u00fcr Einblick, Austausch und Teamgeist"},"content":{"rendered":"\n<p>Was ein starkes Team ausmacht, zeigt sich nicht nur auf der Baustelle. Es zeigt sich auch dann, wenn man gemeinsam unterwegs ist, Neues entdeckt, lacht und Zeit miteinander verbringt.<\/p>\n\n\n\n<p>Unser Fr\u00fchlingsfest 2026 wurde diesmal zum Fr\u00fchlingsausflug und f\u00fchrte uns von Beringen aus zu spannenden Einblicken in die moderne Holzverarbeitung \u2013 und sp\u00e4ter zu einem Nachmittag voller Bewegung, Geschicklichkeit und Teamgeist.<\/p>\n\n\n\n<p><\/p>\n\n\n\n<p><strong>Einblicke in die Welt des Holzes<\/strong><\/p>\n\n\n\n<p>Gemeinsam starteten wir mit dem Bus in Beringen und machten uns auf den Weg zu <a href=\"https:\/\/lignotrend.com\/\" target=\"_blank\" rel=\"noreferrer noopener\"><span style=\"text-decoration: underline;\">LignoTrend<\/span><\/a> sowie zum S\u00e4gewerk in Remschwil. Dort erhielten wir einen eindr\u00fccklichen Blick hinter die Kulissen.<\/p>\n\n\n\n<p>Die Besichtigung war top organisiert, modern aufgebaut und sehr informativ. F\u00fcr uns als Holzbauunternehmen ist es sehr wertvoll zu sehen, wie viel Wissen, Pr\u00e4zision und Entwicklung bereits in den Materialien steckt, mit denen wir sp\u00e4ter arbeiten.<\/p>\n\n\n\n<p>Holz ist f\u00fcr uns nicht einfach ein Baustoff. Es ist Grundlage f\u00fcr langlebige, nachhaltige und hochwertige Lebensr\u00e4ume. Solche Einblicke verbinden unser t\u00e4gliches Handwerk mit dem, was davor entsteht \u2013 von der Verarbeitung bis zur fertigen L\u00f6sung.<\/p>\n\n\n\n<p><\/p>\n\n\n\n<p><strong>Zusammensitzen, grillieren, weiterziehen<\/strong><\/p>\n\n\n\n<p>Nach der Besichtigung blieb Zeit f\u00fcr das, was einen solchen Ausflug besonders macht: zusammensitzen, gemeinsam essen, sich austauschen und den Moment geniessen.<\/p>\n\n\n\n<p>Beim gemeinsamen Grillieren stand nicht der Arbeitsalltag im Vordergrund, sondern das Miteinander. Diese ungezwungenen Momente zeigen, wie wichtig ein gutes Teamgef\u00fcge ist \u2013 im Betrieb, auf der Baustelle und \u00fcberall dort, wo Zusammenarbeit z\u00e4hlt.<\/p>\n\n\n\n<p><\/p>\n\n\n\n<p><strong>Teambuilding mit Geschick und Humor<\/strong><\/p>\n\n\n\n<p>Am Nachmittag ging es weiter in die <a href=\"https:\/\/teamwelt.de\/\" target=\"_blank\" rel=\"noreferrer noopener\"><span style=\"text-decoration: underline;\">Teamwelt in H\u00f6chenschwand<\/span><\/a>. Dort wartete ein abwechslungsreiches Teambuilding-Programm auf uns \u2013 mit kleinen Challenges, bei denen Geschick, Teamgeist und auch eine gute Portion Humor gefragt waren.<\/p>\n\n\n\n<p>Ob Hufeisenwerfen, Gummistiefel-Weitwurf, Frisbee-Werfen, Nagelschlagen oder Bierkrug-Schieben: Es wurde ausprobiert, angefeuert, gelacht und gemeinsam erlebt. Viele dieser Momente bleiben im Kopf \u2013 weil sie verbinden und den Teamgeist auf eine andere Art erlebbar machen.<\/p>\n\n\n\n<p><\/p>\n\n\n\n<p><strong>Ein Tag, der verbindet<\/strong><\/p>\n\n\n\n<p>Zum Abschluss liessen wir den Tag bei einem gemeinsamen Znacht ausklingen, bevor es wieder zur\u00fcck nach Beringen ging.<\/p>\n\n\n\n<p>Ein besonderer Dank gilt dem internen Organisationsteam, das diesen Ausflug mit viel Engagement vorbereitet und m\u00f6glich gemacht hat.<\/p>\n\n\n\n<p>Dieser Tag zeigt einmal mehr, dass wir gemeinsam etwas bewegen \u2013 auf der Baustelle, im Betrieb und als Menschen, die miteinander Zukunft gestalten.<\/p>\n\n\n\n<figure class=\"wp-block-gallery has-nested-images columns-default is-cropped wp-block-gallery-1 is-layout-flex wp-block-gallery-is-layout-flex\">\n<figure class=\"wp-block-image size-large\"><img fetchpriority=\"high\" decoding=\"async\" width=\"864\" height=\"1080\" data-id=\"22674\" src=\"https:\/\/www.huebscher.net\/media\/2-14-864x1080.png\" alt=\"\" class=\"wp-image-22674\" srcset=\"https:\/\/www.huebscher.net\/media\/2-14-864x1080.png 864w, https:\/\/www.huebscher.net\/media\/2-14-576x720.png 576w, https:\/\/www.huebscher.net\/media\/2-14-768x960.png 768w, https:\/\/www.huebscher.net\/media\/2-14-350x438.png 350w, https:\/\/www.huebscher.net\/media\/2-14.png 1080w\" sizes=\"(max-width: 864px) 100vw, 864px\" \/><\/figure>\n\n\n\n<figure class=\"wp-block-image size-large\"><img decoding=\"async\" width=\"864\" height=\"1080\" data-id=\"22676\" src=\"https:\/\/www.huebscher.net\/media\/4-15-864x1080.png\" alt=\"\" class=\"wp-image-22676\" srcset=\"https:\/\/www.huebscher.net\/media\/4-15-864x1080.png 864w, https:\/\/www.huebscher.net\/media\/4-15-576x720.png 576w, https:\/\/www.huebscher.net\/media\/4-15-768x960.png 768w, https:\/\/www.huebscher.net\/media\/4-15-350x438.png 350w, https:\/\/www.huebscher.net\/media\/4-15.png 1080w\" sizes=\"(max-width: 864px) 100vw, 864px\" \/><\/figure>\n\n\n\n<figure class=\"wp-block-image size-large\"><img decoding=\"async\" width=\"864\" height=\"1080\" data-id=\"22678\" src=\"https:\/\/www.huebscher.net\/media\/6-9-864x1080.png\" alt=\"\" class=\"wp-image-22678\" srcset=\"https:\/\/www.huebscher.net\/media\/6-9-864x1080.png 864w, https:\/\/www.huebscher.net\/media\/6-9-576x720.png 576w, https:\/\/www.huebscher.net\/media\/6-9-768x960.png 768w, https:\/\/www.huebscher.net\/media\/6-9-350x438.png 350w, https:\/\/www.huebscher.net\/media\/6-9.png 1080w\" sizes=\"(max-width: 864px) 100vw, 864px\" \/><\/figure>\n\n\n\n<figure class=\"wp-block-image size-full\"><img loading=\"lazy\" decoding=\"async\" width=\"1080\" height=\"1350\" data-id=\"22680\" src=\"https:\/\/www.huebscher.net\/media\/8-9.png\" alt=\"\" class=\"wp-image-22680\" srcset=\"https:\/\/www.huebscher.net\/media\/8-9.png 1080w, https:\/\/www.huebscher.net\/media\/8-9-576x720.png 576w, https:\/\/www.huebscher.net\/media\/8-9-864x1080.png 864w, https:\/\/www.huebscher.net\/media\/8-9-768x960.png 768w, https:\/\/www.huebscher.net\/media\/8-9-350x438.png 350w\" sizes=\"(max-width: 1080px) 100vw, 1080px\" \/><\/figure>\n\n\n\n<figure class=\"wp-block-image size-large\"><img loading=\"lazy\" decoding=\"async\" width=\"864\" height=\"1080\" data-id=\"22682\" src=\"https:\/\/www.huebscher.net\/media\/10-9-864x1080.png\" alt=\"\" class=\"wp-image-22682\" srcset=\"https:\/\/www.huebscher.net\/media\/10-9-864x1080.png 864w, https:\/\/www.huebscher.net\/media\/10-9-576x720.png 576w, https:\/\/www.huebscher.net\/media\/10-9-768x960.png 768w, https:\/\/www.huebscher.net\/media\/10-9-350x438.png 350w, https:\/\/www.huebscher.net\/media\/10-9.png 1080w\" sizes=\"(max-width: 864px) 100vw, 864px\" \/><\/figure>\n<\/figure>\n\n\n\n<p><\/p>\n","protected":false},"excerpt":{"rendered":"<p>Was ein starkes Team ausmacht, zeigt sich nicht nur auf der Baustelle. Es zeigt sich auch dann, wenn man gemeinsam unterwegs ist, Neues entdeckt, lacht und Zeit miteinander verbringt. Unser Fr\u00fchlingsfest 2026 wurde diesmal zum Fr\u00fchlingsausflug und f\u00fchrte uns von Beringen aus zu spannenden Einblicken in die moderne Holzverarbeitung \u2013 und sp\u00e4ter zu einem Nachmittag&hellip;<\/p>\n","protected":false},"author":6,"featured_media":22684,"comment_status":"closed","ping_status":"closed","sticky":false,"template":"","format":"standard","meta":{"_acf_changed":false,"_monsterinsights_skip_tracking":false,"_monsterinsights_sitenote_active":false,"_monsterinsights_sitenote_note":"","_monsterinsights_sitenote_category":0,"_genesis_hide_title":false,"_genesis_hide_breadcrumbs":false,"_genesis_hide_singular_image":false,"_genesis_hide_footer_widgets":false,"_genesis_custom_body_class":"","_genesis_custom_post_class":"","_genesis_layout":"","footnotes":""},"categories":[136,133],"tags":[],"class_list":{"0":"post-22673","1":"post","2":"type-post","3":"status-publish","4":"format-standard","5":"has-post-thumbnail","7":"category-events-de","8":"category-unternehmen-de","9":"entry"},"acf":[],"yoast_head":"<!-- This site is optimized with the Yoast SEO Premium plugin v25.2 (Yoast SEO v25.2) - https:\/\/yoast.com\/wordpress\/plugins\/seo\/ -->\n<title>Fr\u00fchlingsfest 2026 \u2013 Ein Tag f\u00fcr Einblick, Austausch und Teamgeist - H\u00dcBSCHER HOLZBAU<\/title>\n<meta name=\"description\" content=\"Ein Teamausflug mit Einblicken in moderne Holzverarbeitung, Teamgeist und Zusammenarbeit im Holzbau \u2013 nachhaltig, pr\u00e4zise, gemeinsam stark.\" \/>\n<meta name=\"robots\" content=\"index, follow, max-snippet:-1, max-image-preview:large, max-video-preview:-1\" \/>\n<link rel=\"canonical\" href=\"https:\/\/www.huebscher.net\/ch\/fruehlingsfest-2026-bei-huebscher-holzbau\/\" \/>\n<meta property=\"og:locale\" content=\"de_DE\" \/>\n<meta property=\"og:type\" content=\"article\" \/>\n<meta property=\"og:title\" content=\"Fr\u00fchlingsfest 2026 \u2013 Ein Tag f\u00fcr Einblick, Austausch und Teamgeist\" \/>\n<meta property=\"og:description\" content=\"Ein Teamausflug mit Einblicken in moderne Holzverarbeitung, Teamgeist und Zusammenarbeit im Holzbau \u2013 nachhaltig, pr\u00e4zise, gemeinsam stark.\" \/>\n<meta property=\"og:url\" content=\"https:\/\/www.huebscher.net\/ch\/fruehlingsfest-2026-bei-huebscher-holzbau\/\" \/>\n<meta property=\"og:site_name\" content=\"H\u00dcBSCHER HOLZBAU\" \/>\n<meta property=\"article:publisher\" content=\"http:\/\/facebook.com\/huebscher.holzbau\" \/>\n<meta property=\"article:published_time\" content=\"2026-04-30T08:30:00+00:00\" \/>\n<meta property=\"article:modified_time\" content=\"2026-04-30T08:58:31+00:00\" \/>\n<meta property=\"og:image\" content=\"https:\/\/www.huebscher.net\/media\/2604_HUeB_Homepage_Fruehlingsfest_2026.png\" \/>\n\t<meta property=\"og:image:width\" content=\"1748\" \/>\n\t<meta property=\"og:image:height\" content=\"945\" \/>\n\t<meta property=\"og:image:type\" content=\"image\/png\" \/>\n<meta name=\"author\" content=\"H\u00fcbscher 5\" \/>\n<meta name=\"twitter:card\" content=\"summary_large_image\" \/>\n<meta name=\"twitter:label1\" content=\"Verfasst von\" \/>\n\t<meta name=\"twitter:data1\" content=\"H\u00fcbscher 5\" \/>\n\t<meta name=\"twitter:label2\" content=\"Gesch\u00e4tzte Lesezeit\" \/>\n\t<meta name=\"twitter:data2\" content=\"4\u00a0Minuten\" \/>\n<script type=\"application\/ld+json\" class=\"yoast-schema-graph\">{\"@context\":\"https:\/\/schema.org\",\"@graph\":[{\"@type\":\"Article\",\"@id\":\"https:\/\/www.huebscher.net\/ch\/fruehlingsfest-2026-bei-huebscher-holzbau\/#article\",\"isPartOf\":{\"@id\":\"https:\/\/www.huebscher.net\/ch\/fruehlingsfest-2026-bei-huebscher-holzbau\/\"},\"author\":{\"name\":\"H\u00fcbscher 5\",\"@id\":\"https:\/\/www.huebscher.net\/ch\/#\/schema\/person\/61797eb03cba52aa7a206f6ff3735df2\"},\"headline\":\"Fr\u00fchlingsfest 2026 \u2013 Ein Tag f\u00fcr Einblick, Austausch und Teamgeist\",\"datePublished\":\"2026-04-30T08:30:00+00:00\",\"dateModified\":\"2026-04-30T08:58:31+00:00\",\"mainEntityOfPage\":{\"@id\":\"https:\/\/www.huebscher.net\/ch\/fruehlingsfest-2026-bei-huebscher-holzbau\/\"},\"wordCount\":385,\"publisher\":{\"@id\":\"https:\/\/www.huebscher.net\/ch\/#organization\"},\"image\":{\"@id\":\"https:\/\/www.huebscher.net\/ch\/fruehlingsfest-2026-bei-huebscher-holzbau\/#primaryimage\"},\"thumbnailUrl\":\"https:\/\/www.huebscher.net\/media\/2604_HUeB_Homepage_Fruehlingsfest_2026.png\",\"articleSection\":[\"Events\",\"Intern\"],\"inLanguage\":\"de\"},{\"@type\":\"WebPage\",\"@id\":\"https:\/\/www.huebscher.net\/ch\/fruehlingsfest-2026-bei-huebscher-holzbau\/\",\"url\":\"https:\/\/www.huebscher.net\/ch\/fruehlingsfest-2026-bei-huebscher-holzbau\/\",\"name\":\"Fr\u00fchlingsfest 2026 \u2013 Ein Tag f\u00fcr Einblick, Austausch und Teamgeist - H\u00dcBSCHER HOLZBAU\",\"isPartOf\":{\"@id\":\"https:\/\/www.huebscher.net\/ch\/#website\"},\"primaryImageOfPage\":{\"@id\":\"https:\/\/www.huebscher.net\/ch\/fruehlingsfest-2026-bei-huebscher-holzbau\/#primaryimage\"},\"image\":{\"@id\":\"https:\/\/www.huebscher.net\/ch\/fruehlingsfest-2026-bei-huebscher-holzbau\/#primaryimage\"},\"thumbnailUrl\":\"https:\/\/www.huebscher.net\/media\/2604_HUeB_Homepage_Fruehlingsfest_2026.png\",\"datePublished\":\"2026-04-30T08:30:00+00:00\",\"dateModified\":\"2026-04-30T08:58:31+00:00\",\"description\":\"Ein Teamausflug mit Einblicken in moderne Holzverarbeitung, Teamgeist und Zusammenarbeit im Holzbau \u2013 nachhaltig, pr\u00e4zise, gemeinsam stark.\",\"breadcrumb\":{\"@id\":\"https:\/\/www.huebscher.net\/ch\/fruehlingsfest-2026-bei-huebscher-holzbau\/#breadcrumb\"},\"inLanguage\":\"de\",\"potentialAction\":[{\"@type\":\"ReadAction\",\"target\":[\"https:\/\/www.huebscher.net\/ch\/fruehlingsfest-2026-bei-huebscher-holzbau\/\"]}]},{\"@type\":\"ImageObject\",\"inLanguage\":\"de\",\"@id\":\"https:\/\/www.huebscher.net\/ch\/fruehlingsfest-2026-bei-huebscher-holzbau\/#primaryimage\",\"url\":\"https:\/\/www.huebscher.net\/media\/2604_HUeB_Homepage_Fruehlingsfest_2026.png\",\"contentUrl\":\"https:\/\/www.huebscher.net\/media\/2604_HUeB_Homepage_Fruehlingsfest_2026.png\",\"width\":1748,\"height\":945},{\"@type\":\"BreadcrumbList\",\"@id\":\"https:\/\/www.huebscher.net\/ch\/fruehlingsfest-2026-bei-huebscher-holzbau\/#breadcrumb\",\"itemListElement\":[{\"@type\":\"ListItem\",\"position\":1,\"name\":\"Home\",\"item\":\"https:\/\/www.huebscher.net\/de\/\"},{\"@type\":\"ListItem\",\"position\":2,\"name\":\"Fr\u00fchlingsfest 2026 \u2013 Ein Tag f\u00fcr Einblick, Austausch und Teamgeist\"}]},{\"@type\":\"WebSite\",\"@id\":\"https:\/\/www.huebscher.net\/ch\/#website\",\"url\":\"https:\/\/www.huebscher.net\/ch\/\",\"name\":\"H\u00fcbscher Holzbau\",\"description\":\"H\u00fcbscher Holzbau AG\",\"publisher\":{\"@id\":\"https:\/\/www.huebscher.net\/ch\/#organization\"},\"alternateName\":\"H\u00fcbscher Holzbau\",\"potentialAction\":[{\"@type\":\"SearchAction\",\"target\":{\"@type\":\"EntryPoint\",\"urlTemplate\":\"https:\/\/www.huebscher.net\/ch\/?s={search_term_string}\"},\"query-input\":{\"@type\":\"PropertyValueSpecification\",\"valueRequired\":true,\"valueName\":\"search_term_string\"}}],\"inLanguage\":\"de\"},{\"@type\":\"Organization\",\"@id\":\"https:\/\/www.huebscher.net\/ch\/#organization\",\"name\":\"H\u00fcbscher Holzbau\",\"alternateName\":\"H\u00fcbscher Holzbau\",\"url\":\"https:\/\/www.huebscher.net\/ch\/\",\"logo\":{\"@type\":\"ImageObject\",\"inLanguage\":\"de\",\"@id\":\"https:\/\/www.huebscher.net\/ch\/#\/schema\/logo\/image\/\",\"url\":\"https:\/\/www.huebscher.net\/media\/huebscher_logo_def.png\",\"contentUrl\":\"https:\/\/www.huebscher.net\/media\/huebscher_logo_def.png\",\"width\":220,\"height\":110,\"caption\":\"H\u00fcbscher Holzbau\"},\"image\":{\"@id\":\"https:\/\/www.huebscher.net\/ch\/#\/schema\/logo\/image\/\"},\"sameAs\":[\"http:\/\/facebook.com\/huebscher.holzbau\",\"https:\/\/pt.linkedin.com\/organization-guest\/company\/huebscher-holzbau\",\"https:\/\/www.instagram.com\/huebscherholzbau\/\"]},{\"@type\":\"Person\",\"@id\":\"https:\/\/www.huebscher.net\/ch\/#\/schema\/person\/61797eb03cba52aa7a206f6ff3735df2\",\"name\":\"H\u00fcbscher 5\",\"image\":{\"@type\":\"ImageObject\",\"inLanguage\":\"de\",\"@id\":\"https:\/\/www.huebscher.net\/ch\/#\/schema\/person\/image\/\",\"url\":\"https:\/\/secure.gravatar.com\/avatar\/6dc9404a18345585174fb56d6f2ad6ac?s=96&d=mm&r=g\",\"contentUrl\":\"https:\/\/secure.gravatar.com\/avatar\/6dc9404a18345585174fb56d6f2ad6ac?s=96&d=mm&r=g\",\"caption\":\"H\u00fcbscher 5\"},\"sameAs\":[\"http:\/\/www.neublck.de\"]}]}<\/script>\n<!-- \/ Yoast SEO Premium plugin. -->","yoast_head_json":{"title":"Fr\u00fchlingsfest 2026 \u2013 Ein Tag f\u00fcr Einblick, Austausch und Teamgeist - H\u00dcBSCHER HOLZBAU","description":"Ein Teamausflug mit Einblicken in moderne Holzverarbeitung, Teamgeist und Zusammenarbeit im Holzbau \u2013 nachhaltig, pr\u00e4zise, gemeinsam stark.","robots":{"index":"index","follow":"follow","max-snippet":"max-snippet:-1","max-image-preview":"max-image-preview:large","max-video-preview":"max-video-preview:-1"},"canonical":"https:\/\/www.huebscher.net\/ch\/fruehlingsfest-2026-bei-huebscher-holzbau\/","og_locale":"de_DE","og_type":"article","og_title":"Fr\u00fchlingsfest 2026 \u2013 Ein Tag f\u00fcr Einblick, Austausch und Teamgeist","og_description":"Ein Teamausflug mit Einblicken in moderne Holzverarbeitung, Teamgeist und Zusammenarbeit im Holzbau \u2013 nachhaltig, pr\u00e4zise, gemeinsam stark.","og_url":"https:\/\/www.huebscher.net\/ch\/fruehlingsfest-2026-bei-huebscher-holzbau\/","og_site_name":"H\u00dcBSCHER HOLZBAU","article_publisher":"http:\/\/facebook.com\/huebscher.holzbau","article_published_time":"2026-04-30T08:30:00+00:00","article_modified_time":"2026-04-30T08:58:31+00:00","og_image":[{"url":"https:\/\/www.huebscher.net\/media\/2604_HUeB_Homepage_Fruehlingsfest_2026.png","width":1748,"height":945,"type":"image\/png"}],"author":"H\u00fcbscher 5","twitter_card":"summary_large_image","twitter_misc":{"Verfasst von":"H\u00fcbscher 5","Gesch\u00e4tzte Lesezeit":"4\u00a0Minuten"},"schema":{"@context":"https:\/\/schema.org","@graph":[{"@type":"Article","@id":"https:\/\/www.huebscher.net\/ch\/fruehlingsfest-2026-bei-huebscher-holzbau\/#article","isPartOf":{"@id":"https:\/\/www.huebscher.net\/ch\/fruehlingsfest-2026-bei-huebscher-holzbau\/"},"author":{"name":"H\u00fcbscher 5","@id":"https:\/\/www.huebscher.net\/ch\/#\/schema\/person\/61797eb03cba52aa7a206f6ff3735df2"},"headline":"Fr\u00fchlingsfest 2026 \u2013 Ein Tag f\u00fcr Einblick, Austausch und Teamgeist","datePublished":"2026-04-30T08:30:00+00:00","dateModified":"2026-04-30T08:58:31+00:00","mainEntityOfPage":{"@id":"https:\/\/www.huebscher.net\/ch\/fruehlingsfest-2026-bei-huebscher-holzbau\/"},"wordCount":385,"publisher":{"@id":"https:\/\/www.huebscher.net\/ch\/#organization"},"image":{"@id":"https:\/\/www.huebscher.net\/ch\/fruehlingsfest-2026-bei-huebscher-holzbau\/#primaryimage"},"thumbnailUrl":"https:\/\/www.huebscher.net\/media\/2604_HUeB_Homepage_Fruehlingsfest_2026.png","articleSection":["Events","Intern"],"inLanguage":"de"},{"@type":"WebPage","@id":"https:\/\/www.huebscher.net\/ch\/fruehlingsfest-2026-bei-huebscher-holzbau\/","url":"https:\/\/www.huebscher.net\/ch\/fruehlingsfest-2026-bei-huebscher-holzbau\/","name":"Fr\u00fchlingsfest 2026 \u2013 Ein Tag f\u00fcr Einblick, Austausch und Teamgeist - H\u00dcBSCHER HOLZBAU","isPartOf":{"@id":"https:\/\/www.huebscher.net\/ch\/#website"},"primaryImageOfPage":{"@id":"https:\/\/www.huebscher.net\/ch\/fruehlingsfest-2026-bei-huebscher-holzbau\/#primaryimage"},"image":{"@id":"https:\/\/www.huebscher.net\/ch\/fruehlingsfest-2026-bei-huebscher-holzbau\/#primaryimage"},"thumbnailUrl":"https:\/\/www.huebscher.net\/media\/2604_HUeB_Homepage_Fruehlingsfest_2026.png","datePublished":"2026-04-30T08:30:00+00:00","dateModified":"2026-04-30T08:58:31+00:00","description":"Ein Teamausflug mit Einblicken in moderne Holzverarbeitung, Teamgeist und Zusammenarbeit im Holzbau \u2013 nachhaltig, pr\u00e4zise, gemeinsam stark.","breadcrumb":{"@id":"https:\/\/www.huebscher.net\/ch\/fruehlingsfest-2026-bei-huebscher-holzbau\/#breadcrumb"},"inLanguage":"de","potentialAction":[{"@type":"ReadAction","target":["https:\/\/www.huebscher.net\/ch\/fruehlingsfest-2026-bei-huebscher-holzbau\/"]}]},{"@type":"ImageObject","inLanguage":"de","@id":"https:\/\/www.huebscher.net\/ch\/fruehlingsfest-2026-bei-huebscher-holzbau\/#primaryimage","url":"https:\/\/www.huebscher.net\/media\/2604_HUeB_Homepage_Fruehlingsfest_2026.png","contentUrl":"https:\/\/www.huebscher.net\/media\/2604_HUeB_Homepage_Fruehlingsfest_2026.png","width":1748,"height":945},{"@type":"BreadcrumbList","@id":"https:\/\/www.huebscher.net\/ch\/fruehlingsfest-2026-bei-huebscher-holzbau\/#breadcrumb","itemListElement":[{"@type":"ListItem","position":1,"name":"Home","item":"https:\/\/www.huebscher.net\/de\/"},{"@type":"ListItem","position":2,"name":"Fr\u00fchlingsfest 2026 \u2013 Ein Tag f\u00fcr Einblick, Austausch und Teamgeist"}]},{"@type":"WebSite","@id":"https:\/\/www.huebscher.net\/ch\/#website","url":"https:\/\/www.huebscher.net\/ch\/","name":"H\u00fcbscher Holzbau","description":"H\u00fcbscher Holzbau AG","publisher":{"@id":"https:\/\/www.huebscher.net\/ch\/#organization"},"alternateName":"H\u00fcbscher Holzbau","potentialAction":[{"@type":"SearchAction","target":{"@type":"EntryPoint","urlTemplate":"https:\/\/www.huebscher.net\/ch\/?s={search_term_string}"},"query-input":{"@type":"PropertyValueSpecification","valueRequired":true,"valueName":"search_term_string"}}],"inLanguage":"de"},{"@type":"Organization","@id":"https:\/\/www.huebscher.net\/ch\/#organization","name":"H\u00fcbscher Holzbau","alternateName":"H\u00fcbscher Holzbau","url":"https:\/\/www.huebscher.net\/ch\/","logo":{"@type":"ImageObject","inLanguage":"de","@id":"https:\/\/www.huebscher.net\/ch\/#\/schema\/logo\/image\/","url":"https:\/\/www.huebscher.net\/media\/huebscher_logo_def.png","contentUrl":"https:\/\/www.huebscher.net\/media\/huebscher_logo_def.png","width":220,"height":110,"caption":"H\u00fcbscher Holzbau"},"image":{"@id":"https:\/\/www.huebscher.net\/ch\/#\/schema\/logo\/image\/"},"sameAs":["http:\/\/facebook.com\/huebscher.holzbau","https:\/\/pt.linkedin.com\/organization-guest\/company\/huebscher-holzbau","https:\/\/www.instagram.com\/huebscherholzbau\/"]},{"@type":"Person","@id":"https:\/\/www.huebscher.net\/ch\/#\/schema\/person\/61797eb03cba52aa7a206f6ff3735df2","name":"H\u00fcbscher 5","image":{"@type":"ImageObject","inLanguage":"de","@id":"https:\/\/www.huebscher.net\/ch\/#\/schema\/person\/image\/","url":"https:\/\/secure.gravatar.com\/avatar\/6dc9404a18345585174fb56d6f2ad6ac?s=96&d=mm&r=g","contentUrl":"https:\/\/secure.gravatar.com\/avatar\/6dc9404a18345585174fb56d6f2ad6ac?s=96&d=mm&r=g","caption":"H\u00fcbscher 5"},"sameAs":["http:\/\/www.neublck.de"]}]}},"_links":{"self":[{"href":"https:\/\/www.huebscher.net\/de\/wp-json\/wp\/v2\/posts\/22673"}],"collection":[{"href":"https:\/\/www.huebscher.net\/de\/wp-json\/wp\/v2\/posts"}],"about":[{"href":"https:\/\/www.huebscher.net\/de\/wp-json\/wp\/v2\/types\/post"}],"author":[{"embeddable":true,"href":"https:\/\/www.huebscher.net\/de\/wp-json\/wp\/v2\/users\/6"}],"replies":[{"embeddable":true,"href":"https:\/\/www.huebscher.net\/de\/wp-json\/wp\/v2\/comments?post=22673"}],"version-history":[{"count":2,"href":"https:\/\/www.huebscher.net\/de\/wp-json\/wp\/v2\/posts\/22673\/revisions"}],"predecessor-version":[{"id":22688,"href":"https:\/\/www.huebscher.net\/de\/wp-json\/wp\/v2\/posts\/22673\/revisions\/22688"}],"wp:featuredmedia":[{"embeddable":true,"href":"https:\/\/www.huebscher.net\/de\/wp-json\/wp\/v2\/media\/22684"}],"wp:attachment":[{"href":"https:\/\/www.huebscher.net\/de\/wp-json\/wp\/v2\/media?parent=22673"}],"wp:term":[{"taxonomy":"category","embeddable":true,"href":"https:\/\/www.huebscher.net\/de\/wp-json\/wp\/v2\/categories?post=22673"},{"taxonomy":"post_tag","embeddable":true,"href":"https:\/\/www.huebscher.net\/de\/wp-json\/wp\/v2\/tags?post=22673"}],"curies":[{"name":"wp","href":"https:\/\/api.w.org\/{rel}","templated":true}]}}