{"id":19720,"date":"2026-03-12T11:30:00","date_gmt":"2026-03-12T10:30:00","guid":{"rendered":"https:\/\/www.huebscher.net\/?p=19720"},"modified":"2026-03-12T11:36:30","modified_gmt":"2026-03-12T10:36:30","slug":"gdf-vorstandssitzung-bei-huebscher-holzbau-in-beringen","status":"publish","type":"post","link":"https:\/\/www.huebscher.net\/de\/gdf-vorstandssitzung-bei-huebscher-holzbau-in-beringen\/","title":{"rendered":"GDF-Vorstandssitzung bei H\u00dcBSCHER HOLZBAU in Beringen"},"content":{"rendered":"\n<p>K\u00fcrzlich durften wir die G\u00fctegemeinschaft Deutscher Fertigbau (GDF) bei uns in Beringen zur Vorstandssitzung begr\u00fcssen. Die GDF setzt sich seit vielen Jahren f\u00fcr h\u00f6chste Qualit\u00e4tsstandards im Holzfertigbau ein. Durch unabh\u00e4ngige Kontrollen, klare Richtlinien und kontinuierlichen Wissensaustausch sorgt sie daf\u00fcr, dass Qualit\u00e4t im Fertigbau langfristig gesichert bleibt.<\/p>\n\n\n\n<p>Besonders freut uns, dass Michael H\u00fcbscher als Vorstandsmitglied aktiv an der Weiterentwicklung dieser Qualit\u00e4tsstandards mitwirkt.<\/p>\n\n\n\n<p><strong>Die Aufgaben der GDF<\/strong><\/p>\n\n\n\n<ul class=\"wp-block-list\">\n<li>Externe Qualit\u00e4ts\u00fcberwachung bei Fertigung und Montage<\/li>\n\n\n\n<li>Vergabe des anerkannten RAL-G\u00fctesiegels<\/li>\n\n\n\n<li>Sicherstellung hoher Prozess- und Bauqualit\u00e4t<\/li>\n\n\n\n<li>F\u00f6rderung von Wissenstransfer und Branchenstandards<\/li>\n<\/ul>\n\n\n\n<p><\/p>\n\n\n\n<p><strong>Vorteile f\u00fcr Bauherrinnen und Bauherren<\/strong><\/p>\n\n\n\n<ul class=\"wp-block-list\">\n<li>G\u00fcte\u00fcberwachte Bauelemente garantieren hohe Bauqualit\u00e4t<\/li>\n\n\n\n<li>Regelm\u00e4ssige unabh\u00e4ngige Kontrollen sorgen f\u00fcr Transparenz<\/li>\n\n\n\n<li>Sicherheit vom ersten Bauelement bis zur Fertigstellung<\/li>\n<\/ul>\n\n\n\n<p><\/p>\n\n\n\n<p>Wir danken der GDF f\u00fcr das Vertrauen und den wertvollen Austausch und freuen uns, gemeinsam die Weiterentwicklung des Holzfertigbaus aktiv mitzugestalten. Gemeinsam st\u00e4rken wir den Holzfertigbau \u2013 regional und international.<\/p>\n\n\n\n<figure class=\"wp-block-gallery has-nested-images columns-default is-cropped wp-block-gallery-1 is-layout-flex wp-block-gallery-is-layout-flex\">\n<figure class=\"wp-block-image size-large\"><img fetchpriority=\"high\" decoding=\"async\" width=\"864\" height=\"1080\" data-id=\"19729\" src=\"https:\/\/www.huebscher.net\/media\/10-5-864x1080.png\" alt=\"\" class=\"wp-image-19729\" srcset=\"https:\/\/www.huebscher.net\/media\/10-5-864x1080.png 864w, https:\/\/www.huebscher.net\/media\/10-5-576x720.png 576w, https:\/\/www.huebscher.net\/media\/10-5-768x960.png 768w, https:\/\/www.huebscher.net\/media\/10-5-350x438.png 350w, https:\/\/www.huebscher.net\/media\/10-5.png 1080w\" sizes=\"(max-width: 864px) 100vw, 864px\" \/><\/figure>\n\n\n\n<figure class=\"wp-block-image size-large\"><img decoding=\"async\" width=\"864\" height=\"1080\" data-id=\"19723\" src=\"https:\/\/www.huebscher.net\/media\/4-12-864x1080.png\" alt=\"\" class=\"wp-image-19723\" srcset=\"https:\/\/www.huebscher.net\/media\/4-12-864x1080.png 864w, https:\/\/www.huebscher.net\/media\/4-12-576x720.png 576w, https:\/\/www.huebscher.net\/media\/4-12-768x960.png 768w, https:\/\/www.huebscher.net\/media\/4-12-350x438.png 350w, https:\/\/www.huebscher.net\/media\/4-12.png 1080w\" sizes=\"(max-width: 864px) 100vw, 864px\" \/><\/figure>\n<\/figure>\n\n\n\n<figure class=\"wp-block-gallery has-nested-images columns-default is-cropped wp-block-gallery-2 is-layout-flex wp-block-gallery-is-layout-flex\">\n<figure class=\"wp-block-image size-large\"><img decoding=\"async\" width=\"864\" height=\"1080\" data-id=\"19725\" src=\"https:\/\/www.huebscher.net\/media\/6-5-864x1080.png\" alt=\"\" class=\"wp-image-19725\" srcset=\"https:\/\/www.huebscher.net\/media\/6-5-864x1080.png 864w, https:\/\/www.huebscher.net\/media\/6-5-576x720.png 576w, https:\/\/www.huebscher.net\/media\/6-5-768x960.png 768w, https:\/\/www.huebscher.net\/media\/6-5-350x438.png 350w, https:\/\/www.huebscher.net\/media\/6-5.png 1080w\" sizes=\"(max-width: 864px) 100vw, 864px\" \/><\/figure>\n\n\n\n<figure class=\"wp-block-image size-large\"><img loading=\"lazy\" decoding=\"async\" width=\"864\" height=\"1080\" data-id=\"19727\" src=\"https:\/\/www.huebscher.net\/media\/8-5-864x1080.png\" alt=\"\" class=\"wp-image-19727\" srcset=\"https:\/\/www.huebscher.net\/media\/8-5-864x1080.png 864w, https:\/\/www.huebscher.net\/media\/8-5-576x720.png 576w, https:\/\/www.huebscher.net\/media\/8-5-768x960.png 768w, https:\/\/www.huebscher.net\/media\/8-5-350x438.png 350w, https:\/\/www.huebscher.net\/media\/8-5.png 1080w\" sizes=\"(max-width: 864px) 100vw, 864px\" \/><\/figure>\n<\/figure>\n","protected":false},"excerpt":{"rendered":"<p>K\u00fcrzlich durften wir die G\u00fctegemeinschaft Deutscher Fertigbau (GDF) bei uns in Beringen zur Vorstandssitzung begr\u00fcssen. Die GDF setzt sich seit vielen Jahren f\u00fcr h\u00f6chste Qualit\u00e4tsstandards im Holzfertigbau ein. Durch unabh\u00e4ngige Kontrollen, klare Richtlinien und kontinuierlichen Wissensaustausch sorgt sie daf\u00fcr, dass Qualit\u00e4t im Fertigbau langfristig gesichert bleibt. Besonders freut uns, dass Michael H\u00fcbscher als Vorstandsmitglied aktiv&hellip;<\/p>\n","protected":false},"author":6,"featured_media":19731,"comment_status":"closed","ping_status":"closed","sticky":false,"template":"","format":"standard","meta":{"_acf_changed":false,"_monsterinsights_skip_tracking":false,"_monsterinsights_sitenote_active":false,"_monsterinsights_sitenote_note":"","_monsterinsights_sitenote_category":0,"_genesis_hide_title":false,"_genesis_hide_breadcrumbs":false,"_genesis_hide_singular_image":false,"_genesis_hide_footer_widgets":false,"_genesis_custom_body_class":"","_genesis_custom_post_class":"","_genesis_layout":"","footnotes":""},"categories":[151,39,150],"tags":[],"class_list":{"0":"post-19720","1":"post","2":"type-post","3":"status-publish","4":"format-standard","5":"has-post-thumbnail","7":"category-aktuell","8":"category-news","9":"category-news-2","10":"entry"},"acf":[],"yoast_head":"<!-- This site is optimized with the Yoast SEO Premium plugin v25.2 (Yoast SEO v25.2) - https:\/\/yoast.com\/wordpress\/plugins\/seo\/ -->\n<title>GDF-Vorstandssitzung bei H\u00dcBSCHER HOLZBAU in Beringen - H\u00dcBSCHER HOLZBAU<\/title>\n<meta name=\"robots\" content=\"index, follow, max-snippet:-1, max-image-preview:large, max-video-preview:-1\" \/>\n<link rel=\"canonical\" href=\"https:\/\/www.huebscher.net\/ch\/gdf-vorstandssitzung-bei-huebscher-holzbau-in-beringen\/\" \/>\n<meta property=\"og:locale\" content=\"de_DE\" \/>\n<meta property=\"og:type\" content=\"article\" \/>\n<meta property=\"og:title\" content=\"GDF-Vorstandssitzung bei H\u00dcBSCHER HOLZBAU in Beringen\" \/>\n<meta property=\"og:description\" content=\"K\u00fcrzlich durften wir die G\u00fctegemeinschaft Deutscher Fertigbau (GDF) bei uns in Beringen zur Vorstandssitzung begr\u00fcssen. Die GDF setzt sich seit vielen Jahren f\u00fcr h\u00f6chste Qualit\u00e4tsstandards im Holzfertigbau ein. Durch unabh\u00e4ngige Kontrollen, klare Richtlinien und kontinuierlichen Wissensaustausch sorgt sie daf\u00fcr, dass Qualit\u00e4t im Fertigbau langfristig gesichert bleibt. Besonders freut uns, dass Michael H\u00fcbscher als Vorstandsmitglied aktiv&hellip;\" \/>\n<meta property=\"og:url\" content=\"https:\/\/www.huebscher.net\/ch\/gdf-vorstandssitzung-bei-huebscher-holzbau-in-beringen\/\" \/>\n<meta property=\"og:site_name\" content=\"H\u00dcBSCHER HOLZBAU\" \/>\n<meta property=\"article:publisher\" content=\"http:\/\/facebook.com\/huebscher.holzbau\" \/>\n<meta property=\"article:published_time\" content=\"2026-03-12T10:30:00+00:00\" \/>\n<meta property=\"article:modified_time\" content=\"2026-03-12T10:36:30+00:00\" \/>\n<meta property=\"og:image\" content=\"https:\/\/www.huebscher.net\/media\/2603_HUeB_Homepage_Vorstandssitzung.jpg\" \/>\n\t<meta property=\"og:image:width\" content=\"1748\" \/>\n\t<meta property=\"og:image:height\" content=\"945\" \/>\n\t<meta property=\"og:image:type\" content=\"image\/jpeg\" \/>\n<meta name=\"author\" content=\"H\u00fcbscher 5\" \/>\n<meta name=\"twitter:card\" content=\"summary_large_image\" \/>\n<meta name=\"twitter:label1\" content=\"Verfasst von\" \/>\n\t<meta name=\"twitter:data1\" content=\"H\u00fcbscher 5\" \/>\n\t<meta name=\"twitter:label2\" content=\"Gesch\u00e4tzte Lesezeit\" \/>\n\t<meta name=\"twitter:data2\" content=\"2\u00a0Minuten\" \/>\n<script type=\"application\/ld+json\" class=\"yoast-schema-graph\">{\"@context\":\"https:\/\/schema.org\",\"@graph\":[{\"@type\":\"Article\",\"@id\":\"https:\/\/www.huebscher.net\/ch\/gdf-vorstandssitzung-bei-huebscher-holzbau-in-beringen\/#article\",\"isPartOf\":{\"@id\":\"https:\/\/www.huebscher.net\/ch\/gdf-vorstandssitzung-bei-huebscher-holzbau-in-beringen\/\"},\"author\":{\"name\":\"H\u00fcbscher 5\",\"@id\":\"https:\/\/www.huebscher.net\/ch\/#\/schema\/person\/61797eb03cba52aa7a206f6ff3735df2\"},\"headline\":\"GDF-Vorstandssitzung bei H\u00dcBSCHER HOLZBAU in Beringen\",\"datePublished\":\"2026-03-12T10:30:00+00:00\",\"dateModified\":\"2026-03-12T10:36:30+00:00\",\"mainEntityOfPage\":{\"@id\":\"https:\/\/www.huebscher.net\/ch\/gdf-vorstandssitzung-bei-huebscher-holzbau-in-beringen\/\"},\"wordCount\":169,\"publisher\":{\"@id\":\"https:\/\/www.huebscher.net\/ch\/#organization\"},\"image\":{\"@id\":\"https:\/\/www.huebscher.net\/ch\/gdf-vorstandssitzung-bei-huebscher-holzbau-in-beringen\/#primaryimage\"},\"thumbnailUrl\":\"https:\/\/www.huebscher.net\/media\/2603_HUeB_Homepage_Vorstandssitzung.jpg\",\"articleSection\":[\"Aktuell\",\"News\",\"News\"],\"inLanguage\":\"de\"},{\"@type\":\"WebPage\",\"@id\":\"https:\/\/www.huebscher.net\/ch\/gdf-vorstandssitzung-bei-huebscher-holzbau-in-beringen\/\",\"url\":\"https:\/\/www.huebscher.net\/ch\/gdf-vorstandssitzung-bei-huebscher-holzbau-in-beringen\/\",\"name\":\"GDF-Vorstandssitzung bei H\u00dcBSCHER HOLZBAU in Beringen - H\u00dcBSCHER HOLZBAU\",\"isPartOf\":{\"@id\":\"https:\/\/www.huebscher.net\/ch\/#website\"},\"primaryImageOfPage\":{\"@id\":\"https:\/\/www.huebscher.net\/ch\/gdf-vorstandssitzung-bei-huebscher-holzbau-in-beringen\/#primaryimage\"},\"image\":{\"@id\":\"https:\/\/www.huebscher.net\/ch\/gdf-vorstandssitzung-bei-huebscher-holzbau-in-beringen\/#primaryimage\"},\"thumbnailUrl\":\"https:\/\/www.huebscher.net\/media\/2603_HUeB_Homepage_Vorstandssitzung.jpg\",\"datePublished\":\"2026-03-12T10:30:00+00:00\",\"dateModified\":\"2026-03-12T10:36:30+00:00\",\"breadcrumb\":{\"@id\":\"https:\/\/www.huebscher.net\/ch\/gdf-vorstandssitzung-bei-huebscher-holzbau-in-beringen\/#breadcrumb\"},\"inLanguage\":\"de\",\"potentialAction\":[{\"@type\":\"ReadAction\",\"target\":[\"https:\/\/www.huebscher.net\/ch\/gdf-vorstandssitzung-bei-huebscher-holzbau-in-beringen\/\"]}]},{\"@type\":\"ImageObject\",\"inLanguage\":\"de\",\"@id\":\"https:\/\/www.huebscher.net\/ch\/gdf-vorstandssitzung-bei-huebscher-holzbau-in-beringen\/#primaryimage\",\"url\":\"https:\/\/www.huebscher.net\/media\/2603_HUeB_Homepage_Vorstandssitzung.jpg\",\"contentUrl\":\"https:\/\/www.huebscher.net\/media\/2603_HUeB_Homepage_Vorstandssitzung.jpg\",\"width\":1748,\"height\":945},{\"@type\":\"BreadcrumbList\",\"@id\":\"https:\/\/www.huebscher.net\/ch\/gdf-vorstandssitzung-bei-huebscher-holzbau-in-beringen\/#breadcrumb\",\"itemListElement\":[{\"@type\":\"ListItem\",\"position\":1,\"name\":\"Home\",\"item\":\"https:\/\/www.huebscher.net\/de\/\"},{\"@type\":\"ListItem\",\"position\":2,\"name\":\"GDF-Vorstandssitzung bei H\u00dcBSCHER HOLZBAU in Beringen\"}]},{\"@type\":\"WebSite\",\"@id\":\"https:\/\/www.huebscher.net\/ch\/#website\",\"url\":\"https:\/\/www.huebscher.net\/ch\/\",\"name\":\"H\u00fcbscher Holzbau\",\"description\":\"H\u00fcbscher Holzbau AG\",\"publisher\":{\"@id\":\"https:\/\/www.huebscher.net\/ch\/#organization\"},\"alternateName\":\"H\u00fcbscher Holzbau\",\"potentialAction\":[{\"@type\":\"SearchAction\",\"target\":{\"@type\":\"EntryPoint\",\"urlTemplate\":\"https:\/\/www.huebscher.net\/ch\/?s={search_term_string}\"},\"query-input\":{\"@type\":\"PropertyValueSpecification\",\"valueRequired\":true,\"valueName\":\"search_term_string\"}}],\"inLanguage\":\"de\"},{\"@type\":\"Organization\",\"@id\":\"https:\/\/www.huebscher.net\/ch\/#organization\",\"name\":\"H\u00fcbscher Holzbau\",\"alternateName\":\"H\u00fcbscher Holzbau\",\"url\":\"https:\/\/www.huebscher.net\/ch\/\",\"logo\":{\"@type\":\"ImageObject\",\"inLanguage\":\"de\",\"@id\":\"https:\/\/www.huebscher.net\/ch\/#\/schema\/logo\/image\/\",\"url\":\"https:\/\/www.huebscher.net\/media\/huebscher_logo_def.png\",\"contentUrl\":\"https:\/\/www.huebscher.net\/media\/huebscher_logo_def.png\",\"width\":220,\"height\":110,\"caption\":\"H\u00fcbscher Holzbau\"},\"image\":{\"@id\":\"https:\/\/www.huebscher.net\/ch\/#\/schema\/logo\/image\/\"},\"sameAs\":[\"http:\/\/facebook.com\/huebscher.holzbau\",\"https:\/\/pt.linkedin.com\/organization-guest\/company\/huebscher-holzbau\",\"https:\/\/www.instagram.com\/huebscherholzbau\/\"]},{\"@type\":\"Person\",\"@id\":\"https:\/\/www.huebscher.net\/ch\/#\/schema\/person\/61797eb03cba52aa7a206f6ff3735df2\",\"name\":\"H\u00fcbscher 5\",\"image\":{\"@type\":\"ImageObject\",\"inLanguage\":\"de\",\"@id\":\"https:\/\/www.huebscher.net\/ch\/#\/schema\/person\/image\/\",\"url\":\"https:\/\/secure.gravatar.com\/avatar\/6dc9404a18345585174fb56d6f2ad6ac?s=96&d=mm&r=g\",\"contentUrl\":\"https:\/\/secure.gravatar.com\/avatar\/6dc9404a18345585174fb56d6f2ad6ac?s=96&d=mm&r=g\",\"caption\":\"H\u00fcbscher 5\"},\"sameAs\":[\"http:\/\/www.neublck.de\"]}]}<\/script>\n<!-- \/ Yoast SEO Premium plugin. -->","yoast_head_json":{"title":"GDF-Vorstandssitzung bei H\u00dcBSCHER HOLZBAU in Beringen - H\u00dcBSCHER HOLZBAU","robots":{"index":"index","follow":"follow","max-snippet":"max-snippet:-1","max-image-preview":"max-image-preview:large","max-video-preview":"max-video-preview:-1"},"canonical":"https:\/\/www.huebscher.net\/ch\/gdf-vorstandssitzung-bei-huebscher-holzbau-in-beringen\/","og_locale":"de_DE","og_type":"article","og_title":"GDF-Vorstandssitzung bei H\u00dcBSCHER HOLZBAU in Beringen","og_description":"K\u00fcrzlich durften wir die G\u00fctegemeinschaft Deutscher Fertigbau (GDF) bei uns in Beringen zur Vorstandssitzung begr\u00fcssen. Die GDF setzt sich seit vielen Jahren f\u00fcr h\u00f6chste Qualit\u00e4tsstandards im Holzfertigbau ein. Durch unabh\u00e4ngige Kontrollen, klare Richtlinien und kontinuierlichen Wissensaustausch sorgt sie daf\u00fcr, dass Qualit\u00e4t im Fertigbau langfristig gesichert bleibt. Besonders freut uns, dass Michael H\u00fcbscher als Vorstandsmitglied aktiv&hellip;","og_url":"https:\/\/www.huebscher.net\/ch\/gdf-vorstandssitzung-bei-huebscher-holzbau-in-beringen\/","og_site_name":"H\u00dcBSCHER HOLZBAU","article_publisher":"http:\/\/facebook.com\/huebscher.holzbau","article_published_time":"2026-03-12T10:30:00+00:00","article_modified_time":"2026-03-12T10:36:30+00:00","og_image":[{"width":1748,"height":945,"url":"https:\/\/www.huebscher.net\/media\/2603_HUeB_Homepage_Vorstandssitzung.jpg","type":"image\/jpeg"}],"author":"H\u00fcbscher 5","twitter_card":"summary_large_image","twitter_misc":{"Verfasst von":"H\u00fcbscher 5","Gesch\u00e4tzte Lesezeit":"2\u00a0Minuten"},"schema":{"@context":"https:\/\/schema.org","@graph":[{"@type":"Article","@id":"https:\/\/www.huebscher.net\/ch\/gdf-vorstandssitzung-bei-huebscher-holzbau-in-beringen\/#article","isPartOf":{"@id":"https:\/\/www.huebscher.net\/ch\/gdf-vorstandssitzung-bei-huebscher-holzbau-in-beringen\/"},"author":{"name":"H\u00fcbscher 5","@id":"https:\/\/www.huebscher.net\/ch\/#\/schema\/person\/61797eb03cba52aa7a206f6ff3735df2"},"headline":"GDF-Vorstandssitzung bei H\u00dcBSCHER HOLZBAU in Beringen","datePublished":"2026-03-12T10:30:00+00:00","dateModified":"2026-03-12T10:36:30+00:00","mainEntityOfPage":{"@id":"https:\/\/www.huebscher.net\/ch\/gdf-vorstandssitzung-bei-huebscher-holzbau-in-beringen\/"},"wordCount":169,"publisher":{"@id":"https:\/\/www.huebscher.net\/ch\/#organization"},"image":{"@id":"https:\/\/www.huebscher.net\/ch\/gdf-vorstandssitzung-bei-huebscher-holzbau-in-beringen\/#primaryimage"},"thumbnailUrl":"https:\/\/www.huebscher.net\/media\/2603_HUeB_Homepage_Vorstandssitzung.jpg","articleSection":["Aktuell","News","News"],"inLanguage":"de"},{"@type":"WebPage","@id":"https:\/\/www.huebscher.net\/ch\/gdf-vorstandssitzung-bei-huebscher-holzbau-in-beringen\/","url":"https:\/\/www.huebscher.net\/ch\/gdf-vorstandssitzung-bei-huebscher-holzbau-in-beringen\/","name":"GDF-Vorstandssitzung bei H\u00dcBSCHER HOLZBAU in Beringen - H\u00dcBSCHER HOLZBAU","isPartOf":{"@id":"https:\/\/www.huebscher.net\/ch\/#website"},"primaryImageOfPage":{"@id":"https:\/\/www.huebscher.net\/ch\/gdf-vorstandssitzung-bei-huebscher-holzbau-in-beringen\/#primaryimage"},"image":{"@id":"https:\/\/www.huebscher.net\/ch\/gdf-vorstandssitzung-bei-huebscher-holzbau-in-beringen\/#primaryimage"},"thumbnailUrl":"https:\/\/www.huebscher.net\/media\/2603_HUeB_Homepage_Vorstandssitzung.jpg","datePublished":"2026-03-12T10:30:00+00:00","dateModified":"2026-03-12T10:36:30+00:00","breadcrumb":{"@id":"https:\/\/www.huebscher.net\/ch\/gdf-vorstandssitzung-bei-huebscher-holzbau-in-beringen\/#breadcrumb"},"inLanguage":"de","potentialAction":[{"@type":"ReadAction","target":["https:\/\/www.huebscher.net\/ch\/gdf-vorstandssitzung-bei-huebscher-holzbau-in-beringen\/"]}]},{"@type":"ImageObject","inLanguage":"de","@id":"https:\/\/www.huebscher.net\/ch\/gdf-vorstandssitzung-bei-huebscher-holzbau-in-beringen\/#primaryimage","url":"https:\/\/www.huebscher.net\/media\/2603_HUeB_Homepage_Vorstandssitzung.jpg","contentUrl":"https:\/\/www.huebscher.net\/media\/2603_HUeB_Homepage_Vorstandssitzung.jpg","width":1748,"height":945},{"@type":"BreadcrumbList","@id":"https:\/\/www.huebscher.net\/ch\/gdf-vorstandssitzung-bei-huebscher-holzbau-in-beringen\/#breadcrumb","itemListElement":[{"@type":"ListItem","position":1,"name":"Home","item":"https:\/\/www.huebscher.net\/de\/"},{"@type":"ListItem","position":2,"name":"GDF-Vorstandssitzung bei H\u00dcBSCHER HOLZBAU in Beringen"}]},{"@type":"WebSite","@id":"https:\/\/www.huebscher.net\/ch\/#website","url":"https:\/\/www.huebscher.net\/ch\/","name":"H\u00fcbscher Holzbau","description":"H\u00fcbscher Holzbau AG","publisher":{"@id":"https:\/\/www.huebscher.net\/ch\/#organization"},"alternateName":"H\u00fcbscher Holzbau","potentialAction":[{"@type":"SearchAction","target":{"@type":"EntryPoint","urlTemplate":"https:\/\/www.huebscher.net\/ch\/?s={search_term_string}"},"query-input":{"@type":"PropertyValueSpecification","valueRequired":true,"valueName":"search_term_string"}}],"inLanguage":"de"},{"@type":"Organization","@id":"https:\/\/www.huebscher.net\/ch\/#organization","name":"H\u00fcbscher Holzbau","alternateName":"H\u00fcbscher Holzbau","url":"https:\/\/www.huebscher.net\/ch\/","logo":{"@type":"ImageObject","inLanguage":"de","@id":"https:\/\/www.huebscher.net\/ch\/#\/schema\/logo\/image\/","url":"https:\/\/www.huebscher.net\/media\/huebscher_logo_def.png","contentUrl":"https:\/\/www.huebscher.net\/media\/huebscher_logo_def.png","width":220,"height":110,"caption":"H\u00fcbscher Holzbau"},"image":{"@id":"https:\/\/www.huebscher.net\/ch\/#\/schema\/logo\/image\/"},"sameAs":["http:\/\/facebook.com\/huebscher.holzbau","https:\/\/pt.linkedin.com\/organization-guest\/company\/huebscher-holzbau","https:\/\/www.instagram.com\/huebscherholzbau\/"]},{"@type":"Person","@id":"https:\/\/www.huebscher.net\/ch\/#\/schema\/person\/61797eb03cba52aa7a206f6ff3735df2","name":"H\u00fcbscher 5","image":{"@type":"ImageObject","inLanguage":"de","@id":"https:\/\/www.huebscher.net\/ch\/#\/schema\/person\/image\/","url":"https:\/\/secure.gravatar.com\/avatar\/6dc9404a18345585174fb56d6f2ad6ac?s=96&d=mm&r=g","contentUrl":"https:\/\/secure.gravatar.com\/avatar\/6dc9404a18345585174fb56d6f2ad6ac?s=96&d=mm&r=g","caption":"H\u00fcbscher 5"},"sameAs":["http:\/\/www.neublck.de"]}]}},"_links":{"self":[{"href":"https:\/\/www.huebscher.net\/de\/wp-json\/wp\/v2\/posts\/19720"}],"collection":[{"href":"https:\/\/www.huebscher.net\/de\/wp-json\/wp\/v2\/posts"}],"about":[{"href":"https:\/\/www.huebscher.net\/de\/wp-json\/wp\/v2\/types\/post"}],"author":[{"embeddable":true,"href":"https:\/\/www.huebscher.net\/de\/wp-json\/wp\/v2\/users\/6"}],"replies":[{"embeddable":true,"href":"https:\/\/www.huebscher.net\/de\/wp-json\/wp\/v2\/comments?post=19720"}],"version-history":[{"count":5,"href":"https:\/\/www.huebscher.net\/de\/wp-json\/wp\/v2\/posts\/19720\/revisions"}],"predecessor-version":[{"id":19739,"href":"https:\/\/www.huebscher.net\/de\/wp-json\/wp\/v2\/posts\/19720\/revisions\/19739"}],"wp:featuredmedia":[{"embeddable":true,"href":"https:\/\/www.huebscher.net\/de\/wp-json\/wp\/v2\/media\/19731"}],"wp:attachment":[{"href":"https:\/\/www.huebscher.net\/de\/wp-json\/wp\/v2\/media?parent=19720"}],"wp:term":[{"taxonomy":"category","embeddable":true,"href":"https:\/\/www.huebscher.net\/de\/wp-json\/wp\/v2\/categories?post=19720"},{"taxonomy":"post_tag","embeddable":true,"href":"https:\/\/www.huebscher.net\/de\/wp-json\/wp\/v2\/tags?post=19720"}],"curies":[{"name":"wp","href":"https:\/\/api.w.org\/{rel}","templated":true}]}}