{"id":18842,"date":"2025-12-22T13:57:27","date_gmt":"2025-12-22T12:57:27","guid":{"rendered":"https:\/\/www.huebscher.net\/?p=18842"},"modified":"2025-12-22T13:57:29","modified_gmt":"2025-12-22T12:57:29","slug":"ein-abend-der-verbindet-unsere-weihnachtsfeier-2025","status":"publish","type":"post","link":"https:\/\/www.huebscher.net\/de\/ein-abend-der-verbindet-unsere-weihnachtsfeier-2025\/","title":{"rendered":"Ein Abend, der verbindet: Unsere Weihnachtsfeier 2025"},"content":{"rendered":"\n<p>Was f\u00fcr ein sch\u00f6ner Jahresabschluss bei H\u00dcBSCHER Holzbau! Unsere Weihnachtsfeier 2025 war gepr\u00e4gt von guter Stimmung, echtem Teamspirit und vielen besonderen Momenten.<\/p>\n\n\n\n<p>Im weihnachtlichen Ambiente des Leu Event Catering in Thayngen durften wir gemeinsam das Jahr ausklingen lassen. Schon beim Ap\u00e9ro war die Atmosph\u00e4re locker und herzlich, bevor wir bei einem feinen 3-G\u00e4nge-Men\u00fc kulinarisch verw\u00f6hnt wurden.<\/p>\n\n\n\n<p>Ein echtes Highlight war unser XXL-T\u00f6ggelikasten \u2013 hier wurde gespielt, gelacht und mitgefiebert. Auch das traditionelle Bingo durfte nat\u00fcrlich nicht fehlen und sorgte mit kleinen \u00dcberraschungen f\u00fcr Spannung und viele lachende Gesichter.<\/p>\n\n\n\n<p>Zwischendurch blickten wir gemeinsam auf besondere Projekte zur\u00fcck, die wir 2025 realisieren durften. Dieser Moment machte einmal mehr deutlich, was m\u00f6glich ist, wenn man als Team zusammenarbeitet.<\/p>\n\n\n\n<p>Als Dankesch\u00f6n f\u00fcr den grossartigen Einsatz erhielt jedes Teammitglied eine personalisierte, warme Winterjacke \u2013 ein kleines Zeichen mit grosser Bedeutung: Sch\u00f6n, dass ihr Teil unseres Teams seid.<\/p>\n\n\n\n<p>Wir freuen uns auf ein neues Jahr voller gemeinsamer Erfolge, Zusammenhalt und Lebensqualit\u00e4t und w\u00fcnschen allen frohe Weihnachtsfeiertage. \ud83d\udc9a<\/p>\n\n\n\n<div class=\"wp-block-columns is-layout-flex wp-container-core-columns-is-layout-1 wp-block-columns-is-layout-flex\">\n<div class=\"wp-block-column is-layout-flow wp-block-column-is-layout-flow\">\n<figure class=\"wp-block-image size-large\"><img fetchpriority=\"high\" decoding=\"async\" width=\"719\" height=\"1080\" src=\"https:\/\/www.huebscher.net\/media\/DSC_0678-719x1080.jpg\" alt=\"\" class=\"wp-image-18845\" srcset=\"https:\/\/www.huebscher.net\/media\/DSC_0678-719x1080.jpg 719w, https:\/\/www.huebscher.net\/media\/DSC_0678-479x720.jpg 479w, https:\/\/www.huebscher.net\/media\/DSC_0678-768x1154.jpg 768w, https:\/\/www.huebscher.net\/media\/DSC_0678-1022x1536.jpg 1022w, https:\/\/www.huebscher.net\/media\/DSC_0678-1363x2048.jpg 1363w, https:\/\/www.huebscher.net\/media\/DSC_0678-350x526.jpg 350w, https:\/\/www.huebscher.net\/media\/DSC_0678-scaled.jpg 1703w\" sizes=\"(max-width: 719px) 100vw, 719px\" \/><\/figure>\n<\/div>\n\n\n\n<div class=\"wp-block-column is-layout-flow wp-block-column-is-layout-flow\">\n<figure class=\"wp-block-image size-large\"><img decoding=\"async\" width=\"1623\" height=\"1080\" src=\"https:\/\/www.huebscher.net\/media\/DSC_0714-1623x1080.jpg\" alt=\"\" class=\"wp-image-18847\" style=\"aspect-ratio:2\/3;object-fit:cover\" srcset=\"https:\/\/www.huebscher.net\/media\/DSC_0714-1623x1080.jpg 1623w, https:\/\/www.huebscher.net\/media\/DSC_0714-1082x720.jpg 1082w, https:\/\/www.huebscher.net\/media\/DSC_0714-768x511.jpg 768w, https:\/\/www.huebscher.net\/media\/DSC_0714-1536x1022.jpg 1536w, https:\/\/www.huebscher.net\/media\/DSC_0714-2048x1363.jpg 2048w, https:\/\/www.huebscher.net\/media\/DSC_0714-150x100.jpg 150w, https:\/\/www.huebscher.net\/media\/DSC_0714-350x233.jpg 350w\" sizes=\"(max-width: 1623px) 100vw, 1623px\" \/><\/figure>\n<\/div>\n\n\n\n<div class=\"wp-block-column is-layout-flow wp-block-column-is-layout-flow\">\n<figure class=\"wp-block-image size-large\"><img decoding=\"async\" width=\"719\" height=\"1080\" src=\"https:\/\/www.huebscher.net\/media\/DSC_0787-719x1080.jpg\" alt=\"\" class=\"wp-image-18849\" srcset=\"https:\/\/www.huebscher.net\/media\/DSC_0787-719x1080.jpg 719w, https:\/\/www.huebscher.net\/media\/DSC_0787-479x720.jpg 479w, https:\/\/www.huebscher.net\/media\/DSC_0787-768x1154.jpg 768w, https:\/\/www.huebscher.net\/media\/DSC_0787-1022x1536.jpg 1022w, https:\/\/www.huebscher.net\/media\/DSC_0787-1363x2048.jpg 1363w, https:\/\/www.huebscher.net\/media\/DSC_0787-350x526.jpg 350w, https:\/\/www.huebscher.net\/media\/DSC_0787-scaled.jpg 1703w\" sizes=\"(max-width: 719px) 100vw, 719px\" \/><\/figure>\n<\/div>\n<\/div>\n\n\n\n<div class=\"wp-block-columns is-layout-flex wp-container-core-columns-is-layout-2 wp-block-columns-is-layout-flex\">\n<div class=\"wp-block-column is-layout-flow wp-block-column-is-layout-flow\">\n<figure class=\"wp-block-image size-large\"><img loading=\"lazy\" decoding=\"async\" width=\"719\" height=\"1080\" src=\"https:\/\/www.huebscher.net\/media\/DSC_0768-1-719x1080.jpg\" alt=\"\" class=\"wp-image-18851\" srcset=\"https:\/\/www.huebscher.net\/media\/DSC_0768-1-719x1080.jpg 719w, https:\/\/www.huebscher.net\/media\/DSC_0768-1-479x720.jpg 479w, https:\/\/www.huebscher.net\/media\/DSC_0768-1-768x1154.jpg 768w, https:\/\/www.huebscher.net\/media\/DSC_0768-1-1022x1536.jpg 1022w, https:\/\/www.huebscher.net\/media\/DSC_0768-1-1363x2048.jpg 1363w, https:\/\/www.huebscher.net\/media\/DSC_0768-1-350x526.jpg 350w, https:\/\/www.huebscher.net\/media\/DSC_0768-1-scaled.jpg 1703w\" sizes=\"(max-width: 719px) 100vw, 719px\" \/><\/figure>\n<\/div>\n\n\n\n<div class=\"wp-block-column is-layout-flow wp-block-column-is-layout-flow\">\n<figure class=\"wp-block-image size-large\"><img loading=\"lazy\" decoding=\"async\" width=\"719\" height=\"1080\" src=\"https:\/\/www.huebscher.net\/media\/DSC_0757-719x1080.jpg\" alt=\"\" class=\"wp-image-18853\" srcset=\"https:\/\/www.huebscher.net\/media\/DSC_0757-719x1080.jpg 719w, https:\/\/www.huebscher.net\/media\/DSC_0757-479x720.jpg 479w, https:\/\/www.huebscher.net\/media\/DSC_0757-768x1154.jpg 768w, https:\/\/www.huebscher.net\/media\/DSC_0757-1022x1536.jpg 1022w, https:\/\/www.huebscher.net\/media\/DSC_0757-1363x2048.jpg 1363w, https:\/\/www.huebscher.net\/media\/DSC_0757-350x526.jpg 350w, https:\/\/www.huebscher.net\/media\/DSC_0757-scaled.jpg 1703w\" sizes=\"(max-width: 719px) 100vw, 719px\" \/><\/figure>\n<\/div>\n<\/div>\n\n\n\n<p><\/p>\n","protected":false},"excerpt":{"rendered":"<p>Was f\u00fcr ein sch\u00f6ner Jahresabschluss bei H\u00dcBSCHER Holzbau! Unsere Weihnachtsfeier 2025 war gepr\u00e4gt von guter Stimmung, echtem Teamspirit und vielen besonderen Momenten. Im weihnachtlichen Ambiente des Leu Event Catering in Thayngen durften wir gemeinsam das Jahr ausklingen lassen. Schon beim Ap\u00e9ro war die Atmosph\u00e4re locker und herzlich, bevor wir bei einem feinen 3-G\u00e4nge-Men\u00fc kulinarisch verw\u00f6hnt&hellip;<\/p>\n","protected":false},"author":6,"featured_media":18843,"comment_status":"closed","ping_status":"closed","sticky":false,"template":"","format":"standard","meta":{"_acf_changed":false,"_monsterinsights_skip_tracking":false,"_monsterinsights_sitenote_active":false,"_monsterinsights_sitenote_note":"","_monsterinsights_sitenote_category":0,"_genesis_hide_title":false,"_genesis_hide_breadcrumbs":false,"_genesis_hide_singular_image":false,"_genesis_hide_footer_widgets":false,"_genesis_custom_body_class":"","_genesis_custom_post_class":"","_genesis_layout":"","footnotes":""},"categories":[84,39],"tags":[],"class_list":{"0":"post-18842","1":"post","2":"type-post","3":"status-publish","4":"format-standard","5":"has-post-thumbnail","7":"category-unternehmen","8":"category-news","9":"entry"},"acf":[],"yoast_head":"<!-- This site is optimized with the Yoast SEO Premium plugin v25.2 (Yoast SEO v25.2) - https:\/\/yoast.com\/wordpress\/plugins\/seo\/ -->\n<title>Ein Abend, der verbindet: Unsere Weihnachtsfeier 2025 - H\u00dcBSCHER HOLZBAU<\/title>\n<meta name=\"robots\" content=\"index, follow, max-snippet:-1, max-image-preview:large, max-video-preview:-1\" \/>\n<link rel=\"canonical\" href=\"https:\/\/www.huebscher.net\/ch\/ein-abend-der-verbindet-unsere-weihnachtsfeier-2025\/\" \/>\n<meta property=\"og:locale\" content=\"de_DE\" \/>\n<meta property=\"og:type\" content=\"article\" \/>\n<meta property=\"og:title\" content=\"Ein Abend, der verbindet: Unsere Weihnachtsfeier 2025\" \/>\n<meta property=\"og:description\" content=\"Was f\u00fcr ein sch\u00f6ner Jahresabschluss bei H\u00dcBSCHER Holzbau! Unsere Weihnachtsfeier 2025 war gepr\u00e4gt von guter Stimmung, echtem Teamspirit und vielen besonderen Momenten. Im weihnachtlichen Ambiente des Leu Event Catering in Thayngen durften wir gemeinsam das Jahr ausklingen lassen. Schon beim Ap\u00e9ro war die Atmosph\u00e4re locker und herzlich, bevor wir bei einem feinen 3-G\u00e4nge-Men\u00fc kulinarisch verw\u00f6hnt&hellip;\" \/>\n<meta property=\"og:url\" content=\"https:\/\/www.huebscher.net\/ch\/ein-abend-der-verbindet-unsere-weihnachtsfeier-2025\/\" \/>\n<meta property=\"og:site_name\" content=\"H\u00dcBSCHER HOLZBAU\" \/>\n<meta property=\"article:publisher\" content=\"http:\/\/facebook.com\/huebscher.holzbau\" \/>\n<meta property=\"article:published_time\" content=\"2025-12-22T12:57:27+00:00\" \/>\n<meta property=\"article:modified_time\" content=\"2025-12-22T12:57:29+00:00\" \/>\n<meta property=\"og:image\" content=\"https:\/\/www.huebscher.net\/media\/2512_HUeB_Homepage_Cover_Samichlaus.png\" \/>\n\t<meta property=\"og:image:width\" content=\"1748\" \/>\n\t<meta property=\"og:image:height\" content=\"945\" \/>\n\t<meta property=\"og:image:type\" content=\"image\/png\" \/>\n<meta name=\"author\" content=\"H\u00fcbscher 5\" \/>\n<meta name=\"twitter:card\" content=\"summary_large_image\" \/>\n<meta name=\"twitter:label1\" content=\"Verfasst von\" \/>\n\t<meta name=\"twitter:data1\" content=\"H\u00fcbscher 5\" \/>\n\t<meta name=\"twitter:label2\" content=\"Gesch\u00e4tzte Lesezeit\" \/>\n\t<meta name=\"twitter:data2\" content=\"3\u00a0Minuten\" \/>\n<script type=\"application\/ld+json\" class=\"yoast-schema-graph\">{\"@context\":\"https:\/\/schema.org\",\"@graph\":[{\"@type\":\"Article\",\"@id\":\"https:\/\/www.huebscher.net\/ch\/ein-abend-der-verbindet-unsere-weihnachtsfeier-2025\/#article\",\"isPartOf\":{\"@id\":\"https:\/\/www.huebscher.net\/ch\/ein-abend-der-verbindet-unsere-weihnachtsfeier-2025\/\"},\"author\":{\"name\":\"H\u00fcbscher 5\",\"@id\":\"https:\/\/www.huebscher.net\/ch\/#\/schema\/person\/61797eb03cba52aa7a206f6ff3735df2\"},\"headline\":\"Ein Abend, der verbindet: Unsere Weihnachtsfeier 2025\",\"datePublished\":\"2025-12-22T12:57:27+00:00\",\"dateModified\":\"2025-12-22T12:57:29+00:00\",\"mainEntityOfPage\":{\"@id\":\"https:\/\/www.huebscher.net\/ch\/ein-abend-der-verbindet-unsere-weihnachtsfeier-2025\/\"},\"wordCount\":180,\"publisher\":{\"@id\":\"https:\/\/www.huebscher.net\/ch\/#organization\"},\"image\":{\"@id\":\"https:\/\/www.huebscher.net\/ch\/ein-abend-der-verbindet-unsere-weihnachtsfeier-2025\/#primaryimage\"},\"thumbnailUrl\":\"https:\/\/www.huebscher.net\/media\/2512_HUeB_Homepage_Cover_Samichlaus.png\",\"articleSection\":[\"Intern\",\"News\"],\"inLanguage\":\"de\"},{\"@type\":\"WebPage\",\"@id\":\"https:\/\/www.huebscher.net\/ch\/ein-abend-der-verbindet-unsere-weihnachtsfeier-2025\/\",\"url\":\"https:\/\/www.huebscher.net\/ch\/ein-abend-der-verbindet-unsere-weihnachtsfeier-2025\/\",\"name\":\"Ein Abend, der verbindet: Unsere Weihnachtsfeier 2025 - H\u00dcBSCHER HOLZBAU\",\"isPartOf\":{\"@id\":\"https:\/\/www.huebscher.net\/ch\/#website\"},\"primaryImageOfPage\":{\"@id\":\"https:\/\/www.huebscher.net\/ch\/ein-abend-der-verbindet-unsere-weihnachtsfeier-2025\/#primaryimage\"},\"image\":{\"@id\":\"https:\/\/www.huebscher.net\/ch\/ein-abend-der-verbindet-unsere-weihnachtsfeier-2025\/#primaryimage\"},\"thumbnailUrl\":\"https:\/\/www.huebscher.net\/media\/2512_HUeB_Homepage_Cover_Samichlaus.png\",\"datePublished\":\"2025-12-22T12:57:27+00:00\",\"dateModified\":\"2025-12-22T12:57:29+00:00\",\"breadcrumb\":{\"@id\":\"https:\/\/www.huebscher.net\/ch\/ein-abend-der-verbindet-unsere-weihnachtsfeier-2025\/#breadcrumb\"},\"inLanguage\":\"de\",\"potentialAction\":[{\"@type\":\"ReadAction\",\"target\":[\"https:\/\/www.huebscher.net\/ch\/ein-abend-der-verbindet-unsere-weihnachtsfeier-2025\/\"]}]},{\"@type\":\"ImageObject\",\"inLanguage\":\"de\",\"@id\":\"https:\/\/www.huebscher.net\/ch\/ein-abend-der-verbindet-unsere-weihnachtsfeier-2025\/#primaryimage\",\"url\":\"https:\/\/www.huebscher.net\/media\/2512_HUeB_Homepage_Cover_Samichlaus.png\",\"contentUrl\":\"https:\/\/www.huebscher.net\/media\/2512_HUeB_Homepage_Cover_Samichlaus.png\",\"width\":1748,\"height\":945,\"caption\":\"Das Bild zeigt Mitarbeiter von H\u00fcbscher Holzbau bei der Weihnachtsfeier.\"},{\"@type\":\"BreadcrumbList\",\"@id\":\"https:\/\/www.huebscher.net\/ch\/ein-abend-der-verbindet-unsere-weihnachtsfeier-2025\/#breadcrumb\",\"itemListElement\":[{\"@type\":\"ListItem\",\"position\":1,\"name\":\"Home\",\"item\":\"https:\/\/www.huebscher.net\/de\/\"},{\"@type\":\"ListItem\",\"position\":2,\"name\":\"Ein Abend, der verbindet: Unsere Weihnachtsfeier 2025\"}]},{\"@type\":\"WebSite\",\"@id\":\"https:\/\/www.huebscher.net\/ch\/#website\",\"url\":\"https:\/\/www.huebscher.net\/ch\/\",\"name\":\"H\u00fcbscher Holzbau\",\"description\":\"H\u00fcbscher Holzbau AG\",\"publisher\":{\"@id\":\"https:\/\/www.huebscher.net\/ch\/#organization\"},\"alternateName\":\"H\u00fcbscher Holzbau\",\"potentialAction\":[{\"@type\":\"SearchAction\",\"target\":{\"@type\":\"EntryPoint\",\"urlTemplate\":\"https:\/\/www.huebscher.net\/ch\/?s={search_term_string}\"},\"query-input\":{\"@type\":\"PropertyValueSpecification\",\"valueRequired\":true,\"valueName\":\"search_term_string\"}}],\"inLanguage\":\"de\"},{\"@type\":\"Organization\",\"@id\":\"https:\/\/www.huebscher.net\/ch\/#organization\",\"name\":\"H\u00fcbscher Holzbau\",\"alternateName\":\"H\u00fcbscher Holzbau\",\"url\":\"https:\/\/www.huebscher.net\/ch\/\",\"logo\":{\"@type\":\"ImageObject\",\"inLanguage\":\"de\",\"@id\":\"https:\/\/www.huebscher.net\/ch\/#\/schema\/logo\/image\/\",\"url\":\"https:\/\/www.huebscher.net\/media\/huebscher_logo_def.png\",\"contentUrl\":\"https:\/\/www.huebscher.net\/media\/huebscher_logo_def.png\",\"width\":220,\"height\":110,\"caption\":\"H\u00fcbscher Holzbau\"},\"image\":{\"@id\":\"https:\/\/www.huebscher.net\/ch\/#\/schema\/logo\/image\/\"},\"sameAs\":[\"http:\/\/facebook.com\/huebscher.holzbau\",\"https:\/\/pt.linkedin.com\/organization-guest\/company\/huebscher-holzbau\",\"https:\/\/www.instagram.com\/huebscherholzbau\/\"]},{\"@type\":\"Person\",\"@id\":\"https:\/\/www.huebscher.net\/ch\/#\/schema\/person\/61797eb03cba52aa7a206f6ff3735df2\",\"name\":\"H\u00fcbscher 5\",\"image\":{\"@type\":\"ImageObject\",\"inLanguage\":\"de\",\"@id\":\"https:\/\/www.huebscher.net\/ch\/#\/schema\/person\/image\/\",\"url\":\"https:\/\/secure.gravatar.com\/avatar\/6dc9404a18345585174fb56d6f2ad6ac?s=96&d=mm&r=g\",\"contentUrl\":\"https:\/\/secure.gravatar.com\/avatar\/6dc9404a18345585174fb56d6f2ad6ac?s=96&d=mm&r=g\",\"caption\":\"H\u00fcbscher 5\"},\"sameAs\":[\"http:\/\/www.neublck.de\"]}]}<\/script>\n<!-- \/ Yoast SEO Premium plugin. -->","yoast_head_json":{"title":"Ein Abend, der verbindet: Unsere Weihnachtsfeier 2025 - H\u00dcBSCHER HOLZBAU","robots":{"index":"index","follow":"follow","max-snippet":"max-snippet:-1","max-image-preview":"max-image-preview:large","max-video-preview":"max-video-preview:-1"},"canonical":"https:\/\/www.huebscher.net\/ch\/ein-abend-der-verbindet-unsere-weihnachtsfeier-2025\/","og_locale":"de_DE","og_type":"article","og_title":"Ein Abend, der verbindet: Unsere Weihnachtsfeier 2025","og_description":"Was f\u00fcr ein sch\u00f6ner Jahresabschluss bei H\u00dcBSCHER Holzbau! Unsere Weihnachtsfeier 2025 war gepr\u00e4gt von guter Stimmung, echtem Teamspirit und vielen besonderen Momenten. Im weihnachtlichen Ambiente des Leu Event Catering in Thayngen durften wir gemeinsam das Jahr ausklingen lassen. Schon beim Ap\u00e9ro war die Atmosph\u00e4re locker und herzlich, bevor wir bei einem feinen 3-G\u00e4nge-Men\u00fc kulinarisch verw\u00f6hnt&hellip;","og_url":"https:\/\/www.huebscher.net\/ch\/ein-abend-der-verbindet-unsere-weihnachtsfeier-2025\/","og_site_name":"H\u00dcBSCHER HOLZBAU","article_publisher":"http:\/\/facebook.com\/huebscher.holzbau","article_published_time":"2025-12-22T12:57:27+00:00","article_modified_time":"2025-12-22T12:57:29+00:00","og_image":[{"url":"https:\/\/www.huebscher.net\/media\/2512_HUeB_Homepage_Cover_Samichlaus.png","width":1748,"height":945,"type":"image\/png"}],"author":"H\u00fcbscher 5","twitter_card":"summary_large_image","twitter_misc":{"Verfasst von":"H\u00fcbscher 5","Gesch\u00e4tzte Lesezeit":"3\u00a0Minuten"},"schema":{"@context":"https:\/\/schema.org","@graph":[{"@type":"Article","@id":"https:\/\/www.huebscher.net\/ch\/ein-abend-der-verbindet-unsere-weihnachtsfeier-2025\/#article","isPartOf":{"@id":"https:\/\/www.huebscher.net\/ch\/ein-abend-der-verbindet-unsere-weihnachtsfeier-2025\/"},"author":{"name":"H\u00fcbscher 5","@id":"https:\/\/www.huebscher.net\/ch\/#\/schema\/person\/61797eb03cba52aa7a206f6ff3735df2"},"headline":"Ein Abend, der verbindet: Unsere Weihnachtsfeier 2025","datePublished":"2025-12-22T12:57:27+00:00","dateModified":"2025-12-22T12:57:29+00:00","mainEntityOfPage":{"@id":"https:\/\/www.huebscher.net\/ch\/ein-abend-der-verbindet-unsere-weihnachtsfeier-2025\/"},"wordCount":180,"publisher":{"@id":"https:\/\/www.huebscher.net\/ch\/#organization"},"image":{"@id":"https:\/\/www.huebscher.net\/ch\/ein-abend-der-verbindet-unsere-weihnachtsfeier-2025\/#primaryimage"},"thumbnailUrl":"https:\/\/www.huebscher.net\/media\/2512_HUeB_Homepage_Cover_Samichlaus.png","articleSection":["Intern","News"],"inLanguage":"de"},{"@type":"WebPage","@id":"https:\/\/www.huebscher.net\/ch\/ein-abend-der-verbindet-unsere-weihnachtsfeier-2025\/","url":"https:\/\/www.huebscher.net\/ch\/ein-abend-der-verbindet-unsere-weihnachtsfeier-2025\/","name":"Ein Abend, der verbindet: Unsere Weihnachtsfeier 2025 - H\u00dcBSCHER HOLZBAU","isPartOf":{"@id":"https:\/\/www.huebscher.net\/ch\/#website"},"primaryImageOfPage":{"@id":"https:\/\/www.huebscher.net\/ch\/ein-abend-der-verbindet-unsere-weihnachtsfeier-2025\/#primaryimage"},"image":{"@id":"https:\/\/www.huebscher.net\/ch\/ein-abend-der-verbindet-unsere-weihnachtsfeier-2025\/#primaryimage"},"thumbnailUrl":"https:\/\/www.huebscher.net\/media\/2512_HUeB_Homepage_Cover_Samichlaus.png","datePublished":"2025-12-22T12:57:27+00:00","dateModified":"2025-12-22T12:57:29+00:00","breadcrumb":{"@id":"https:\/\/www.huebscher.net\/ch\/ein-abend-der-verbindet-unsere-weihnachtsfeier-2025\/#breadcrumb"},"inLanguage":"de","potentialAction":[{"@type":"ReadAction","target":["https:\/\/www.huebscher.net\/ch\/ein-abend-der-verbindet-unsere-weihnachtsfeier-2025\/"]}]},{"@type":"ImageObject","inLanguage":"de","@id":"https:\/\/www.huebscher.net\/ch\/ein-abend-der-verbindet-unsere-weihnachtsfeier-2025\/#primaryimage","url":"https:\/\/www.huebscher.net\/media\/2512_HUeB_Homepage_Cover_Samichlaus.png","contentUrl":"https:\/\/www.huebscher.net\/media\/2512_HUeB_Homepage_Cover_Samichlaus.png","width":1748,"height":945,"caption":"Das Bild zeigt Mitarbeiter von H\u00fcbscher Holzbau bei der Weihnachtsfeier."},{"@type":"BreadcrumbList","@id":"https:\/\/www.huebscher.net\/ch\/ein-abend-der-verbindet-unsere-weihnachtsfeier-2025\/#breadcrumb","itemListElement":[{"@type":"ListItem","position":1,"name":"Home","item":"https:\/\/www.huebscher.net\/de\/"},{"@type":"ListItem","position":2,"name":"Ein Abend, der verbindet: Unsere Weihnachtsfeier 2025"}]},{"@type":"WebSite","@id":"https:\/\/www.huebscher.net\/ch\/#website","url":"https:\/\/www.huebscher.net\/ch\/","name":"H\u00fcbscher Holzbau","description":"H\u00fcbscher Holzbau AG","publisher":{"@id":"https:\/\/www.huebscher.net\/ch\/#organization"},"alternateName":"H\u00fcbscher Holzbau","potentialAction":[{"@type":"SearchAction","target":{"@type":"EntryPoint","urlTemplate":"https:\/\/www.huebscher.net\/ch\/?s={search_term_string}"},"query-input":{"@type":"PropertyValueSpecification","valueRequired":true,"valueName":"search_term_string"}}],"inLanguage":"de"},{"@type":"Organization","@id":"https:\/\/www.huebscher.net\/ch\/#organization","name":"H\u00fcbscher Holzbau","alternateName":"H\u00fcbscher Holzbau","url":"https:\/\/www.huebscher.net\/ch\/","logo":{"@type":"ImageObject","inLanguage":"de","@id":"https:\/\/www.huebscher.net\/ch\/#\/schema\/logo\/image\/","url":"https:\/\/www.huebscher.net\/media\/huebscher_logo_def.png","contentUrl":"https:\/\/www.huebscher.net\/media\/huebscher_logo_def.png","width":220,"height":110,"caption":"H\u00fcbscher Holzbau"},"image":{"@id":"https:\/\/www.huebscher.net\/ch\/#\/schema\/logo\/image\/"},"sameAs":["http:\/\/facebook.com\/huebscher.holzbau","https:\/\/pt.linkedin.com\/organization-guest\/company\/huebscher-holzbau","https:\/\/www.instagram.com\/huebscherholzbau\/"]},{"@type":"Person","@id":"https:\/\/www.huebscher.net\/ch\/#\/schema\/person\/61797eb03cba52aa7a206f6ff3735df2","name":"H\u00fcbscher 5","image":{"@type":"ImageObject","inLanguage":"de","@id":"https:\/\/www.huebscher.net\/ch\/#\/schema\/person\/image\/","url":"https:\/\/secure.gravatar.com\/avatar\/6dc9404a18345585174fb56d6f2ad6ac?s=96&d=mm&r=g","contentUrl":"https:\/\/secure.gravatar.com\/avatar\/6dc9404a18345585174fb56d6f2ad6ac?s=96&d=mm&r=g","caption":"H\u00fcbscher 5"},"sameAs":["http:\/\/www.neublck.de"]}]}},"_links":{"self":[{"href":"https:\/\/www.huebscher.net\/de\/wp-json\/wp\/v2\/posts\/18842"}],"collection":[{"href":"https:\/\/www.huebscher.net\/de\/wp-json\/wp\/v2\/posts"}],"about":[{"href":"https:\/\/www.huebscher.net\/de\/wp-json\/wp\/v2\/types\/post"}],"author":[{"embeddable":true,"href":"https:\/\/www.huebscher.net\/de\/wp-json\/wp\/v2\/users\/6"}],"replies":[{"embeddable":true,"href":"https:\/\/www.huebscher.net\/de\/wp-json\/wp\/v2\/comments?post=18842"}],"version-history":[{"count":7,"href":"https:\/\/www.huebscher.net\/de\/wp-json\/wp\/v2\/posts\/18842\/revisions"}],"predecessor-version":[{"id":18861,"href":"https:\/\/www.huebscher.net\/de\/wp-json\/wp\/v2\/posts\/18842\/revisions\/18861"}],"wp:featuredmedia":[{"embeddable":true,"href":"https:\/\/www.huebscher.net\/de\/wp-json\/wp\/v2\/media\/18843"}],"wp:attachment":[{"href":"https:\/\/www.huebscher.net\/de\/wp-json\/wp\/v2\/media?parent=18842"}],"wp:term":[{"taxonomy":"category","embeddable":true,"href":"https:\/\/www.huebscher.net\/de\/wp-json\/wp\/v2\/categories?post=18842"},{"taxonomy":"post_tag","embeddable":true,"href":"https:\/\/www.huebscher.net\/de\/wp-json\/wp\/v2\/tags?post=18842"}],"curies":[{"name":"wp","href":"https:\/\/api.w.org\/{rel}","templated":true}]}}