{"id":16977,"date":"2025-04-10T10:00:00","date_gmt":"2025-04-10T08:00:00","guid":{"rendered":"https:\/\/www.huebscher.net\/mehr-platz-fuer-entwicklung-huebscher-gesamtloesungen\/"},"modified":"2025-04-10T10:00:00","modified_gmt":"2025-04-10T08:00:00","slug":"mehr-platz-fuer-entwicklung-huebscher-gesamtloesungen","status":"publish","type":"post","link":"https:\/\/www.huebscher.net\/de\/mehr-platz-fuer-entwicklung-huebscher-gesamtloesungen\/","title":{"rendered":"Mehr Platz f\u00fcr Entwicklung? H\u00dcBSCHER Gesamtl\u00f6sungen"},"content":{"rendered":"\n<p>Die H\u00dcBSCHER Gesamtl\u00f6sung f\u00fcr Gewerbe und Industrie \u2013 gemeinsam schaffen wir mehr Raum f\u00fcr Ihre Entwicklung.<\/p>\n\n\n\n<p>Auch im Gewerbe- und Industriebau bieten wir massgeschneiderte Gesamtl\u00f6sungen an. Ein modernes Erscheinungsbild, 100 % CO2-neutrale Bauweise und individuell auf Ihre Bed\u00fcrfnisse abgestimmte Architektur? Wir begleiten Sie durch den gesamten Prozess \u2013 von der ersten Idee bis zur finalen Umsetzung. Dank unserer umfassenden Inhouse-Kompetenzen sind wir in der Lage, Sie optimal zu beraten und konkrete, umsetzbare Projekte zu entwickeln.<\/p>\n\n\n\n<p>Unser Angebot umfasst:<\/p>\n\n\n\n<p>\ud83d\udfe2 Vorabkl\u00e4rungen<br>\ud83d\udfe2 Machbarkeitsstudien<br>\ud83d\udfe2 Entscheidungsgrundlagen<br>\ud83d\udfe2 Bauprojekte und Baueingaben<br>\ud83d\udfe2 Gesamtkostenplanung<\/p>\n\n\n\n<p>und vieles mehr!<\/p>\n\n\n\n<p>M\u00f6chten Sie mehr erfahren? Dann wenden Sie sich gerne an Michael H\u00fcbscher per E-Mail an <a href=\"mailto:michael.huebscher@huebscher.swiss\">michael.huebscher@huebscher.swiss<\/a> oder telefonisch unter +41 (0) 52 687 40 00. Wir freuen uns auf Ihre Anfrage! \ud83d\udcde<\/p>\n\n\n\n<figure class=\"wp-block-gallery has-nested-images columns-default is-cropped wp-block-gallery-1 is-layout-flex wp-block-gallery-is-layout-flex\">\n<figure class=\"wp-block-image size-large\"><img fetchpriority=\"high\" decoding=\"async\" width=\"864\" height=\"1080\" data-id=\"15132\" src=\"https:\/\/www.huebscher.net\/media\/\/2-3-1-864x1080.jpg\" alt=\"\" class=\"wp-image-15132\" srcset=\"https:\/\/www.huebscher.net\/media\/2-3-1-864x1080.jpg 864w, https:\/\/www.huebscher.net\/media\/2-3-1-576x720.jpg 576w, https:\/\/www.huebscher.net\/media\/2-3-1-768x960.jpg 768w, https:\/\/www.huebscher.net\/media\/2-3-1-350x438.jpg 350w, https:\/\/www.huebscher.net\/media\/2-3-1.jpg 1080w\" sizes=\"(max-width: 864px) 100vw, 864px\" \/><\/figure>\n\n\n\n<figure class=\"wp-block-image size-large\"><img decoding=\"async\" width=\"864\" height=\"1080\" data-id=\"15130\" src=\"https:\/\/www.huebscher.net\/media\/\/1-4-1-864x1080.jpg\" alt=\"\" class=\"wp-image-15130\" srcset=\"https:\/\/www.huebscher.net\/media\/1-4-1-864x1080.jpg 864w, https:\/\/www.huebscher.net\/media\/1-4-1-576x720.jpg 576w, https:\/\/www.huebscher.net\/media\/1-4-1-768x960.jpg 768w, https:\/\/www.huebscher.net\/media\/1-4-1-350x438.jpg 350w, https:\/\/www.huebscher.net\/media\/1-4-1.jpg 1080w\" sizes=\"(max-width: 864px) 100vw, 864px\" \/><\/figure>\n<\/figure>\n","protected":false},"excerpt":{"rendered":"<p>Die H\u00dcBSCHER Gesamtl\u00f6sung f\u00fcr Gewerbe und Industrie \u2013 gemeinsam schaffen wir mehr Raum f\u00fcr Ihre Entwicklung. Auch im Gewerbe- und Industriebau bieten wir massgeschneiderte Gesamtl\u00f6sungen an. Ein modernes Erscheinungsbild, 100 % CO2-neutrale Bauweise und individuell auf Ihre Bed\u00fcrfnisse abgestimmte Architektur? Wir begleiten Sie durch den gesamten Prozess \u2013 von der ersten Idee bis zur finalen&hellip;<\/p>\n","protected":false},"author":6,"featured_media":15129,"comment_status":"closed","ping_status":"closed","sticky":false,"template":"","format":"standard","meta":{"_acf_changed":false,"_monsterinsights_skip_tracking":false,"_monsterinsights_sitenote_active":false,"_monsterinsights_sitenote_note":"","_monsterinsights_sitenote_category":0,"_genesis_hide_title":false,"_genesis_hide_breadcrumbs":false,"_genesis_hide_singular_image":false,"_genesis_hide_footer_widgets":false,"_genesis_custom_body_class":"","_genesis_custom_post_class":"","_genesis_layout":"","footnotes":""},"categories":[159,124],"tags":[],"class_list":{"0":"post-16977","1":"post","2":"type-post","3":"status-publish","4":"format-standard","5":"has-post-thumbnail","7":"category-aktuell-de","8":"category-news","9":"entry"},"acf":[],"yoast_head":"<!-- This site is optimized with the Yoast SEO Premium plugin v25.2 (Yoast SEO v25.2) - https:\/\/yoast.com\/wordpress\/plugins\/seo\/ -->\n<title>Mehr Platz f\u00fcr Entwicklung? H\u00dcBSCHER Gesamtl\u00f6sungen - H\u00dcBSCHER HOLZBAU<\/title>\n<meta name=\"robots\" content=\"index, follow, max-snippet:-1, max-image-preview:large, max-video-preview:-1\" \/>\n<link rel=\"canonical\" href=\"https:\/\/www.huebscher.net\/de\/mehr-platz-fuer-entwicklung-huebscher-gesamtloesungen\/\" \/>\n<meta property=\"og:locale\" content=\"de_DE\" \/>\n<meta property=\"og:type\" content=\"article\" \/>\n<meta property=\"og:title\" content=\"Mehr Platz f\u00fcr Entwicklung? H\u00dcBSCHER Gesamtl\u00f6sungen\" \/>\n<meta property=\"og:description\" content=\"Die H\u00dcBSCHER Gesamtl\u00f6sung f\u00fcr Gewerbe und Industrie \u2013 gemeinsam schaffen wir mehr Raum f\u00fcr Ihre Entwicklung. Auch im Gewerbe- und Industriebau bieten wir massgeschneiderte Gesamtl\u00f6sungen an. Ein modernes Erscheinungsbild, 100 % CO2-neutrale Bauweise und individuell auf Ihre Bed\u00fcrfnisse abgestimmte Architektur? Wir begleiten Sie durch den gesamten Prozess \u2013 von der ersten Idee bis zur finalen&hellip;\" \/>\n<meta property=\"og:url\" content=\"https:\/\/www.huebscher.net\/de\/mehr-platz-fuer-entwicklung-huebscher-gesamtloesungen\/\" \/>\n<meta property=\"og:site_name\" content=\"H\u00dcBSCHER HOLZBAU\" \/>\n<meta property=\"article:publisher\" content=\"http:\/\/facebook.com\/huebscher.holzbau\" \/>\n<meta property=\"article:published_time\" content=\"2025-04-10T08:00:00+00:00\" \/>\n<meta property=\"og:image\" content=\"https:\/\/www.huebscher.net\/media\/2-3-1.jpg\" \/>\n\t<meta property=\"og:image:width\" content=\"1080\" \/>\n\t<meta property=\"og:image:height\" content=\"1350\" \/>\n\t<meta property=\"og:image:type\" content=\"image\/jpeg\" \/>\n<meta name=\"author\" content=\"H\u00fcbscher 5\" \/>\n<meta name=\"twitter:card\" content=\"summary_large_image\" \/>\n<meta name=\"twitter:label1\" content=\"Verfasst von\" \/>\n\t<meta name=\"twitter:data1\" content=\"H\u00fcbscher 5\" \/>\n\t<meta name=\"twitter:label2\" content=\"Gesch\u00e4tzte Lesezeit\" \/>\n\t<meta name=\"twitter:data2\" content=\"1\u00a0Minute\" \/>\n<script type=\"application\/ld+json\" class=\"yoast-schema-graph\">{\"@context\":\"https:\/\/schema.org\",\"@graph\":[{\"@type\":\"Article\",\"@id\":\"https:\/\/www.huebscher.net\/de\/mehr-platz-fuer-entwicklung-huebscher-gesamtloesungen\/#article\",\"isPartOf\":{\"@id\":\"https:\/\/www.huebscher.net\/de\/mehr-platz-fuer-entwicklung-huebscher-gesamtloesungen\/\"},\"author\":{\"name\":\"H\u00fcbscher 5\",\"@id\":\"https:\/\/www.huebscher.net\/ch\/#\/schema\/person\/61797eb03cba52aa7a206f6ff3735df2\"},\"headline\":\"Mehr Platz f\u00fcr Entwicklung? H\u00dcBSCHER Gesamtl\u00f6sungen\",\"datePublished\":\"2025-04-10T08:00:00+00:00\",\"mainEntityOfPage\":{\"@id\":\"https:\/\/www.huebscher.net\/de\/mehr-platz-fuer-entwicklung-huebscher-gesamtloesungen\/\"},\"wordCount\":131,\"publisher\":{\"@id\":\"https:\/\/www.huebscher.net\/ch\/#organization\"},\"image\":{\"@id\":\"https:\/\/www.huebscher.net\/de\/mehr-platz-fuer-entwicklung-huebscher-gesamtloesungen\/#primaryimage\"},\"thumbnailUrl\":\"https:\/\/www.huebscher.net\/media\/Gewerbebau_Industrie_Header.jpg\",\"articleSection\":[\"Aktuell\",\"News\"],\"inLanguage\":\"de\"},{\"@type\":\"WebPage\",\"@id\":\"https:\/\/www.huebscher.net\/de\/mehr-platz-fuer-entwicklung-huebscher-gesamtloesungen\/\",\"url\":\"https:\/\/www.huebscher.net\/de\/mehr-platz-fuer-entwicklung-huebscher-gesamtloesungen\/\",\"name\":\"Mehr Platz f\u00fcr Entwicklung? H\u00dcBSCHER Gesamtl\u00f6sungen - H\u00dcBSCHER HOLZBAU\",\"isPartOf\":{\"@id\":\"https:\/\/www.huebscher.net\/ch\/#website\"},\"primaryImageOfPage\":{\"@id\":\"https:\/\/www.huebscher.net\/de\/mehr-platz-fuer-entwicklung-huebscher-gesamtloesungen\/#primaryimage\"},\"image\":{\"@id\":\"https:\/\/www.huebscher.net\/de\/mehr-platz-fuer-entwicklung-huebscher-gesamtloesungen\/#primaryimage\"},\"thumbnailUrl\":\"https:\/\/www.huebscher.net\/media\/Gewerbebau_Industrie_Header.jpg\",\"datePublished\":\"2025-04-10T08:00:00+00:00\",\"breadcrumb\":{\"@id\":\"https:\/\/www.huebscher.net\/de\/mehr-platz-fuer-entwicklung-huebscher-gesamtloesungen\/#breadcrumb\"},\"inLanguage\":\"de\",\"potentialAction\":[{\"@type\":\"ReadAction\",\"target\":[\"https:\/\/www.huebscher.net\/de\/mehr-platz-fuer-entwicklung-huebscher-gesamtloesungen\/\"]}]},{\"@type\":\"ImageObject\",\"inLanguage\":\"de\",\"@id\":\"https:\/\/www.huebscher.net\/de\/mehr-platz-fuer-entwicklung-huebscher-gesamtloesungen\/#primaryimage\",\"url\":\"https:\/\/www.huebscher.net\/media\/Gewerbebau_Industrie_Header.jpg\",\"contentUrl\":\"https:\/\/www.huebscher.net\/media\/Gewerbebau_Industrie_Header.jpg\",\"width\":1748,\"height\":945},{\"@type\":\"BreadcrumbList\",\"@id\":\"https:\/\/www.huebscher.net\/de\/mehr-platz-fuer-entwicklung-huebscher-gesamtloesungen\/#breadcrumb\",\"itemListElement\":[{\"@type\":\"ListItem\",\"position\":1,\"name\":\"Home\",\"item\":\"https:\/\/www.huebscher.net\/de\/\"},{\"@type\":\"ListItem\",\"position\":2,\"name\":\"Mehr Platz f\u00fcr Entwicklung? H\u00dcBSCHER Gesamtl\u00f6sungen\"}]},{\"@type\":\"WebSite\",\"@id\":\"https:\/\/www.huebscher.net\/ch\/#website\",\"url\":\"https:\/\/www.huebscher.net\/ch\/\",\"name\":\"H\u00fcbscher Holzbau\",\"description\":\"H\u00fcbscher Holzbau AG\",\"publisher\":{\"@id\":\"https:\/\/www.huebscher.net\/ch\/#organization\"},\"alternateName\":\"H\u00fcbscher Holzbau\",\"potentialAction\":[{\"@type\":\"SearchAction\",\"target\":{\"@type\":\"EntryPoint\",\"urlTemplate\":\"https:\/\/www.huebscher.net\/ch\/?s={search_term_string}\"},\"query-input\":{\"@type\":\"PropertyValueSpecification\",\"valueRequired\":true,\"valueName\":\"search_term_string\"}}],\"inLanguage\":\"de\"},{\"@type\":\"Organization\",\"@id\":\"https:\/\/www.huebscher.net\/ch\/#organization\",\"name\":\"H\u00fcbscher Holzbau\",\"alternateName\":\"H\u00fcbscher Holzbau\",\"url\":\"https:\/\/www.huebscher.net\/ch\/\",\"logo\":{\"@type\":\"ImageObject\",\"inLanguage\":\"de\",\"@id\":\"https:\/\/www.huebscher.net\/ch\/#\/schema\/logo\/image\/\",\"url\":\"https:\/\/www.huebscher.net\/media\/huebscher_logo_def.png\",\"contentUrl\":\"https:\/\/www.huebscher.net\/media\/huebscher_logo_def.png\",\"width\":220,\"height\":110,\"caption\":\"H\u00fcbscher Holzbau\"},\"image\":{\"@id\":\"https:\/\/www.huebscher.net\/ch\/#\/schema\/logo\/image\/\"},\"sameAs\":[\"http:\/\/facebook.com\/huebscher.holzbau\",\"https:\/\/pt.linkedin.com\/organization-guest\/company\/huebscher-holzbau\",\"https:\/\/www.instagram.com\/huebscherholzbau\/\"]},{\"@type\":\"Person\",\"@id\":\"https:\/\/www.huebscher.net\/ch\/#\/schema\/person\/61797eb03cba52aa7a206f6ff3735df2\",\"name\":\"H\u00fcbscher 5\",\"image\":{\"@type\":\"ImageObject\",\"inLanguage\":\"de\",\"@id\":\"https:\/\/www.huebscher.net\/ch\/#\/schema\/person\/image\/\",\"url\":\"https:\/\/secure.gravatar.com\/avatar\/6dc9404a18345585174fb56d6f2ad6ac?s=96&d=mm&r=g\",\"contentUrl\":\"https:\/\/secure.gravatar.com\/avatar\/6dc9404a18345585174fb56d6f2ad6ac?s=96&d=mm&r=g\",\"caption\":\"H\u00fcbscher 5\"},\"sameAs\":[\"http:\/\/www.neublck.de\"]}]}<\/script>\n<!-- \/ Yoast SEO Premium plugin. -->","yoast_head_json":{"title":"Mehr Platz f\u00fcr Entwicklung? H\u00dcBSCHER Gesamtl\u00f6sungen - H\u00dcBSCHER HOLZBAU","robots":{"index":"index","follow":"follow","max-snippet":"max-snippet:-1","max-image-preview":"max-image-preview:large","max-video-preview":"max-video-preview:-1"},"canonical":"https:\/\/www.huebscher.net\/de\/mehr-platz-fuer-entwicklung-huebscher-gesamtloesungen\/","og_locale":"de_DE","og_type":"article","og_title":"Mehr Platz f\u00fcr Entwicklung? H\u00dcBSCHER Gesamtl\u00f6sungen","og_description":"Die H\u00dcBSCHER Gesamtl\u00f6sung f\u00fcr Gewerbe und Industrie \u2013 gemeinsam schaffen wir mehr Raum f\u00fcr Ihre Entwicklung. Auch im Gewerbe- und Industriebau bieten wir massgeschneiderte Gesamtl\u00f6sungen an. Ein modernes Erscheinungsbild, 100 % CO2-neutrale Bauweise und individuell auf Ihre Bed\u00fcrfnisse abgestimmte Architektur? Wir begleiten Sie durch den gesamten Prozess \u2013 von der ersten Idee bis zur finalen&hellip;","og_url":"https:\/\/www.huebscher.net\/de\/mehr-platz-fuer-entwicklung-huebscher-gesamtloesungen\/","og_site_name":"H\u00dcBSCHER HOLZBAU","article_publisher":"http:\/\/facebook.com\/huebscher.holzbau","article_published_time":"2025-04-10T08:00:00+00:00","og_image":[{"width":1080,"height":1350,"url":"https:\/\/www.huebscher.net\/media\/2-3-1.jpg","type":"image\/jpeg"}],"author":"H\u00fcbscher 5","twitter_card":"summary_large_image","twitter_misc":{"Verfasst von":"H\u00fcbscher 5","Gesch\u00e4tzte Lesezeit":"1\u00a0Minute"},"schema":{"@context":"https:\/\/schema.org","@graph":[{"@type":"Article","@id":"https:\/\/www.huebscher.net\/de\/mehr-platz-fuer-entwicklung-huebscher-gesamtloesungen\/#article","isPartOf":{"@id":"https:\/\/www.huebscher.net\/de\/mehr-platz-fuer-entwicklung-huebscher-gesamtloesungen\/"},"author":{"name":"H\u00fcbscher 5","@id":"https:\/\/www.huebscher.net\/ch\/#\/schema\/person\/61797eb03cba52aa7a206f6ff3735df2"},"headline":"Mehr Platz f\u00fcr Entwicklung? H\u00dcBSCHER Gesamtl\u00f6sungen","datePublished":"2025-04-10T08:00:00+00:00","mainEntityOfPage":{"@id":"https:\/\/www.huebscher.net\/de\/mehr-platz-fuer-entwicklung-huebscher-gesamtloesungen\/"},"wordCount":131,"publisher":{"@id":"https:\/\/www.huebscher.net\/ch\/#organization"},"image":{"@id":"https:\/\/www.huebscher.net\/de\/mehr-platz-fuer-entwicklung-huebscher-gesamtloesungen\/#primaryimage"},"thumbnailUrl":"https:\/\/www.huebscher.net\/media\/Gewerbebau_Industrie_Header.jpg","articleSection":["Aktuell","News"],"inLanguage":"de"},{"@type":"WebPage","@id":"https:\/\/www.huebscher.net\/de\/mehr-platz-fuer-entwicklung-huebscher-gesamtloesungen\/","url":"https:\/\/www.huebscher.net\/de\/mehr-platz-fuer-entwicklung-huebscher-gesamtloesungen\/","name":"Mehr Platz f\u00fcr Entwicklung? H\u00dcBSCHER Gesamtl\u00f6sungen - H\u00dcBSCHER HOLZBAU","isPartOf":{"@id":"https:\/\/www.huebscher.net\/ch\/#website"},"primaryImageOfPage":{"@id":"https:\/\/www.huebscher.net\/de\/mehr-platz-fuer-entwicklung-huebscher-gesamtloesungen\/#primaryimage"},"image":{"@id":"https:\/\/www.huebscher.net\/de\/mehr-platz-fuer-entwicklung-huebscher-gesamtloesungen\/#primaryimage"},"thumbnailUrl":"https:\/\/www.huebscher.net\/media\/Gewerbebau_Industrie_Header.jpg","datePublished":"2025-04-10T08:00:00+00:00","breadcrumb":{"@id":"https:\/\/www.huebscher.net\/de\/mehr-platz-fuer-entwicklung-huebscher-gesamtloesungen\/#breadcrumb"},"inLanguage":"de","potentialAction":[{"@type":"ReadAction","target":["https:\/\/www.huebscher.net\/de\/mehr-platz-fuer-entwicklung-huebscher-gesamtloesungen\/"]}]},{"@type":"ImageObject","inLanguage":"de","@id":"https:\/\/www.huebscher.net\/de\/mehr-platz-fuer-entwicklung-huebscher-gesamtloesungen\/#primaryimage","url":"https:\/\/www.huebscher.net\/media\/Gewerbebau_Industrie_Header.jpg","contentUrl":"https:\/\/www.huebscher.net\/media\/Gewerbebau_Industrie_Header.jpg","width":1748,"height":945},{"@type":"BreadcrumbList","@id":"https:\/\/www.huebscher.net\/de\/mehr-platz-fuer-entwicklung-huebscher-gesamtloesungen\/#breadcrumb","itemListElement":[{"@type":"ListItem","position":1,"name":"Home","item":"https:\/\/www.huebscher.net\/de\/"},{"@type":"ListItem","position":2,"name":"Mehr Platz f\u00fcr Entwicklung? H\u00dcBSCHER Gesamtl\u00f6sungen"}]},{"@type":"WebSite","@id":"https:\/\/www.huebscher.net\/ch\/#website","url":"https:\/\/www.huebscher.net\/ch\/","name":"H\u00fcbscher Holzbau","description":"H\u00fcbscher Holzbau AG","publisher":{"@id":"https:\/\/www.huebscher.net\/ch\/#organization"},"alternateName":"H\u00fcbscher Holzbau","potentialAction":[{"@type":"SearchAction","target":{"@type":"EntryPoint","urlTemplate":"https:\/\/www.huebscher.net\/ch\/?s={search_term_string}"},"query-input":{"@type":"PropertyValueSpecification","valueRequired":true,"valueName":"search_term_string"}}],"inLanguage":"de"},{"@type":"Organization","@id":"https:\/\/www.huebscher.net\/ch\/#organization","name":"H\u00fcbscher Holzbau","alternateName":"H\u00fcbscher Holzbau","url":"https:\/\/www.huebscher.net\/ch\/","logo":{"@type":"ImageObject","inLanguage":"de","@id":"https:\/\/www.huebscher.net\/ch\/#\/schema\/logo\/image\/","url":"https:\/\/www.huebscher.net\/media\/huebscher_logo_def.png","contentUrl":"https:\/\/www.huebscher.net\/media\/huebscher_logo_def.png","width":220,"height":110,"caption":"H\u00fcbscher Holzbau"},"image":{"@id":"https:\/\/www.huebscher.net\/ch\/#\/schema\/logo\/image\/"},"sameAs":["http:\/\/facebook.com\/huebscher.holzbau","https:\/\/pt.linkedin.com\/organization-guest\/company\/huebscher-holzbau","https:\/\/www.instagram.com\/huebscherholzbau\/"]},{"@type":"Person","@id":"https:\/\/www.huebscher.net\/ch\/#\/schema\/person\/61797eb03cba52aa7a206f6ff3735df2","name":"H\u00fcbscher 5","image":{"@type":"ImageObject","inLanguage":"de","@id":"https:\/\/www.huebscher.net\/ch\/#\/schema\/person\/image\/","url":"https:\/\/secure.gravatar.com\/avatar\/6dc9404a18345585174fb56d6f2ad6ac?s=96&d=mm&r=g","contentUrl":"https:\/\/secure.gravatar.com\/avatar\/6dc9404a18345585174fb56d6f2ad6ac?s=96&d=mm&r=g","caption":"H\u00fcbscher 5"},"sameAs":["http:\/\/www.neublck.de"]}]}},"_links":{"self":[{"href":"https:\/\/www.huebscher.net\/de\/wp-json\/wp\/v2\/posts\/16977"}],"collection":[{"href":"https:\/\/www.huebscher.net\/de\/wp-json\/wp\/v2\/posts"}],"about":[{"href":"https:\/\/www.huebscher.net\/de\/wp-json\/wp\/v2\/types\/post"}],"author":[{"embeddable":true,"href":"https:\/\/www.huebscher.net\/de\/wp-json\/wp\/v2\/users\/6"}],"replies":[{"embeddable":true,"href":"https:\/\/www.huebscher.net\/de\/wp-json\/wp\/v2\/comments?post=16977"}],"version-history":[{"count":0,"href":"https:\/\/www.huebscher.net\/de\/wp-json\/wp\/v2\/posts\/16977\/revisions"}],"wp:featuredmedia":[{"embeddable":true,"href":"https:\/\/www.huebscher.net\/de\/wp-json\/wp\/v2\/media\/15129"}],"wp:attachment":[{"href":"https:\/\/www.huebscher.net\/de\/wp-json\/wp\/v2\/media?parent=16977"}],"wp:term":[{"taxonomy":"category","embeddable":true,"href":"https:\/\/www.huebscher.net\/de\/wp-json\/wp\/v2\/categories?post=16977"},{"taxonomy":"post_tag","embeddable":true,"href":"https:\/\/www.huebscher.net\/de\/wp-json\/wp\/v2\/tags?post=16977"}],"curies":[{"name":"wp","href":"https:\/\/api.w.org\/{rel}","templated":true}]}}