{"id":10985,"date":"2018-06-13T08:25:24","date_gmt":"2018-06-13T06:25:24","guid":{"rendered":"https:\/\/staging.huebscher.net\/unkategorisiert\/spatenstich-fur-wohnuberbauung-breiten-wildensbuch\/"},"modified":"2018-06-13T08:25:24","modified_gmt":"2018-06-13T06:25:24","slug":"spatenstich-fur-wohnuberbauung-breiten-wildensbuch","status":"publish","type":"post","link":"https:\/\/www.huebscher.net\/de\/spatenstich-fur-wohnuberbauung-breiten-wildensbuch\/","title":{"rendered":"Spatenstich f\u00fcr Wohn\u00fcberbauung Breiten in Wildensbuch"},"content":{"rendered":"<p>Auf einem Feld einer ehemaligen Bio-G\u00e4rtnerei mitten in Wildensbuch werden f\u00fcnf grossz\u00fcgige Einfamilienh\u00e4user und ein Mehrfamilienhaus mit vier Wohnungen realisiert. Nachhaltige Baumaterialien, eine geschickte Auslegung der Geb\u00e4ude f\u00fcr eine maximale Privatsph\u00e4re und eine r\u00fccksichtsvolle Eingliederung in das bestehende Dorfgef\u00fcge zeichnen die \u00dcberbauung aus. Die \u00dcberbauung verf\u00fcgt zudem \u00fcber ein breites \u00f6kologisches Energiekonzept. Das einzigartige Naherholungsgebiet sowie der gute Anschluss an die Zentren Schaffhausen und Winterthur runden das attraktive Angebot ab.<\/p>\n<p><img fetchpriority=\"high\" decoding=\"async\" class=\"alignnone wp-image-3193 size-medium\" src=\"https:\/\/huebscher.net\/media\/Wildensbuch-Spatenstich-1102x720.jpg\" alt=\"Spatenstich f\u00fcr Wohn\u00fcberbauung Breiten in Wildensbuch\" width=\"1102\" height=\"720\" srcset=\"https:\/\/www.huebscher.net\/media\/Wildensbuch-Spatenstich-1102x720.jpg 1102w, https:\/\/www.huebscher.net\/media\/Wildensbuch-Spatenstich-768x502.jpg 768w, https:\/\/www.huebscher.net\/media\/Wildensbuch-Spatenstich-350x229.jpg 350w, https:\/\/www.huebscher.net\/media\/Wildensbuch-Spatenstich.jpg 1500w\" sizes=\"(max-width: 1102px) 100vw, 1102px\" \/><\/p>\n<p><img decoding=\"async\" class=\"alignnone size-medium wp-image-3192\" src=\"https:\/\/huebscher.net\/media\/Wildensbuch-1102x720.jpg\" alt=\"\" width=\"1102\" height=\"720\" srcset=\"https:\/\/www.huebscher.net\/media\/Wildensbuch-1102x720.jpg 1102w, https:\/\/www.huebscher.net\/media\/Wildensbuch-768x502.jpg 768w, https:\/\/www.huebscher.net\/media\/Wildensbuch-350x229.jpg 350w, https:\/\/www.huebscher.net\/media\/Wildensbuch.jpg 1500w\" sizes=\"(max-width: 1102px) 100vw, 1102px\" \/><\/p>\n","protected":false},"excerpt":{"rendered":"<p>Auf einem Feld einer ehemaligen Bio-G\u00e4rtnerei mitten in Wildensbuch werden f\u00fcnf grossz\u00fcgige Einfamilienh\u00e4user und ein Mehrfamilienhaus mit vier Wohnungen realisiert. Nachhaltige Baumaterialien, eine geschickte Auslegung der Geb\u00e4ude f\u00fcr eine maximale Privatsph\u00e4re und eine r\u00fccksichtsvolle Eingliederung in das bestehende Dorfgef\u00fcge zeichnen die \u00dcberbauung aus. Die \u00dcberbauung verf\u00fcgt zudem \u00fcber ein breites \u00f6kologisches Energiekonzept. Das einzigartige Naherholungsgebiet&hellip;<\/p>\n","protected":false},"author":2,"featured_media":9667,"comment_status":"open","ping_status":"open","sticky":false,"template":"","format":"standard","meta":{"_acf_changed":false,"_monsterinsights_skip_tracking":false,"_monsterinsights_sitenote_active":false,"_monsterinsights_sitenote_note":"","_monsterinsights_sitenote_category":0,"_genesis_hide_title":false,"_genesis_hide_breadcrumbs":false,"_genesis_hide_singular_image":false,"_genesis_hide_footer_widgets":false,"_genesis_custom_body_class":"","_genesis_custom_post_class":"","_genesis_layout":"","footnotes":""},"categories":[132,124],"tags":[],"class_list":{"0":"post-10985","1":"post","2":"type-post","3":"status-publish","4":"format-standard","5":"has-post-thumbnail","7":"category-im-bau-de","8":"category-news","9":"entry"},"acf":[],"yoast_head":"<!-- This site is optimized with the Yoast SEO Premium plugin v25.2 (Yoast SEO v25.2) - https:\/\/yoast.com\/wordpress\/plugins\/seo\/ -->\n<title>Spatenstich f\u00fcr Wohn\u00fcberbauung Breiten in Wildensbuch<\/title>\n<meta name=\"description\" content=\"Auf einem Feld einer ehemaligen Bio-G\u00e4rtnerei mitten in Wildensbuch werden f\u00fcnf grossz\u00fcgige Einfamilienh\u00e4user realisiert.\" \/>\n<meta name=\"robots\" content=\"index, follow, max-snippet:-1, max-image-preview:large, max-video-preview:-1\" \/>\n<link rel=\"canonical\" href=\"https:\/\/www.huebscher.net\/de\/spatenstich-fur-wohnuberbauung-breiten-wildensbuch\/\" \/>\n<meta property=\"og:locale\" content=\"de_DE\" \/>\n<meta property=\"og:type\" content=\"article\" \/>\n<meta property=\"og:title\" content=\"Spatenstich f\u00fcr Wohn\u00fcberbauung Breiten in Wildensbuch\" \/>\n<meta property=\"og:description\" content=\"Auf einem Feld einer ehemaligen Bio-G\u00e4rtnerei mitten in Wildensbuch werden f\u00fcnf grossz\u00fcgige Einfamilienh\u00e4user realisiert.\" \/>\n<meta property=\"og:url\" content=\"https:\/\/www.huebscher.net\/de\/spatenstich-fur-wohnuberbauung-breiten-wildensbuch\/\" \/>\n<meta property=\"og:site_name\" content=\"H\u00dcBSCHER HOLZBAU\" \/>\n<meta property=\"article:publisher\" content=\"http:\/\/facebook.com\/huebscher.holzbau\" \/>\n<meta property=\"article:published_time\" content=\"2018-06-13T06:25:24+00:00\" \/>\n<meta property=\"og:image\" content=\"https:\/\/www.huebscher.net\/media\/Wildensbuch-Spatenstich.jpg\" \/>\n\t<meta property=\"og:image:width\" content=\"1500\" \/>\n\t<meta property=\"og:image:height\" content=\"980\" \/>\n\t<meta property=\"og:image:type\" content=\"image\/jpeg\" \/>\n<meta name=\"author\" content=\"Michael H\u00fcbscher\" \/>\n<meta name=\"twitter:card\" content=\"summary_large_image\" \/>\n<meta name=\"twitter:label1\" content=\"Verfasst von\" \/>\n\t<meta name=\"twitter:data1\" content=\"Michael H\u00fcbscher\" \/>\n\t<meta name=\"twitter:label2\" content=\"Gesch\u00e4tzte Lesezeit\" \/>\n\t<meta name=\"twitter:data2\" content=\"1\u00a0Minute\" \/>\n<script type=\"application\/ld+json\" class=\"yoast-schema-graph\">{\"@context\":\"https:\/\/schema.org\",\"@graph\":[{\"@type\":\"Article\",\"@id\":\"https:\/\/www.huebscher.net\/de\/spatenstich-fur-wohnuberbauung-breiten-wildensbuch\/#article\",\"isPartOf\":{\"@id\":\"https:\/\/www.huebscher.net\/de\/spatenstich-fur-wohnuberbauung-breiten-wildensbuch\/\"},\"author\":{\"name\":\"Michael H\u00fcbscher\",\"@id\":\"https:\/\/www.huebscher.net\/ch\/#\/schema\/person\/8fd9e2307c4694c2c9c33466724cf84a\"},\"headline\":\"Spatenstich f\u00fcr Wohn\u00fcberbauung Breiten in Wildensbuch\",\"datePublished\":\"2018-06-13T06:25:24+00:00\",\"mainEntityOfPage\":{\"@id\":\"https:\/\/www.huebscher.net\/de\/spatenstich-fur-wohnuberbauung-breiten-wildensbuch\/\"},\"wordCount\":88,\"commentCount\":0,\"publisher\":{\"@id\":\"https:\/\/www.huebscher.net\/ch\/#organization\"},\"image\":{\"@id\":\"https:\/\/www.huebscher.net\/de\/spatenstich-fur-wohnuberbauung-breiten-wildensbuch\/#primaryimage\"},\"thumbnailUrl\":\"https:\/\/www.huebscher.net\/media\/Wildensbuch-Spatenstich.jpg\",\"articleSection\":[\"Im Bau\",\"News\"],\"inLanguage\":\"de\",\"potentialAction\":[{\"@type\":\"CommentAction\",\"name\":\"Comment\",\"target\":[\"https:\/\/www.huebscher.net\/de\/spatenstich-fur-wohnuberbauung-breiten-wildensbuch\/#respond\"]}]},{\"@type\":\"WebPage\",\"@id\":\"https:\/\/www.huebscher.net\/de\/spatenstich-fur-wohnuberbauung-breiten-wildensbuch\/\",\"url\":\"https:\/\/www.huebscher.net\/de\/spatenstich-fur-wohnuberbauung-breiten-wildensbuch\/\",\"name\":\"Spatenstich f\u00fcr Wohn\u00fcberbauung Breiten in Wildensbuch\",\"isPartOf\":{\"@id\":\"https:\/\/www.huebscher.net\/ch\/#website\"},\"primaryImageOfPage\":{\"@id\":\"https:\/\/www.huebscher.net\/de\/spatenstich-fur-wohnuberbauung-breiten-wildensbuch\/#primaryimage\"},\"image\":{\"@id\":\"https:\/\/www.huebscher.net\/de\/spatenstich-fur-wohnuberbauung-breiten-wildensbuch\/#primaryimage\"},\"thumbnailUrl\":\"https:\/\/www.huebscher.net\/media\/Wildensbuch-Spatenstich.jpg\",\"datePublished\":\"2018-06-13T06:25:24+00:00\",\"description\":\"Auf einem Feld einer ehemaligen Bio-G\u00e4rtnerei mitten in Wildensbuch werden f\u00fcnf grossz\u00fcgige Einfamilienh\u00e4user realisiert.\",\"breadcrumb\":{\"@id\":\"https:\/\/www.huebscher.net\/de\/spatenstich-fur-wohnuberbauung-breiten-wildensbuch\/#breadcrumb\"},\"inLanguage\":\"de\",\"potentialAction\":[{\"@type\":\"ReadAction\",\"target\":[\"https:\/\/www.huebscher.net\/de\/spatenstich-fur-wohnuberbauung-breiten-wildensbuch\/\"]}]},{\"@type\":\"ImageObject\",\"inLanguage\":\"de\",\"@id\":\"https:\/\/www.huebscher.net\/de\/spatenstich-fur-wohnuberbauung-breiten-wildensbuch\/#primaryimage\",\"url\":\"https:\/\/www.huebscher.net\/media\/Wildensbuch-Spatenstich.jpg\",\"contentUrl\":\"https:\/\/www.huebscher.net\/media\/Wildensbuch-Spatenstich.jpg\",\"width\":1500,\"height\":980},{\"@type\":\"BreadcrumbList\",\"@id\":\"https:\/\/www.huebscher.net\/de\/spatenstich-fur-wohnuberbauung-breiten-wildensbuch\/#breadcrumb\",\"itemListElement\":[{\"@type\":\"ListItem\",\"position\":1,\"name\":\"Home\",\"item\":\"https:\/\/www.huebscher.net\/de\/\"},{\"@type\":\"ListItem\",\"position\":2,\"name\":\"Spatenstich f\u00fcr Wohn\u00fcberbauung Breiten in Wildensbuch\"}]},{\"@type\":\"WebSite\",\"@id\":\"https:\/\/www.huebscher.net\/ch\/#website\",\"url\":\"https:\/\/www.huebscher.net\/ch\/\",\"name\":\"H\u00fcbscher Holzbau\",\"description\":\"H\u00fcbscher Holzbau AG\",\"publisher\":{\"@id\":\"https:\/\/www.huebscher.net\/ch\/#organization\"},\"alternateName\":\"H\u00fcbscher Holzbau\",\"potentialAction\":[{\"@type\":\"SearchAction\",\"target\":{\"@type\":\"EntryPoint\",\"urlTemplate\":\"https:\/\/www.huebscher.net\/ch\/?s={search_term_string}\"},\"query-input\":{\"@type\":\"PropertyValueSpecification\",\"valueRequired\":true,\"valueName\":\"search_term_string\"}}],\"inLanguage\":\"de\"},{\"@type\":\"Organization\",\"@id\":\"https:\/\/www.huebscher.net\/ch\/#organization\",\"name\":\"H\u00fcbscher Holzbau\",\"alternateName\":\"H\u00fcbscher Holzbau\",\"url\":\"https:\/\/www.huebscher.net\/ch\/\",\"logo\":{\"@type\":\"ImageObject\",\"inLanguage\":\"de\",\"@id\":\"https:\/\/www.huebscher.net\/ch\/#\/schema\/logo\/image\/\",\"url\":\"https:\/\/www.huebscher.net\/media\/huebscher_logo_def.png\",\"contentUrl\":\"https:\/\/www.huebscher.net\/media\/huebscher_logo_def.png\",\"width\":220,\"height\":110,\"caption\":\"H\u00fcbscher Holzbau\"},\"image\":{\"@id\":\"https:\/\/www.huebscher.net\/ch\/#\/schema\/logo\/image\/\"},\"sameAs\":[\"http:\/\/facebook.com\/huebscher.holzbau\",\"https:\/\/pt.linkedin.com\/organization-guest\/company\/huebscher-holzbau\",\"https:\/\/www.instagram.com\/huebscherholzbau\/\"]},{\"@type\":\"Person\",\"@id\":\"https:\/\/www.huebscher.net\/ch\/#\/schema\/person\/8fd9e2307c4694c2c9c33466724cf84a\",\"name\":\"Michael H\u00fcbscher\",\"image\":{\"@type\":\"ImageObject\",\"inLanguage\":\"de\",\"@id\":\"https:\/\/www.huebscher.net\/ch\/#\/schema\/person\/image\/\",\"url\":\"https:\/\/secure.gravatar.com\/avatar\/9d37c03c19a40806617c92be68dacdfd?s=96&d=mm&r=g\",\"contentUrl\":\"https:\/\/secure.gravatar.com\/avatar\/9d37c03c19a40806617c92be68dacdfd?s=96&d=mm&r=g\",\"caption\":\"Michael H\u00fcbscher\"},\"sameAs\":[\"https:\/\/huebscher.net\"]}]}<\/script>\n<!-- \/ Yoast SEO Premium plugin. -->","yoast_head_json":{"title":"Spatenstich f\u00fcr Wohn\u00fcberbauung Breiten in Wildensbuch","description":"Auf einem Feld einer ehemaligen Bio-G\u00e4rtnerei mitten in Wildensbuch werden f\u00fcnf grossz\u00fcgige Einfamilienh\u00e4user realisiert.","robots":{"index":"index","follow":"follow","max-snippet":"max-snippet:-1","max-image-preview":"max-image-preview:large","max-video-preview":"max-video-preview:-1"},"canonical":"https:\/\/www.huebscher.net\/de\/spatenstich-fur-wohnuberbauung-breiten-wildensbuch\/","og_locale":"de_DE","og_type":"article","og_title":"Spatenstich f\u00fcr Wohn\u00fcberbauung Breiten in Wildensbuch","og_description":"Auf einem Feld einer ehemaligen Bio-G\u00e4rtnerei mitten in Wildensbuch werden f\u00fcnf grossz\u00fcgige Einfamilienh\u00e4user realisiert.","og_url":"https:\/\/www.huebscher.net\/de\/spatenstich-fur-wohnuberbauung-breiten-wildensbuch\/","og_site_name":"H\u00dcBSCHER HOLZBAU","article_publisher":"http:\/\/facebook.com\/huebscher.holzbau","article_published_time":"2018-06-13T06:25:24+00:00","og_image":[{"width":1500,"height":980,"url":"https:\/\/www.huebscher.net\/media\/Wildensbuch-Spatenstich.jpg","type":"image\/jpeg"}],"author":"Michael H\u00fcbscher","twitter_card":"summary_large_image","twitter_misc":{"Verfasst von":"Michael H\u00fcbscher","Gesch\u00e4tzte Lesezeit":"1\u00a0Minute"},"schema":{"@context":"https:\/\/schema.org","@graph":[{"@type":"Article","@id":"https:\/\/www.huebscher.net\/de\/spatenstich-fur-wohnuberbauung-breiten-wildensbuch\/#article","isPartOf":{"@id":"https:\/\/www.huebscher.net\/de\/spatenstich-fur-wohnuberbauung-breiten-wildensbuch\/"},"author":{"name":"Michael H\u00fcbscher","@id":"https:\/\/www.huebscher.net\/ch\/#\/schema\/person\/8fd9e2307c4694c2c9c33466724cf84a"},"headline":"Spatenstich f\u00fcr Wohn\u00fcberbauung Breiten in Wildensbuch","datePublished":"2018-06-13T06:25:24+00:00","mainEntityOfPage":{"@id":"https:\/\/www.huebscher.net\/de\/spatenstich-fur-wohnuberbauung-breiten-wildensbuch\/"},"wordCount":88,"commentCount":0,"publisher":{"@id":"https:\/\/www.huebscher.net\/ch\/#organization"},"image":{"@id":"https:\/\/www.huebscher.net\/de\/spatenstich-fur-wohnuberbauung-breiten-wildensbuch\/#primaryimage"},"thumbnailUrl":"https:\/\/www.huebscher.net\/media\/Wildensbuch-Spatenstich.jpg","articleSection":["Im Bau","News"],"inLanguage":"de","potentialAction":[{"@type":"CommentAction","name":"Comment","target":["https:\/\/www.huebscher.net\/de\/spatenstich-fur-wohnuberbauung-breiten-wildensbuch\/#respond"]}]},{"@type":"WebPage","@id":"https:\/\/www.huebscher.net\/de\/spatenstich-fur-wohnuberbauung-breiten-wildensbuch\/","url":"https:\/\/www.huebscher.net\/de\/spatenstich-fur-wohnuberbauung-breiten-wildensbuch\/","name":"Spatenstich f\u00fcr Wohn\u00fcberbauung Breiten in Wildensbuch","isPartOf":{"@id":"https:\/\/www.huebscher.net\/ch\/#website"},"primaryImageOfPage":{"@id":"https:\/\/www.huebscher.net\/de\/spatenstich-fur-wohnuberbauung-breiten-wildensbuch\/#primaryimage"},"image":{"@id":"https:\/\/www.huebscher.net\/de\/spatenstich-fur-wohnuberbauung-breiten-wildensbuch\/#primaryimage"},"thumbnailUrl":"https:\/\/www.huebscher.net\/media\/Wildensbuch-Spatenstich.jpg","datePublished":"2018-06-13T06:25:24+00:00","description":"Auf einem Feld einer ehemaligen Bio-G\u00e4rtnerei mitten in Wildensbuch werden f\u00fcnf grossz\u00fcgige Einfamilienh\u00e4user realisiert.","breadcrumb":{"@id":"https:\/\/www.huebscher.net\/de\/spatenstich-fur-wohnuberbauung-breiten-wildensbuch\/#breadcrumb"},"inLanguage":"de","potentialAction":[{"@type":"ReadAction","target":["https:\/\/www.huebscher.net\/de\/spatenstich-fur-wohnuberbauung-breiten-wildensbuch\/"]}]},{"@type":"ImageObject","inLanguage":"de","@id":"https:\/\/www.huebscher.net\/de\/spatenstich-fur-wohnuberbauung-breiten-wildensbuch\/#primaryimage","url":"https:\/\/www.huebscher.net\/media\/Wildensbuch-Spatenstich.jpg","contentUrl":"https:\/\/www.huebscher.net\/media\/Wildensbuch-Spatenstich.jpg","width":1500,"height":980},{"@type":"BreadcrumbList","@id":"https:\/\/www.huebscher.net\/de\/spatenstich-fur-wohnuberbauung-breiten-wildensbuch\/#breadcrumb","itemListElement":[{"@type":"ListItem","position":1,"name":"Home","item":"https:\/\/www.huebscher.net\/de\/"},{"@type":"ListItem","position":2,"name":"Spatenstich f\u00fcr Wohn\u00fcberbauung Breiten in Wildensbuch"}]},{"@type":"WebSite","@id":"https:\/\/www.huebscher.net\/ch\/#website","url":"https:\/\/www.huebscher.net\/ch\/","name":"H\u00fcbscher Holzbau","description":"H\u00fcbscher Holzbau AG","publisher":{"@id":"https:\/\/www.huebscher.net\/ch\/#organization"},"alternateName":"H\u00fcbscher Holzbau","potentialAction":[{"@type":"SearchAction","target":{"@type":"EntryPoint","urlTemplate":"https:\/\/www.huebscher.net\/ch\/?s={search_term_string}"},"query-input":{"@type":"PropertyValueSpecification","valueRequired":true,"valueName":"search_term_string"}}],"inLanguage":"de"},{"@type":"Organization","@id":"https:\/\/www.huebscher.net\/ch\/#organization","name":"H\u00fcbscher Holzbau","alternateName":"H\u00fcbscher Holzbau","url":"https:\/\/www.huebscher.net\/ch\/","logo":{"@type":"ImageObject","inLanguage":"de","@id":"https:\/\/www.huebscher.net\/ch\/#\/schema\/logo\/image\/","url":"https:\/\/www.huebscher.net\/media\/huebscher_logo_def.png","contentUrl":"https:\/\/www.huebscher.net\/media\/huebscher_logo_def.png","width":220,"height":110,"caption":"H\u00fcbscher Holzbau"},"image":{"@id":"https:\/\/www.huebscher.net\/ch\/#\/schema\/logo\/image\/"},"sameAs":["http:\/\/facebook.com\/huebscher.holzbau","https:\/\/pt.linkedin.com\/organization-guest\/company\/huebscher-holzbau","https:\/\/www.instagram.com\/huebscherholzbau\/"]},{"@type":"Person","@id":"https:\/\/www.huebscher.net\/ch\/#\/schema\/person\/8fd9e2307c4694c2c9c33466724cf84a","name":"Michael H\u00fcbscher","image":{"@type":"ImageObject","inLanguage":"de","@id":"https:\/\/www.huebscher.net\/ch\/#\/schema\/person\/image\/","url":"https:\/\/secure.gravatar.com\/avatar\/9d37c03c19a40806617c92be68dacdfd?s=96&d=mm&r=g","contentUrl":"https:\/\/secure.gravatar.com\/avatar\/9d37c03c19a40806617c92be68dacdfd?s=96&d=mm&r=g","caption":"Michael H\u00fcbscher"},"sameAs":["https:\/\/huebscher.net"]}]}},"_links":{"self":[{"href":"https:\/\/www.huebscher.net\/de\/wp-json\/wp\/v2\/posts\/10985"}],"collection":[{"href":"https:\/\/www.huebscher.net\/de\/wp-json\/wp\/v2\/posts"}],"about":[{"href":"https:\/\/www.huebscher.net\/de\/wp-json\/wp\/v2\/types\/post"}],"author":[{"embeddable":true,"href":"https:\/\/www.huebscher.net\/de\/wp-json\/wp\/v2\/users\/2"}],"replies":[{"embeddable":true,"href":"https:\/\/www.huebscher.net\/de\/wp-json\/wp\/v2\/comments?post=10985"}],"version-history":[{"count":0,"href":"https:\/\/www.huebscher.net\/de\/wp-json\/wp\/v2\/posts\/10985\/revisions"}],"wp:featuredmedia":[{"embeddable":true,"href":"https:\/\/www.huebscher.net\/de\/wp-json\/wp\/v2\/media\/9667"}],"wp:attachment":[{"href":"https:\/\/www.huebscher.net\/de\/wp-json\/wp\/v2\/media?parent=10985"}],"wp:term":[{"taxonomy":"category","embeddable":true,"href":"https:\/\/www.huebscher.net\/de\/wp-json\/wp\/v2\/categories?post=10985"},{"taxonomy":"post_tag","embeddable":true,"href":"https:\/\/www.huebscher.net\/de\/wp-json\/wp\/v2\/tags?post=10985"}],"curies":[{"name":"wp","href":"https:\/\/api.w.org\/{rel}","templated":true}]}}