{"id":10963,"date":"2021-01-22T17:35:49","date_gmt":"2021-01-22T16:35:49","guid":{"rendered":"https:\/\/staging.huebscher.net\/unkategorisiert\/baustart-d-efh-in-neunkirch\/"},"modified":"2021-01-22T17:35:49","modified_gmt":"2021-01-22T16:35:49","slug":"baustart-d-efh-in-neunkirch","status":"publish","type":"post","link":"https:\/\/www.huebscher.net\/de\/baustart-d-efh-in-neunkirch\/","title":{"rendered":"Baustart f\u00fcr Doppel-EFH in Neunkirch"},"content":{"rendered":"\n<figure class=\"wp-block-image size-large\"><img fetchpriority=\"high\" decoding=\"async\" width=\"1920\" height=\"844\" src=\"https:\/\/huebscher.net\/media\/G\u00fcnter_S\u00fcdfassade-1920x844.jpg\" alt=\"Baustart f\u00fcr Doppel-EFH in Neunkirch\" class=\"wp-image-5625\" srcset=\"https:\/\/www.huebscher.net\/media\/G\u00fcnter_S\u00fcdfassade-1920x844.jpg 1920w, https:\/\/www.huebscher.net\/media\/G\u00fcnter_S\u00fcdfassade-1280x563.jpg 1280w, https:\/\/www.huebscher.net\/media\/G\u00fcnter_S\u00fcdfassade-768x338.jpg 768w, https:\/\/www.huebscher.net\/media\/G\u00fcnter_S\u00fcdfassade-1536x675.jpg 1536w, https:\/\/www.huebscher.net\/media\/G\u00fcnter_S\u00fcdfassade-350x154.jpg 350w, https:\/\/www.huebscher.net\/media\/G\u00fcnter_S\u00fcdfassade.jpg 2000w\" sizes=\"(max-width: 1920px) 100vw, 1920px\" \/><figcaption class=\"wp-element-caption\">Neubau Doppeleinfamilienhaus Neunkirch<\/figcaption><\/figure>\n\n\n\n<p>Der Baustart f\u00fcr das Doppel-EFH Projekt in Neunkirch ist erfolgt. Am Ortsrand von Neunkirch erstellt H\u00dcBSCHER zwei individuelle und wohngesunde Holzbauten mit unverbaubarer Aussicht. Das untere Haus steht noch zum Verkauf.<\/p>\n\n\n\n<p>Haben wir Ihr Interesse geweckt? <\/p>\n\n\n\n<p>Philipp Ammann ber\u00e4t Sie gerne zum Verkaufsobjekt oder Ihrem individuellen Bauvorhaben: 052 687 40 00<\/p>\n\n\n\n<p><\/p>\n","protected":false},"excerpt":{"rendered":"<p>Der Baustart f\u00fcr das Doppel-EFH Projekt in Neunkirch ist erfolgt. Am Ortsrand von Neunkirch erstellt H\u00dcBSCHER zwei individuelle und wohngesunde Holzbauten mit unverbaubarer Aussicht. Das untere Haus steht noch zum Verkauf. Haben wir Ihr Interesse geweckt? Philipp Ammann ber\u00e4t Sie gerne zum Verkaufsobjekt oder Ihrem individuellen Bauvorhaben: 052 687 40 00<\/p>\n","protected":false},"author":2,"featured_media":10273,"comment_status":"open","ping_status":"open","sticky":false,"template":"","format":"standard","meta":{"_acf_changed":false,"_monsterinsights_skip_tracking":false,"_monsterinsights_sitenote_active":false,"_monsterinsights_sitenote_note":"","_monsterinsights_sitenote_category":0,"_genesis_hide_title":false,"_genesis_hide_breadcrumbs":false,"_genesis_hide_singular_image":false,"_genesis_hide_footer_widgets":false,"_genesis_custom_body_class":"","_genesis_custom_post_class":"","_genesis_layout":"","footnotes":""},"categories":[132,124],"tags":[],"class_list":{"0":"post-10963","1":"post","2":"type-post","3":"status-publish","4":"format-standard","5":"has-post-thumbnail","7":"category-im-bau-de","8":"category-news","9":"entry"},"acf":[],"yoast_head":"<!-- This site is optimized with the Yoast SEO Premium plugin v25.2 (Yoast SEO v25.2) - https:\/\/yoast.com\/wordpress\/plugins\/seo\/ -->\n<title>Baustart f\u00fcr Doppel-EFH in Neunkirch - H\u00dcBSCHER HOLZBAU<\/title>\n<meta name=\"description\" content=\"Am Ortsrand von Neunkirch erstellt H\u00dcBSCHER zwei individuelle und wohngesunde Holzbauten mit unverbaubarer Aussicht\" \/>\n<meta name=\"robots\" content=\"index, follow, max-snippet:-1, max-image-preview:large, max-video-preview:-1\" \/>\n<link rel=\"canonical\" href=\"https:\/\/www.huebscher.net\/de\/baustart-d-efh-in-neunkirch\/\" \/>\n<meta property=\"og:locale\" content=\"de_DE\" \/>\n<meta property=\"og:type\" content=\"article\" \/>\n<meta property=\"og:title\" content=\"Baustart f\u00fcr Doppel-EFH in Neunkirch\" \/>\n<meta property=\"og:description\" content=\"Am Ortsrand von Neunkirch erstellt H\u00dcBSCHER zwei individuelle und wohngesunde Holzbauten mit unverbaubarer Aussicht\" \/>\n<meta property=\"og:url\" content=\"https:\/\/www.huebscher.net\/de\/baustart-d-efh-in-neunkirch\/\" \/>\n<meta property=\"og:site_name\" content=\"H\u00dcBSCHER HOLZBAU\" \/>\n<meta property=\"article:publisher\" content=\"http:\/\/facebook.com\/huebscher.holzbau\" \/>\n<meta property=\"article:published_time\" content=\"2021-01-22T16:35:49+00:00\" \/>\n<meta property=\"og:image\" content=\"https:\/\/www.huebscher.net\/media\/G\u00fcnter_S\u00fcdfassade.jpg\" \/>\n\t<meta property=\"og:image:width\" content=\"2000\" \/>\n\t<meta property=\"og:image:height\" content=\"879\" \/>\n\t<meta property=\"og:image:type\" content=\"image\/jpeg\" \/>\n<meta name=\"author\" content=\"Michael H\u00fcbscher\" \/>\n<meta name=\"twitter:card\" content=\"summary_large_image\" \/>\n<meta name=\"twitter:label1\" content=\"Verfasst von\" \/>\n\t<meta name=\"twitter:data1\" content=\"Michael H\u00fcbscher\" \/>\n\t<meta name=\"twitter:label2\" content=\"Gesch\u00e4tzte Lesezeit\" \/>\n\t<meta name=\"twitter:data2\" content=\"1\u00a0Minute\" \/>\n<script type=\"application\/ld+json\" class=\"yoast-schema-graph\">{\"@context\":\"https:\/\/schema.org\",\"@graph\":[{\"@type\":\"Article\",\"@id\":\"https:\/\/www.huebscher.net\/de\/baustart-d-efh-in-neunkirch\/#article\",\"isPartOf\":{\"@id\":\"https:\/\/www.huebscher.net\/de\/baustart-d-efh-in-neunkirch\/\"},\"author\":{\"name\":\"Michael H\u00fcbscher\",\"@id\":\"https:\/\/www.huebscher.net\/ch\/#\/schema\/person\/8fd9e2307c4694c2c9c33466724cf84a\"},\"headline\":\"Baustart f\u00fcr Doppel-EFH in Neunkirch\",\"datePublished\":\"2021-01-22T16:35:49+00:00\",\"mainEntityOfPage\":{\"@id\":\"https:\/\/www.huebscher.net\/de\/baustart-d-efh-in-neunkirch\/\"},\"wordCount\":59,\"commentCount\":0,\"publisher\":{\"@id\":\"https:\/\/www.huebscher.net\/ch\/#organization\"},\"image\":{\"@id\":\"https:\/\/www.huebscher.net\/de\/baustart-d-efh-in-neunkirch\/#primaryimage\"},\"thumbnailUrl\":\"https:\/\/www.huebscher.net\/media\/G\u00fcnter_S\u00fcdfassade.jpg\",\"articleSection\":[\"Im Bau\",\"News\"],\"inLanguage\":\"de\",\"potentialAction\":[{\"@type\":\"CommentAction\",\"name\":\"Comment\",\"target\":[\"https:\/\/www.huebscher.net\/de\/baustart-d-efh-in-neunkirch\/#respond\"]}]},{\"@type\":\"WebPage\",\"@id\":\"https:\/\/www.huebscher.net\/de\/baustart-d-efh-in-neunkirch\/\",\"url\":\"https:\/\/www.huebscher.net\/de\/baustart-d-efh-in-neunkirch\/\",\"name\":\"Baustart f\u00fcr Doppel-EFH in Neunkirch - H\u00dcBSCHER HOLZBAU\",\"isPartOf\":{\"@id\":\"https:\/\/www.huebscher.net\/ch\/#website\"},\"primaryImageOfPage\":{\"@id\":\"https:\/\/www.huebscher.net\/de\/baustart-d-efh-in-neunkirch\/#primaryimage\"},\"image\":{\"@id\":\"https:\/\/www.huebscher.net\/de\/baustart-d-efh-in-neunkirch\/#primaryimage\"},\"thumbnailUrl\":\"https:\/\/www.huebscher.net\/media\/G\u00fcnter_S\u00fcdfassade.jpg\",\"datePublished\":\"2021-01-22T16:35:49+00:00\",\"description\":\"Am Ortsrand von Neunkirch erstellt H\u00dcBSCHER zwei individuelle und wohngesunde Holzbauten mit unverbaubarer Aussicht\",\"breadcrumb\":{\"@id\":\"https:\/\/www.huebscher.net\/de\/baustart-d-efh-in-neunkirch\/#breadcrumb\"},\"inLanguage\":\"de\",\"potentialAction\":[{\"@type\":\"ReadAction\",\"target\":[\"https:\/\/www.huebscher.net\/de\/baustart-d-efh-in-neunkirch\/\"]}]},{\"@type\":\"ImageObject\",\"inLanguage\":\"de\",\"@id\":\"https:\/\/www.huebscher.net\/de\/baustart-d-efh-in-neunkirch\/#primaryimage\",\"url\":\"https:\/\/www.huebscher.net\/media\/G\u00fcnter_S\u00fcdfassade.jpg\",\"contentUrl\":\"https:\/\/www.huebscher.net\/media\/G\u00fcnter_S\u00fcdfassade.jpg\",\"width\":2000,\"height\":879,\"caption\":\"Neubau Doppeleinfamilienhaus Neunkirch\"},{\"@type\":\"BreadcrumbList\",\"@id\":\"https:\/\/www.huebscher.net\/de\/baustart-d-efh-in-neunkirch\/#breadcrumb\",\"itemListElement\":[{\"@type\":\"ListItem\",\"position\":1,\"name\":\"Home\",\"item\":\"https:\/\/www.huebscher.net\/de\/\"},{\"@type\":\"ListItem\",\"position\":2,\"name\":\"Baustart f\u00fcr Doppel-EFH in Neunkirch\"}]},{\"@type\":\"WebSite\",\"@id\":\"https:\/\/www.huebscher.net\/ch\/#website\",\"url\":\"https:\/\/www.huebscher.net\/ch\/\",\"name\":\"H\u00fcbscher Holzbau\",\"description\":\"H\u00fcbscher Holzbau AG\",\"publisher\":{\"@id\":\"https:\/\/www.huebscher.net\/ch\/#organization\"},\"alternateName\":\"H\u00fcbscher Holzbau\",\"potentialAction\":[{\"@type\":\"SearchAction\",\"target\":{\"@type\":\"EntryPoint\",\"urlTemplate\":\"https:\/\/www.huebscher.net\/ch\/?s={search_term_string}\"},\"query-input\":{\"@type\":\"PropertyValueSpecification\",\"valueRequired\":true,\"valueName\":\"search_term_string\"}}],\"inLanguage\":\"de\"},{\"@type\":\"Organization\",\"@id\":\"https:\/\/www.huebscher.net\/ch\/#organization\",\"name\":\"H\u00fcbscher Holzbau\",\"alternateName\":\"H\u00fcbscher Holzbau\",\"url\":\"https:\/\/www.huebscher.net\/ch\/\",\"logo\":{\"@type\":\"ImageObject\",\"inLanguage\":\"de\",\"@id\":\"https:\/\/www.huebscher.net\/ch\/#\/schema\/logo\/image\/\",\"url\":\"https:\/\/www.huebscher.net\/media\/huebscher_logo_def.png\",\"contentUrl\":\"https:\/\/www.huebscher.net\/media\/huebscher_logo_def.png\",\"width\":220,\"height\":110,\"caption\":\"H\u00fcbscher Holzbau\"},\"image\":{\"@id\":\"https:\/\/www.huebscher.net\/ch\/#\/schema\/logo\/image\/\"},\"sameAs\":[\"http:\/\/facebook.com\/huebscher.holzbau\",\"https:\/\/pt.linkedin.com\/organization-guest\/company\/huebscher-holzbau\",\"https:\/\/www.instagram.com\/huebscherholzbau\/\"]},{\"@type\":\"Person\",\"@id\":\"https:\/\/www.huebscher.net\/ch\/#\/schema\/person\/8fd9e2307c4694c2c9c33466724cf84a\",\"name\":\"Michael H\u00fcbscher\",\"image\":{\"@type\":\"ImageObject\",\"inLanguage\":\"de\",\"@id\":\"https:\/\/www.huebscher.net\/ch\/#\/schema\/person\/image\/\",\"url\":\"https:\/\/secure.gravatar.com\/avatar\/9d37c03c19a40806617c92be68dacdfd?s=96&d=mm&r=g\",\"contentUrl\":\"https:\/\/secure.gravatar.com\/avatar\/9d37c03c19a40806617c92be68dacdfd?s=96&d=mm&r=g\",\"caption\":\"Michael H\u00fcbscher\"},\"sameAs\":[\"https:\/\/huebscher.net\"]}]}<\/script>\n<!-- \/ Yoast SEO Premium plugin. -->","yoast_head_json":{"title":"Baustart f\u00fcr Doppel-EFH in Neunkirch - H\u00dcBSCHER HOLZBAU","description":"Am Ortsrand von Neunkirch erstellt H\u00dcBSCHER zwei individuelle und wohngesunde Holzbauten mit unverbaubarer Aussicht","robots":{"index":"index","follow":"follow","max-snippet":"max-snippet:-1","max-image-preview":"max-image-preview:large","max-video-preview":"max-video-preview:-1"},"canonical":"https:\/\/www.huebscher.net\/de\/baustart-d-efh-in-neunkirch\/","og_locale":"de_DE","og_type":"article","og_title":"Baustart f\u00fcr Doppel-EFH in Neunkirch","og_description":"Am Ortsrand von Neunkirch erstellt H\u00dcBSCHER zwei individuelle und wohngesunde Holzbauten mit unverbaubarer Aussicht","og_url":"https:\/\/www.huebscher.net\/de\/baustart-d-efh-in-neunkirch\/","og_site_name":"H\u00dcBSCHER HOLZBAU","article_publisher":"http:\/\/facebook.com\/huebscher.holzbau","article_published_time":"2021-01-22T16:35:49+00:00","og_image":[{"width":2000,"height":879,"url":"https:\/\/www.huebscher.net\/media\/G\u00fcnter_S\u00fcdfassade.jpg","type":"image\/jpeg"}],"author":"Michael H\u00fcbscher","twitter_card":"summary_large_image","twitter_misc":{"Verfasst von":"Michael H\u00fcbscher","Gesch\u00e4tzte Lesezeit":"1\u00a0Minute"},"schema":{"@context":"https:\/\/schema.org","@graph":[{"@type":"Article","@id":"https:\/\/www.huebscher.net\/de\/baustart-d-efh-in-neunkirch\/#article","isPartOf":{"@id":"https:\/\/www.huebscher.net\/de\/baustart-d-efh-in-neunkirch\/"},"author":{"name":"Michael H\u00fcbscher","@id":"https:\/\/www.huebscher.net\/ch\/#\/schema\/person\/8fd9e2307c4694c2c9c33466724cf84a"},"headline":"Baustart f\u00fcr Doppel-EFH in Neunkirch","datePublished":"2021-01-22T16:35:49+00:00","mainEntityOfPage":{"@id":"https:\/\/www.huebscher.net\/de\/baustart-d-efh-in-neunkirch\/"},"wordCount":59,"commentCount":0,"publisher":{"@id":"https:\/\/www.huebscher.net\/ch\/#organization"},"image":{"@id":"https:\/\/www.huebscher.net\/de\/baustart-d-efh-in-neunkirch\/#primaryimage"},"thumbnailUrl":"https:\/\/www.huebscher.net\/media\/G\u00fcnter_S\u00fcdfassade.jpg","articleSection":["Im Bau","News"],"inLanguage":"de","potentialAction":[{"@type":"CommentAction","name":"Comment","target":["https:\/\/www.huebscher.net\/de\/baustart-d-efh-in-neunkirch\/#respond"]}]},{"@type":"WebPage","@id":"https:\/\/www.huebscher.net\/de\/baustart-d-efh-in-neunkirch\/","url":"https:\/\/www.huebscher.net\/de\/baustart-d-efh-in-neunkirch\/","name":"Baustart f\u00fcr Doppel-EFH in Neunkirch - H\u00dcBSCHER HOLZBAU","isPartOf":{"@id":"https:\/\/www.huebscher.net\/ch\/#website"},"primaryImageOfPage":{"@id":"https:\/\/www.huebscher.net\/de\/baustart-d-efh-in-neunkirch\/#primaryimage"},"image":{"@id":"https:\/\/www.huebscher.net\/de\/baustart-d-efh-in-neunkirch\/#primaryimage"},"thumbnailUrl":"https:\/\/www.huebscher.net\/media\/G\u00fcnter_S\u00fcdfassade.jpg","datePublished":"2021-01-22T16:35:49+00:00","description":"Am Ortsrand von Neunkirch erstellt H\u00dcBSCHER zwei individuelle und wohngesunde Holzbauten mit unverbaubarer Aussicht","breadcrumb":{"@id":"https:\/\/www.huebscher.net\/de\/baustart-d-efh-in-neunkirch\/#breadcrumb"},"inLanguage":"de","potentialAction":[{"@type":"ReadAction","target":["https:\/\/www.huebscher.net\/de\/baustart-d-efh-in-neunkirch\/"]}]},{"@type":"ImageObject","inLanguage":"de","@id":"https:\/\/www.huebscher.net\/de\/baustart-d-efh-in-neunkirch\/#primaryimage","url":"https:\/\/www.huebscher.net\/media\/G\u00fcnter_S\u00fcdfassade.jpg","contentUrl":"https:\/\/www.huebscher.net\/media\/G\u00fcnter_S\u00fcdfassade.jpg","width":2000,"height":879,"caption":"Neubau Doppeleinfamilienhaus Neunkirch"},{"@type":"BreadcrumbList","@id":"https:\/\/www.huebscher.net\/de\/baustart-d-efh-in-neunkirch\/#breadcrumb","itemListElement":[{"@type":"ListItem","position":1,"name":"Home","item":"https:\/\/www.huebscher.net\/de\/"},{"@type":"ListItem","position":2,"name":"Baustart f\u00fcr Doppel-EFH in Neunkirch"}]},{"@type":"WebSite","@id":"https:\/\/www.huebscher.net\/ch\/#website","url":"https:\/\/www.huebscher.net\/ch\/","name":"H\u00fcbscher Holzbau","description":"H\u00fcbscher Holzbau AG","publisher":{"@id":"https:\/\/www.huebscher.net\/ch\/#organization"},"alternateName":"H\u00fcbscher Holzbau","potentialAction":[{"@type":"SearchAction","target":{"@type":"EntryPoint","urlTemplate":"https:\/\/www.huebscher.net\/ch\/?s={search_term_string}"},"query-input":{"@type":"PropertyValueSpecification","valueRequired":true,"valueName":"search_term_string"}}],"inLanguage":"de"},{"@type":"Organization","@id":"https:\/\/www.huebscher.net\/ch\/#organization","name":"H\u00fcbscher Holzbau","alternateName":"H\u00fcbscher Holzbau","url":"https:\/\/www.huebscher.net\/ch\/","logo":{"@type":"ImageObject","inLanguage":"de","@id":"https:\/\/www.huebscher.net\/ch\/#\/schema\/logo\/image\/","url":"https:\/\/www.huebscher.net\/media\/huebscher_logo_def.png","contentUrl":"https:\/\/www.huebscher.net\/media\/huebscher_logo_def.png","width":220,"height":110,"caption":"H\u00fcbscher Holzbau"},"image":{"@id":"https:\/\/www.huebscher.net\/ch\/#\/schema\/logo\/image\/"},"sameAs":["http:\/\/facebook.com\/huebscher.holzbau","https:\/\/pt.linkedin.com\/organization-guest\/company\/huebscher-holzbau","https:\/\/www.instagram.com\/huebscherholzbau\/"]},{"@type":"Person","@id":"https:\/\/www.huebscher.net\/ch\/#\/schema\/person\/8fd9e2307c4694c2c9c33466724cf84a","name":"Michael H\u00fcbscher","image":{"@type":"ImageObject","inLanguage":"de","@id":"https:\/\/www.huebscher.net\/ch\/#\/schema\/person\/image\/","url":"https:\/\/secure.gravatar.com\/avatar\/9d37c03c19a40806617c92be68dacdfd?s=96&d=mm&r=g","contentUrl":"https:\/\/secure.gravatar.com\/avatar\/9d37c03c19a40806617c92be68dacdfd?s=96&d=mm&r=g","caption":"Michael H\u00fcbscher"},"sameAs":["https:\/\/huebscher.net"]}]}},"_links":{"self":[{"href":"https:\/\/www.huebscher.net\/de\/wp-json\/wp\/v2\/posts\/10963"}],"collection":[{"href":"https:\/\/www.huebscher.net\/de\/wp-json\/wp\/v2\/posts"}],"about":[{"href":"https:\/\/www.huebscher.net\/de\/wp-json\/wp\/v2\/types\/post"}],"author":[{"embeddable":true,"href":"https:\/\/www.huebscher.net\/de\/wp-json\/wp\/v2\/users\/2"}],"replies":[{"embeddable":true,"href":"https:\/\/www.huebscher.net\/de\/wp-json\/wp\/v2\/comments?post=10963"}],"version-history":[{"count":0,"href":"https:\/\/www.huebscher.net\/de\/wp-json\/wp\/v2\/posts\/10963\/revisions"}],"wp:featuredmedia":[{"embeddable":true,"href":"https:\/\/www.huebscher.net\/de\/wp-json\/wp\/v2\/media\/10273"}],"wp:attachment":[{"href":"https:\/\/www.huebscher.net\/de\/wp-json\/wp\/v2\/media?parent=10963"}],"wp:term":[{"taxonomy":"category","embeddable":true,"href":"https:\/\/www.huebscher.net\/de\/wp-json\/wp\/v2\/categories?post=10963"},{"taxonomy":"post_tag","embeddable":true,"href":"https:\/\/www.huebscher.net\/de\/wp-json\/wp\/v2\/tags?post=10963"}],"curies":[{"name":"wp","href":"https:\/\/api.w.org\/{rel}","templated":true}]}}