{"id":10957,"date":"2021-09-08T07:00:29","date_gmt":"2021-09-08T05:00:29","guid":{"rendered":"https:\/\/staging.huebscher.net\/unkategorisiert\/hubscher-baut-weltklasse-in-zurich\/"},"modified":"2021-09-08T07:00:29","modified_gmt":"2021-09-08T05:00:29","slug":"hubscher-baut-weltklasse-in-zurich","status":"publish","type":"post","link":"https:\/\/www.huebscher.net\/de\/hubscher-baut-weltklasse-in-zurich\/","title":{"rendered":"H\u00dcBSCHER baut WELTKLASSE in Z\u00fcrich"},"content":{"rendered":"\n<h3 class=\"wp-block-heading\">B\u00fchne frei f\u00fcr die Weltpremiere auf dem Sechsel\u00e4utenplatz<\/h3>\n\n\n\n<p>Nach zuletzt neun Gastauftritten im Hauptbahnhof verwandeln die Organisatoren Z\u00fcrichs Innenstadt am Mittwoch, 8. September erstmals in eine tempor\u00e4re Leichtathletik-Arena. Auf drei Sitzplatztrib\u00fcnen k\u00f6nnen gegen 2500 Zuschauerinnen und Zuschauer dabei sein, wenn im Hochsprung, Weitsprung, Kugelstossen und \u00fcber 5000 m die ersten von insgesamt 32 Finalentscheidungen der Wanda Diamond League fallen. Die Weltpremiere wird von 17.30 bis 19.30 Uhr live im Schweizer Fernsehen und rund um den Globus \u00fcbertragen, ehe es tags darauf im Stadion Letzigrund zur dreist\u00fcndigen Finalgala kommt. &nbsp;<\/p>\n\n\n\n<figure class=\"wp-block-embed-youtube wp-block-embed is-type-video is-provider-youtube wp-embed-aspect-16-9 wp-has-aspect-ratio\"><div class=\"wp-block-embed__wrapper\">\n <div class=\"brlbs-cmpnt-container brlbs-cmpnt-content-blocker brlbs-cmpnt-with-individual-styles\" data-borlabs-cookie-content-blocker-id=\"default\" data-borlabs-cookie-content=\"PGRpdiBjbGFzcz0ic2YtdmlkZW8tY29udGFpbmVyIj48aWZyYW1lIHRpdGxlPSJXZWx0a2xhc3NlIFrDvHJpY2ggLSBDT05JQ0EgQmFobiBUZXN0IiB3aWR0aD0iNTAwIiBoZWlnaHQ9IjI4MSIgc3JjPSJodHRwczovL3d3dy55b3V0dWJlLmNvbS9lbWJlZC9zMEhNZEdwVzBhQT9mZWF0dXJlPW9lbWJlZCIgZnJhbWVib3JkZXI9IjAiIGFsbG93PSJhY2NlbGVyb21ldGVyOyBhdXRvcGxheTsgY2xpcGJvYXJkLXdyaXRlOyBlbmNyeXB0ZWQtbWVkaWE7IGd5cm9zY29wZTsgcGljdHVyZS1pbi1waWN0dXJlOyB3ZWItc2hhcmUiIHJlZmVycmVycG9saWN5PSJzdHJpY3Qtb3JpZ2luLXdoZW4tY3Jvc3Mtb3JpZ2luIiBhbGxvd2Z1bGxzY3JlZW4+PC9pZnJhbWU+PC9kaXY+\"><div class=\"brlbs-cmpnt-cb-preset-a\"> <p class=\"brlbs-cmpnt-cb-description\">Um auf den eigentlichen Inhalt zuzugreifen, klicken Sie auf den Button unten. Bitte beachten Sie, dass dabei Daten an Drittanbieter weitergegeben werden.<\/p> <div class=\"brlbs-cmpnt-cb-buttons\"> <a class=\"brlbs-cmpnt-cb-btn\" href=\"#\" data-borlabs-cookie-unblock role=\"button\">Inhalt entsperren<\/a> <a class=\"brlbs-cmpnt-cb-btn\" href=\"#\" data-borlabs-cookie-accept-service role=\"button\" style=\"display: none\">Erforderlichen Service akzeptieren und Inhalte entsperren<\/a> <\/div> <a class=\"brlbs-cmpnt-cb-provider-toggle\" href=\"#\" data-borlabs-cookie-show-provider-information role=\"button\">Weitere Informationen<\/a> <\/div><\/div>\n<\/div><figcaption>H\u00dcBSCHER baut tempor\u00e4re Bahn f\u00fcr Weltklasse Z\u00fcrich<\/figcaption><\/figure>\n\n\n\n<h3 class=\"wp-block-heading\">Sieben Finals im Herzen der Stadt<\/h3>\n\n\n\n<p>\u00abMit dem Gang auf Z\u00fcrichs gr\u00f6ssten Platz wollen wir die Leichtathletik noch n\u00e4her zur Bev\u00f6lkerung bringen und auch ausserhalb des Stadions inspirieren\u00bb, sagt Co-Meeting Director Andreas Hediger. Das Herzst\u00fcck des City Events bildet die tempor\u00e4re Arena mit drei Plattformen f\u00fcr die technischen Disziplinen, umrahmt von drei Sitzplatztrib\u00fcnen f\u00fcr knapp 2500 Personen, welche die ersten sieben Diamond-League-Kr\u00f6nungen aus n\u00e4chster N\u00e4he und vor einer einzigartigen Kulisse erleben. Ein geradezu \u00abbahnbrechendes\u00bb Spektakel versprechen die beiden Laufwettbewerbe, bei denen die zehn Finalistinnen und Finalisten mit bis zu 25 Kilometern pro Stunde \u00fcber den Sechsel\u00e4utenplatz jagen werden.&nbsp;&nbsp; &nbsp;<\/p>\n\n\n\n<h3 class=\"wp-block-heading\">L\u00e4ngste mobile Bahn der Welt<\/h3>\n\n\n\n<p>F\u00fcr die Freiluftpremiere inmitten der Stadt gehen Weltklasse Z\u00fcrich und der Schweizer Leichtathletik- und Laufbahnbahnspezialist Conica AG zusammen mit der H\u00dcBSCHER HOLZBAU AGungew\u00f6hnliche, innovative Wege. Denn anders als bei der brandneuen \u00abpiste magique\u00bb im Stadion Letzigrund wird der spikeschuhkonforme Kunststoffbelag am Bellevue tempor\u00e4r verlegt und in den engeren Kurven um das Opernhaus mit einer speziellen Holzkonstruktion angehoben, so wie man es von Indoor-Leichtathletikanlagen kennt. Die l\u00e4ngste mobile Bahn der Welt misst rund 560 Meter (3 bis 4.5 m in der Breite). Rekorde k\u00f6nnen darauf zwar nicht homologiert werden, daf\u00fcr haben die 5000-m-Laufasse bloss noch knapp neun \u00abSechsel\u00e4utenplatz-Runden\u00bb zu absolvieren statt deren zw\u00f6lfeinhalb im Stadion.<\/p>\n\n\n\n<p>Weitere Informationen:<\/p>\n\n\n\n<p><a href=\"https:\/\/zurich.diamondleague.com\/\">https:\/\/zurich.diamondleague.com\/<\/a><\/p>\n\n\n\n<p><a href=\"https:\/\/www.conica.com\/\">CONICA \u2013 Swiss Flooring Solutions<\/a><\/p>\n\n\n\n<p>Auf der Suche nach einem kompetenten Partner f\u00fcr individuelle Anforderungen? Jetzt Termin vereinbaren: 052 687 40 00<\/p>\n\n\n\n<p><\/p>\n","protected":false},"excerpt":{"rendered":"<p>H\u00dcBSCHER baut zusammen mit der Firma Conica die tempor\u00e4re Bahn auf dem Sechseleutenplatz.<\/p>\n","protected":false},"author":2,"featured_media":10374,"comment_status":"open","ping_status":"open","sticky":false,"template":"","format":"standard","meta":{"_acf_changed":false,"_monsterinsights_skip_tracking":false,"_monsterinsights_sitenote_active":false,"_monsterinsights_sitenote_note":"","_monsterinsights_sitenote_category":0,"_genesis_hide_title":false,"_genesis_hide_breadcrumbs":false,"_genesis_hide_singular_image":false,"_genesis_hide_footer_widgets":false,"_genesis_custom_body_class":"","_genesis_custom_post_class":"","_genesis_layout":"","footnotes":""},"categories":[132,124],"tags":[],"class_list":{"0":"post-10957","1":"post","2":"type-post","3":"status-publish","4":"format-standard","5":"has-post-thumbnail","7":"category-im-bau-de","8":"category-news","9":"entry"},"acf":[],"yoast_head":"<!-- This site is optimized with the Yoast SEO Premium plugin v25.2 (Yoast SEO v25.2) - https:\/\/yoast.com\/wordpress\/plugins\/seo\/ -->\n<title>H\u00dcBSCHER baut WELTKLASSE in Z\u00fcrich<\/title>\n<meta name=\"description\" content=\"H\u00fcbscher Holzbau baut tempor\u00e4re Leichtathletik-Arena in Z\u00fcrich. B\u00fchne frei f\u00fcr die Weltpremiere auf dem Sechsel\u00e4utenplatz\" \/>\n<meta name=\"robots\" content=\"index, follow, max-snippet:-1, max-image-preview:large, max-video-preview:-1\" \/>\n<link rel=\"canonical\" href=\"https:\/\/www.huebscher.net\/de\/hubscher-baut-weltklasse-in-zurich\/\" \/>\n<meta property=\"og:locale\" content=\"de_DE\" \/>\n<meta property=\"og:type\" content=\"article\" \/>\n<meta property=\"og:title\" content=\"H\u00dcBSCHER baut WELTKLASSE in Z\u00fcrich\" \/>\n<meta property=\"og:description\" content=\"H\u00fcbscher Holzbau baut tempor\u00e4re Leichtathletik-Arena in Z\u00fcrich. B\u00fchne frei f\u00fcr die Weltpremiere auf dem Sechsel\u00e4utenplatz\" \/>\n<meta property=\"og:url\" content=\"https:\/\/www.huebscher.net\/de\/hubscher-baut-weltklasse-in-zurich\/\" \/>\n<meta property=\"og:site_name\" content=\"H\u00dcBSCHER HOLZBAU\" \/>\n<meta property=\"article:publisher\" content=\"http:\/\/facebook.com\/huebscher.holzbau\" \/>\n<meta property=\"article:published_time\" content=\"2021-09-08T05:00:29+00:00\" \/>\n<meta property=\"og:image\" content=\"https:\/\/www.huebscher.net\/media\/1630301702434.jpg\" \/>\n\t<meta property=\"og:image:width\" content=\"1020\" \/>\n\t<meta property=\"og:image:height\" content=\"573\" \/>\n\t<meta property=\"og:image:type\" content=\"image\/jpeg\" \/>\n<meta name=\"author\" content=\"Michael H\u00fcbscher\" \/>\n<meta name=\"twitter:card\" content=\"summary_large_image\" \/>\n<meta name=\"twitter:label1\" content=\"Verfasst von\" \/>\n\t<meta name=\"twitter:data1\" content=\"Michael H\u00fcbscher\" \/>\n\t<meta name=\"twitter:label2\" content=\"Gesch\u00e4tzte Lesezeit\" \/>\n\t<meta name=\"twitter:data2\" content=\"3\u00a0Minuten\" \/>\n<script type=\"application\/ld+json\" class=\"yoast-schema-graph\">{\"@context\":\"https:\/\/schema.org\",\"@graph\":[{\"@type\":\"Article\",\"@id\":\"https:\/\/www.huebscher.net\/de\/hubscher-baut-weltklasse-in-zurich\/#article\",\"isPartOf\":{\"@id\":\"https:\/\/www.huebscher.net\/de\/hubscher-baut-weltklasse-in-zurich\/\"},\"author\":{\"name\":\"Michael H\u00fcbscher\",\"@id\":\"https:\/\/www.huebscher.net\/ch\/#\/schema\/person\/8fd9e2307c4694c2c9c33466724cf84a\"},\"headline\":\"H\u00dcBSCHER baut WELTKLASSE in Z\u00fcrich\",\"datePublished\":\"2021-09-08T05:00:29+00:00\",\"mainEntityOfPage\":{\"@id\":\"https:\/\/www.huebscher.net\/de\/hubscher-baut-weltklasse-in-zurich\/\"},\"wordCount\":371,\"commentCount\":0,\"publisher\":{\"@id\":\"https:\/\/www.huebscher.net\/ch\/#organization\"},\"image\":{\"@id\":\"https:\/\/www.huebscher.net\/de\/hubscher-baut-weltklasse-in-zurich\/#primaryimage\"},\"thumbnailUrl\":\"https:\/\/www.huebscher.net\/media\/1630301702434.jpg\",\"articleSection\":[\"Im Bau\",\"News\"],\"inLanguage\":\"de\",\"potentialAction\":[{\"@type\":\"CommentAction\",\"name\":\"Comment\",\"target\":[\"https:\/\/www.huebscher.net\/de\/hubscher-baut-weltklasse-in-zurich\/#respond\"]}]},{\"@type\":\"WebPage\",\"@id\":\"https:\/\/www.huebscher.net\/de\/hubscher-baut-weltklasse-in-zurich\/\",\"url\":\"https:\/\/www.huebscher.net\/de\/hubscher-baut-weltklasse-in-zurich\/\",\"name\":\"H\u00dcBSCHER baut WELTKLASSE in Z\u00fcrich\",\"isPartOf\":{\"@id\":\"https:\/\/www.huebscher.net\/ch\/#website\"},\"primaryImageOfPage\":{\"@id\":\"https:\/\/www.huebscher.net\/de\/hubscher-baut-weltklasse-in-zurich\/#primaryimage\"},\"image\":{\"@id\":\"https:\/\/www.huebscher.net\/de\/hubscher-baut-weltklasse-in-zurich\/#primaryimage\"},\"thumbnailUrl\":\"https:\/\/www.huebscher.net\/media\/1630301702434.jpg\",\"datePublished\":\"2021-09-08T05:00:29+00:00\",\"description\":\"H\u00fcbscher Holzbau baut tempor\u00e4re Leichtathletik-Arena in Z\u00fcrich. B\u00fchne frei f\u00fcr die Weltpremiere auf dem Sechsel\u00e4utenplatz\",\"breadcrumb\":{\"@id\":\"https:\/\/www.huebscher.net\/de\/hubscher-baut-weltklasse-in-zurich\/#breadcrumb\"},\"inLanguage\":\"de\",\"potentialAction\":[{\"@type\":\"ReadAction\",\"target\":[\"https:\/\/www.huebscher.net\/de\/hubscher-baut-weltklasse-in-zurich\/\"]}]},{\"@type\":\"ImageObject\",\"inLanguage\":\"de\",\"@id\":\"https:\/\/www.huebscher.net\/de\/hubscher-baut-weltklasse-in-zurich\/#primaryimage\",\"url\":\"https:\/\/www.huebscher.net\/media\/1630301702434.jpg\",\"contentUrl\":\"https:\/\/www.huebscher.net\/media\/1630301702434.jpg\",\"width\":1020,\"height\":573,\"caption\":\"B\u00fcro Gewerbebau\"},{\"@type\":\"BreadcrumbList\",\"@id\":\"https:\/\/www.huebscher.net\/de\/hubscher-baut-weltklasse-in-zurich\/#breadcrumb\",\"itemListElement\":[{\"@type\":\"ListItem\",\"position\":1,\"name\":\"Home\",\"item\":\"https:\/\/www.huebscher.net\/de\/\"},{\"@type\":\"ListItem\",\"position\":2,\"name\":\"H\u00dcBSCHER baut WELTKLASSE in Z\u00fcrich\"}]},{\"@type\":\"WebSite\",\"@id\":\"https:\/\/www.huebscher.net\/ch\/#website\",\"url\":\"https:\/\/www.huebscher.net\/ch\/\",\"name\":\"H\u00fcbscher Holzbau\",\"description\":\"H\u00fcbscher Holzbau AG\",\"publisher\":{\"@id\":\"https:\/\/www.huebscher.net\/ch\/#organization\"},\"alternateName\":\"H\u00fcbscher Holzbau\",\"potentialAction\":[{\"@type\":\"SearchAction\",\"target\":{\"@type\":\"EntryPoint\",\"urlTemplate\":\"https:\/\/www.huebscher.net\/ch\/?s={search_term_string}\"},\"query-input\":{\"@type\":\"PropertyValueSpecification\",\"valueRequired\":true,\"valueName\":\"search_term_string\"}}],\"inLanguage\":\"de\"},{\"@type\":\"Organization\",\"@id\":\"https:\/\/www.huebscher.net\/ch\/#organization\",\"name\":\"H\u00fcbscher Holzbau\",\"alternateName\":\"H\u00fcbscher Holzbau\",\"url\":\"https:\/\/www.huebscher.net\/ch\/\",\"logo\":{\"@type\":\"ImageObject\",\"inLanguage\":\"de\",\"@id\":\"https:\/\/www.huebscher.net\/ch\/#\/schema\/logo\/image\/\",\"url\":\"https:\/\/www.huebscher.net\/media\/huebscher_logo_def.png\",\"contentUrl\":\"https:\/\/www.huebscher.net\/media\/huebscher_logo_def.png\",\"width\":220,\"height\":110,\"caption\":\"H\u00fcbscher Holzbau\"},\"image\":{\"@id\":\"https:\/\/www.huebscher.net\/ch\/#\/schema\/logo\/image\/\"},\"sameAs\":[\"http:\/\/facebook.com\/huebscher.holzbau\",\"https:\/\/pt.linkedin.com\/organization-guest\/company\/huebscher-holzbau\",\"https:\/\/www.instagram.com\/huebscherholzbau\/\"]},{\"@type\":\"Person\",\"@id\":\"https:\/\/www.huebscher.net\/ch\/#\/schema\/person\/8fd9e2307c4694c2c9c33466724cf84a\",\"name\":\"Michael H\u00fcbscher\",\"image\":{\"@type\":\"ImageObject\",\"inLanguage\":\"de\",\"@id\":\"https:\/\/www.huebscher.net\/ch\/#\/schema\/person\/image\/\",\"url\":\"https:\/\/secure.gravatar.com\/avatar\/9d37c03c19a40806617c92be68dacdfd?s=96&d=mm&r=g\",\"contentUrl\":\"https:\/\/secure.gravatar.com\/avatar\/9d37c03c19a40806617c92be68dacdfd?s=96&d=mm&r=g\",\"caption\":\"Michael H\u00fcbscher\"},\"sameAs\":[\"https:\/\/huebscher.net\"]}]}<\/script>\n<!-- \/ Yoast SEO Premium plugin. -->","yoast_head_json":{"title":"H\u00dcBSCHER baut WELTKLASSE in Z\u00fcrich","description":"H\u00fcbscher Holzbau baut tempor\u00e4re Leichtathletik-Arena in Z\u00fcrich. B\u00fchne frei f\u00fcr die Weltpremiere auf dem Sechsel\u00e4utenplatz","robots":{"index":"index","follow":"follow","max-snippet":"max-snippet:-1","max-image-preview":"max-image-preview:large","max-video-preview":"max-video-preview:-1"},"canonical":"https:\/\/www.huebscher.net\/de\/hubscher-baut-weltklasse-in-zurich\/","og_locale":"de_DE","og_type":"article","og_title":"H\u00dcBSCHER baut WELTKLASSE in Z\u00fcrich","og_description":"H\u00fcbscher Holzbau baut tempor\u00e4re Leichtathletik-Arena in Z\u00fcrich. B\u00fchne frei f\u00fcr die Weltpremiere auf dem Sechsel\u00e4utenplatz","og_url":"https:\/\/www.huebscher.net\/de\/hubscher-baut-weltklasse-in-zurich\/","og_site_name":"H\u00dcBSCHER HOLZBAU","article_publisher":"http:\/\/facebook.com\/huebscher.holzbau","article_published_time":"2021-09-08T05:00:29+00:00","og_image":[{"width":1020,"height":573,"url":"https:\/\/www.huebscher.net\/media\/1630301702434.jpg","type":"image\/jpeg"}],"author":"Michael H\u00fcbscher","twitter_card":"summary_large_image","twitter_misc":{"Verfasst von":"Michael H\u00fcbscher","Gesch\u00e4tzte Lesezeit":"3\u00a0Minuten"},"schema":{"@context":"https:\/\/schema.org","@graph":[{"@type":"Article","@id":"https:\/\/www.huebscher.net\/de\/hubscher-baut-weltklasse-in-zurich\/#article","isPartOf":{"@id":"https:\/\/www.huebscher.net\/de\/hubscher-baut-weltklasse-in-zurich\/"},"author":{"name":"Michael H\u00fcbscher","@id":"https:\/\/www.huebscher.net\/ch\/#\/schema\/person\/8fd9e2307c4694c2c9c33466724cf84a"},"headline":"H\u00dcBSCHER baut WELTKLASSE in Z\u00fcrich","datePublished":"2021-09-08T05:00:29+00:00","mainEntityOfPage":{"@id":"https:\/\/www.huebscher.net\/de\/hubscher-baut-weltklasse-in-zurich\/"},"wordCount":371,"commentCount":0,"publisher":{"@id":"https:\/\/www.huebscher.net\/ch\/#organization"},"image":{"@id":"https:\/\/www.huebscher.net\/de\/hubscher-baut-weltklasse-in-zurich\/#primaryimage"},"thumbnailUrl":"https:\/\/www.huebscher.net\/media\/1630301702434.jpg","articleSection":["Im Bau","News"],"inLanguage":"de","potentialAction":[{"@type":"CommentAction","name":"Comment","target":["https:\/\/www.huebscher.net\/de\/hubscher-baut-weltklasse-in-zurich\/#respond"]}]},{"@type":"WebPage","@id":"https:\/\/www.huebscher.net\/de\/hubscher-baut-weltklasse-in-zurich\/","url":"https:\/\/www.huebscher.net\/de\/hubscher-baut-weltklasse-in-zurich\/","name":"H\u00dcBSCHER baut WELTKLASSE in Z\u00fcrich","isPartOf":{"@id":"https:\/\/www.huebscher.net\/ch\/#website"},"primaryImageOfPage":{"@id":"https:\/\/www.huebscher.net\/de\/hubscher-baut-weltklasse-in-zurich\/#primaryimage"},"image":{"@id":"https:\/\/www.huebscher.net\/de\/hubscher-baut-weltklasse-in-zurich\/#primaryimage"},"thumbnailUrl":"https:\/\/www.huebscher.net\/media\/1630301702434.jpg","datePublished":"2021-09-08T05:00:29+00:00","description":"H\u00fcbscher Holzbau baut tempor\u00e4re Leichtathletik-Arena in Z\u00fcrich. B\u00fchne frei f\u00fcr die Weltpremiere auf dem Sechsel\u00e4utenplatz","breadcrumb":{"@id":"https:\/\/www.huebscher.net\/de\/hubscher-baut-weltklasse-in-zurich\/#breadcrumb"},"inLanguage":"de","potentialAction":[{"@type":"ReadAction","target":["https:\/\/www.huebscher.net\/de\/hubscher-baut-weltklasse-in-zurich\/"]}]},{"@type":"ImageObject","inLanguage":"de","@id":"https:\/\/www.huebscher.net\/de\/hubscher-baut-weltklasse-in-zurich\/#primaryimage","url":"https:\/\/www.huebscher.net\/media\/1630301702434.jpg","contentUrl":"https:\/\/www.huebscher.net\/media\/1630301702434.jpg","width":1020,"height":573,"caption":"B\u00fcro Gewerbebau"},{"@type":"BreadcrumbList","@id":"https:\/\/www.huebscher.net\/de\/hubscher-baut-weltklasse-in-zurich\/#breadcrumb","itemListElement":[{"@type":"ListItem","position":1,"name":"Home","item":"https:\/\/www.huebscher.net\/de\/"},{"@type":"ListItem","position":2,"name":"H\u00dcBSCHER baut WELTKLASSE in Z\u00fcrich"}]},{"@type":"WebSite","@id":"https:\/\/www.huebscher.net\/ch\/#website","url":"https:\/\/www.huebscher.net\/ch\/","name":"H\u00fcbscher Holzbau","description":"H\u00fcbscher Holzbau AG","publisher":{"@id":"https:\/\/www.huebscher.net\/ch\/#organization"},"alternateName":"H\u00fcbscher Holzbau","potentialAction":[{"@type":"SearchAction","target":{"@type":"EntryPoint","urlTemplate":"https:\/\/www.huebscher.net\/ch\/?s={search_term_string}"},"query-input":{"@type":"PropertyValueSpecification","valueRequired":true,"valueName":"search_term_string"}}],"inLanguage":"de"},{"@type":"Organization","@id":"https:\/\/www.huebscher.net\/ch\/#organization","name":"H\u00fcbscher Holzbau","alternateName":"H\u00fcbscher Holzbau","url":"https:\/\/www.huebscher.net\/ch\/","logo":{"@type":"ImageObject","inLanguage":"de","@id":"https:\/\/www.huebscher.net\/ch\/#\/schema\/logo\/image\/","url":"https:\/\/www.huebscher.net\/media\/huebscher_logo_def.png","contentUrl":"https:\/\/www.huebscher.net\/media\/huebscher_logo_def.png","width":220,"height":110,"caption":"H\u00fcbscher Holzbau"},"image":{"@id":"https:\/\/www.huebscher.net\/ch\/#\/schema\/logo\/image\/"},"sameAs":["http:\/\/facebook.com\/huebscher.holzbau","https:\/\/pt.linkedin.com\/organization-guest\/company\/huebscher-holzbau","https:\/\/www.instagram.com\/huebscherholzbau\/"]},{"@type":"Person","@id":"https:\/\/www.huebscher.net\/ch\/#\/schema\/person\/8fd9e2307c4694c2c9c33466724cf84a","name":"Michael H\u00fcbscher","image":{"@type":"ImageObject","inLanguage":"de","@id":"https:\/\/www.huebscher.net\/ch\/#\/schema\/person\/image\/","url":"https:\/\/secure.gravatar.com\/avatar\/9d37c03c19a40806617c92be68dacdfd?s=96&d=mm&r=g","contentUrl":"https:\/\/secure.gravatar.com\/avatar\/9d37c03c19a40806617c92be68dacdfd?s=96&d=mm&r=g","caption":"Michael H\u00fcbscher"},"sameAs":["https:\/\/huebscher.net"]}]}},"_links":{"self":[{"href":"https:\/\/www.huebscher.net\/de\/wp-json\/wp\/v2\/posts\/10957"}],"collection":[{"href":"https:\/\/www.huebscher.net\/de\/wp-json\/wp\/v2\/posts"}],"about":[{"href":"https:\/\/www.huebscher.net\/de\/wp-json\/wp\/v2\/types\/post"}],"author":[{"embeddable":true,"href":"https:\/\/www.huebscher.net\/de\/wp-json\/wp\/v2\/users\/2"}],"replies":[{"embeddable":true,"href":"https:\/\/www.huebscher.net\/de\/wp-json\/wp\/v2\/comments?post=10957"}],"version-history":[{"count":0,"href":"https:\/\/www.huebscher.net\/de\/wp-json\/wp\/v2\/posts\/10957\/revisions"}],"wp:featuredmedia":[{"embeddable":true,"href":"https:\/\/www.huebscher.net\/de\/wp-json\/wp\/v2\/media\/10374"}],"wp:attachment":[{"href":"https:\/\/www.huebscher.net\/de\/wp-json\/wp\/v2\/media?parent=10957"}],"wp:term":[{"taxonomy":"category","embeddable":true,"href":"https:\/\/www.huebscher.net\/de\/wp-json\/wp\/v2\/categories?post=10957"},{"taxonomy":"post_tag","embeddable":true,"href":"https:\/\/www.huebscher.net\/de\/wp-json\/wp\/v2\/tags?post=10957"}],"curies":[{"name":"wp","href":"https:\/\/api.w.org\/{rel}","templated":true}]}}