{"id":10956,"date":"2021-10-01T12:51:24","date_gmt":"2021-10-01T10:51:24","guid":{"rendered":"https:\/\/staging.huebscher.net\/unkategorisiert\/vivien-sohn-als-neue-geschaftsfuhrerin\/"},"modified":"2021-10-01T12:51:24","modified_gmt":"2021-10-01T10:51:24","slug":"vivien-sohn-als-neue-geschaftsfuhrerin","status":"publish","type":"post","link":"https:\/\/www.huebscher.net\/de\/vivien-sohn-als-neue-geschaftsfuhrerin\/","title":{"rendered":"Vivien Sohn als neue Gesch\u00e4ftsf\u00fchrerin"},"content":{"rendered":"\n<figure class=\"wp-block-image size-large\"><img decoding=\"async\" src=\"https:\/\/huebscher.net\/media\/DSC_3128_c-1618x1080.jpg\" alt=\"Vivien Sohn als neue Gesch\u00e4ftsf\u00fchrerin\" class=\"wp-image-6320\"\/><\/figure>\n\n\n\n<p>Wir freuen uns, Vivien Sohn als neue CEO von H\u00dcBSCHER HOLZBAU begr\u00fcssen zu d\u00fcrfen. Michael H\u00fcbscher wird als Verwaltungsratspr\u00e4sident sich auf die langfristige Ausrichtung von H\u00dcBSCHER konzentrieren.<br>Dies ist ein weiterer wichtiger Meilenstein f\u00fcr die langfristige Ausrichtung der \u00fcber 70j\u00e4hrigen Firmengeschichte.<\/p>\n","protected":false},"excerpt":{"rendered":"<p>Wir freuen uns, Vivien Sohn als neue CEO von H\u00dcBSCHER HOLZBAU begr\u00fcssen zu d\u00fcrfen. Michael H\u00fcbscher wird als Verwaltungsratspr\u00e4sident sich auf die langfristige Ausrichtung von H\u00dcBSCHER konzentrieren.Dies ist ein weiterer wichtiger Meilenstein f\u00fcr die langfristige Ausrichtung der \u00fcber 70j\u00e4hrigen Firmengeschichte.<\/p>\n","protected":false},"author":2,"featured_media":10391,"comment_status":"closed","ping_status":"closed","sticky":false,"template":"","format":"standard","meta":{"_acf_changed":false,"_monsterinsights_skip_tracking":false,"_monsterinsights_sitenote_active":false,"_monsterinsights_sitenote_note":"","_monsterinsights_sitenote_category":0,"_genesis_hide_title":false,"_genesis_hide_breadcrumbs":false,"_genesis_hide_singular_image":false,"_genesis_hide_footer_widgets":false,"_genesis_custom_body_class":"","_genesis_custom_post_class":"","_genesis_layout":"","footnotes":""},"categories":[133,124],"tags":[],"class_list":{"0":"post-10956","1":"post","2":"type-post","3":"status-publish","4":"format-standard","5":"has-post-thumbnail","7":"category-unternehmen-de","8":"category-news","9":"entry"},"acf":[],"yoast_head":"<!-- This site is optimized with the Yoast SEO Premium plugin v25.2 (Yoast SEO v25.2) - https:\/\/yoast.com\/wordpress\/plugins\/seo\/ -->\n<title>Vivien Sohn - Neue Gesch\u00e4ftsf\u00fchrerin<\/title>\n<meta name=\"description\" content=\"Wir freuen uns, Vivien Sohn als neue CEO von H\u00dcBSCHER HOLZBAU begr\u00fcssen zu d\u00fcrfen. Dies ist ein weiterer wichtiger Meilenstein.\" \/>\n<meta name=\"robots\" content=\"index, follow, max-snippet:-1, max-image-preview:large, max-video-preview:-1\" \/>\n<link rel=\"canonical\" href=\"https:\/\/www.huebscher.net\/de\/vivien-sohn-als-neue-geschaftsfuhrerin\/\" \/>\n<meta property=\"og:locale\" content=\"de_DE\" \/>\n<meta property=\"og:type\" content=\"article\" \/>\n<meta property=\"og:title\" content=\"Vivien Sohn als neue Gesch\u00e4ftsf\u00fchrerin\" \/>\n<meta property=\"og:description\" content=\"Wir freuen uns, Vivien Sohn als neue CEO von H\u00dcBSCHER HOLZBAU begr\u00fcssen zu d\u00fcrfen. Dies ist ein weiterer wichtiger Meilenstein.\" \/>\n<meta property=\"og:url\" content=\"https:\/\/www.huebscher.net\/de\/vivien-sohn-als-neue-geschaftsfuhrerin\/\" \/>\n<meta property=\"og:site_name\" content=\"H\u00dcBSCHER HOLZBAU\" \/>\n<meta property=\"article:publisher\" content=\"http:\/\/facebook.com\/huebscher.holzbau\" \/>\n<meta property=\"article:published_time\" content=\"2021-10-01T10:51:24+00:00\" \/>\n<meta property=\"og:image\" content=\"https:\/\/www.huebscher.net\/media\/DSC_3128_c-e1633356579802.jpg\" \/>\n\t<meta property=\"og:image:width\" content=\"773\" \/>\n\t<meta property=\"og:image:height\" content=\"700\" \/>\n\t<meta property=\"og:image:type\" content=\"image\/jpeg\" \/>\n<meta name=\"author\" content=\"Michael H\u00fcbscher\" \/>\n<meta name=\"twitter:card\" content=\"summary_large_image\" \/>\n<meta name=\"twitter:label1\" content=\"Verfasst von\" \/>\n\t<meta name=\"twitter:data1\" content=\"Michael H\u00fcbscher\" \/>\n\t<meta name=\"twitter:label2\" content=\"Gesch\u00e4tzte Lesezeit\" \/>\n\t<meta name=\"twitter:data2\" content=\"1\u00a0Minute\" \/>\n<script type=\"application\/ld+json\" class=\"yoast-schema-graph\">{\"@context\":\"https:\/\/schema.org\",\"@graph\":[{\"@type\":\"Article\",\"@id\":\"https:\/\/www.huebscher.net\/de\/vivien-sohn-als-neue-geschaftsfuhrerin\/#article\",\"isPartOf\":{\"@id\":\"https:\/\/www.huebscher.net\/de\/vivien-sohn-als-neue-geschaftsfuhrerin\/\"},\"author\":{\"name\":\"Michael H\u00fcbscher\",\"@id\":\"https:\/\/www.huebscher.net\/ch\/#\/schema\/person\/8fd9e2307c4694c2c9c33466724cf84a\"},\"headline\":\"Vivien Sohn als neue Gesch\u00e4ftsf\u00fchrerin\",\"datePublished\":\"2021-10-01T10:51:24+00:00\",\"mainEntityOfPage\":{\"@id\":\"https:\/\/www.huebscher.net\/de\/vivien-sohn-als-neue-geschaftsfuhrerin\/\"},\"wordCount\":56,\"publisher\":{\"@id\":\"https:\/\/www.huebscher.net\/ch\/#organization\"},\"image\":{\"@id\":\"https:\/\/www.huebscher.net\/de\/vivien-sohn-als-neue-geschaftsfuhrerin\/#primaryimage\"},\"thumbnailUrl\":\"https:\/\/www.huebscher.net\/media\/DSC_3128_c-e1633356579802.jpg\",\"articleSection\":[\"Intern\",\"News\"],\"inLanguage\":\"de\"},{\"@type\":\"WebPage\",\"@id\":\"https:\/\/www.huebscher.net\/de\/vivien-sohn-als-neue-geschaftsfuhrerin\/\",\"url\":\"https:\/\/www.huebscher.net\/de\/vivien-sohn-als-neue-geschaftsfuhrerin\/\",\"name\":\"Vivien Sohn - Neue Gesch\u00e4ftsf\u00fchrerin\",\"isPartOf\":{\"@id\":\"https:\/\/www.huebscher.net\/ch\/#website\"},\"primaryImageOfPage\":{\"@id\":\"https:\/\/www.huebscher.net\/de\/vivien-sohn-als-neue-geschaftsfuhrerin\/#primaryimage\"},\"image\":{\"@id\":\"https:\/\/www.huebscher.net\/de\/vivien-sohn-als-neue-geschaftsfuhrerin\/#primaryimage\"},\"thumbnailUrl\":\"https:\/\/www.huebscher.net\/media\/DSC_3128_c-e1633356579802.jpg\",\"datePublished\":\"2021-10-01T10:51:24+00:00\",\"description\":\"Wir freuen uns, Vivien Sohn als neue CEO von H\u00dcBSCHER HOLZBAU begr\u00fcssen zu d\u00fcrfen. Dies ist ein weiterer wichtiger Meilenstein.\",\"breadcrumb\":{\"@id\":\"https:\/\/www.huebscher.net\/de\/vivien-sohn-als-neue-geschaftsfuhrerin\/#breadcrumb\"},\"inLanguage\":\"de\",\"potentialAction\":[{\"@type\":\"ReadAction\",\"target\":[\"https:\/\/www.huebscher.net\/de\/vivien-sohn-als-neue-geschaftsfuhrerin\/\"]}]},{\"@type\":\"ImageObject\",\"inLanguage\":\"de\",\"@id\":\"https:\/\/www.huebscher.net\/de\/vivien-sohn-als-neue-geschaftsfuhrerin\/#primaryimage\",\"url\":\"https:\/\/www.huebscher.net\/media\/DSC_3128_c-e1633356579802.jpg\",\"contentUrl\":\"https:\/\/www.huebscher.net\/media\/DSC_3128_c-e1633356579802.jpg\",\"width\":773,\"height\":700,\"caption\":\"Frauen-Power in der Welt des Holzbaus!\"},{\"@type\":\"BreadcrumbList\",\"@id\":\"https:\/\/www.huebscher.net\/de\/vivien-sohn-als-neue-geschaftsfuhrerin\/#breadcrumb\",\"itemListElement\":[{\"@type\":\"ListItem\",\"position\":1,\"name\":\"Home\",\"item\":\"https:\/\/www.huebscher.net\/de\/\"},{\"@type\":\"ListItem\",\"position\":2,\"name\":\"Vivien Sohn als neue Gesch\u00e4ftsf\u00fchrerin\"}]},{\"@type\":\"WebSite\",\"@id\":\"https:\/\/www.huebscher.net\/ch\/#website\",\"url\":\"https:\/\/www.huebscher.net\/ch\/\",\"name\":\"H\u00fcbscher Holzbau\",\"description\":\"H\u00fcbscher Holzbau AG\",\"publisher\":{\"@id\":\"https:\/\/www.huebscher.net\/ch\/#organization\"},\"alternateName\":\"H\u00fcbscher Holzbau\",\"potentialAction\":[{\"@type\":\"SearchAction\",\"target\":{\"@type\":\"EntryPoint\",\"urlTemplate\":\"https:\/\/www.huebscher.net\/ch\/?s={search_term_string}\"},\"query-input\":{\"@type\":\"PropertyValueSpecification\",\"valueRequired\":true,\"valueName\":\"search_term_string\"}}],\"inLanguage\":\"de\"},{\"@type\":\"Organization\",\"@id\":\"https:\/\/www.huebscher.net\/ch\/#organization\",\"name\":\"H\u00fcbscher Holzbau\",\"alternateName\":\"H\u00fcbscher Holzbau\",\"url\":\"https:\/\/www.huebscher.net\/ch\/\",\"logo\":{\"@type\":\"ImageObject\",\"inLanguage\":\"de\",\"@id\":\"https:\/\/www.huebscher.net\/ch\/#\/schema\/logo\/image\/\",\"url\":\"https:\/\/www.huebscher.net\/media\/huebscher_logo_def.png\",\"contentUrl\":\"https:\/\/www.huebscher.net\/media\/huebscher_logo_def.png\",\"width\":220,\"height\":110,\"caption\":\"H\u00fcbscher Holzbau\"},\"image\":{\"@id\":\"https:\/\/www.huebscher.net\/ch\/#\/schema\/logo\/image\/\"},\"sameAs\":[\"http:\/\/facebook.com\/huebscher.holzbau\",\"https:\/\/pt.linkedin.com\/organization-guest\/company\/huebscher-holzbau\",\"https:\/\/www.instagram.com\/huebscherholzbau\/\"]},{\"@type\":\"Person\",\"@id\":\"https:\/\/www.huebscher.net\/ch\/#\/schema\/person\/8fd9e2307c4694c2c9c33466724cf84a\",\"name\":\"Michael H\u00fcbscher\",\"image\":{\"@type\":\"ImageObject\",\"inLanguage\":\"de\",\"@id\":\"https:\/\/www.huebscher.net\/ch\/#\/schema\/person\/image\/\",\"url\":\"https:\/\/secure.gravatar.com\/avatar\/9d37c03c19a40806617c92be68dacdfd?s=96&d=mm&r=g\",\"contentUrl\":\"https:\/\/secure.gravatar.com\/avatar\/9d37c03c19a40806617c92be68dacdfd?s=96&d=mm&r=g\",\"caption\":\"Michael H\u00fcbscher\"},\"sameAs\":[\"https:\/\/huebscher.net\"]}]}<\/script>\n<!-- \/ Yoast SEO Premium plugin. -->","yoast_head_json":{"title":"Vivien Sohn - Neue Gesch\u00e4ftsf\u00fchrerin","description":"Wir freuen uns, Vivien Sohn als neue CEO von H\u00dcBSCHER HOLZBAU begr\u00fcssen zu d\u00fcrfen. Dies ist ein weiterer wichtiger Meilenstein.","robots":{"index":"index","follow":"follow","max-snippet":"max-snippet:-1","max-image-preview":"max-image-preview:large","max-video-preview":"max-video-preview:-1"},"canonical":"https:\/\/www.huebscher.net\/de\/vivien-sohn-als-neue-geschaftsfuhrerin\/","og_locale":"de_DE","og_type":"article","og_title":"Vivien Sohn als neue Gesch\u00e4ftsf\u00fchrerin","og_description":"Wir freuen uns, Vivien Sohn als neue CEO von H\u00dcBSCHER HOLZBAU begr\u00fcssen zu d\u00fcrfen. Dies ist ein weiterer wichtiger Meilenstein.","og_url":"https:\/\/www.huebscher.net\/de\/vivien-sohn-als-neue-geschaftsfuhrerin\/","og_site_name":"H\u00dcBSCHER HOLZBAU","article_publisher":"http:\/\/facebook.com\/huebscher.holzbau","article_published_time":"2021-10-01T10:51:24+00:00","og_image":[{"width":773,"height":700,"url":"https:\/\/www.huebscher.net\/media\/DSC_3128_c-e1633356579802.jpg","type":"image\/jpeg"}],"author":"Michael H\u00fcbscher","twitter_card":"summary_large_image","twitter_misc":{"Verfasst von":"Michael H\u00fcbscher","Gesch\u00e4tzte Lesezeit":"1\u00a0Minute"},"schema":{"@context":"https:\/\/schema.org","@graph":[{"@type":"Article","@id":"https:\/\/www.huebscher.net\/de\/vivien-sohn-als-neue-geschaftsfuhrerin\/#article","isPartOf":{"@id":"https:\/\/www.huebscher.net\/de\/vivien-sohn-als-neue-geschaftsfuhrerin\/"},"author":{"name":"Michael H\u00fcbscher","@id":"https:\/\/www.huebscher.net\/ch\/#\/schema\/person\/8fd9e2307c4694c2c9c33466724cf84a"},"headline":"Vivien Sohn als neue Gesch\u00e4ftsf\u00fchrerin","datePublished":"2021-10-01T10:51:24+00:00","mainEntityOfPage":{"@id":"https:\/\/www.huebscher.net\/de\/vivien-sohn-als-neue-geschaftsfuhrerin\/"},"wordCount":56,"publisher":{"@id":"https:\/\/www.huebscher.net\/ch\/#organization"},"image":{"@id":"https:\/\/www.huebscher.net\/de\/vivien-sohn-als-neue-geschaftsfuhrerin\/#primaryimage"},"thumbnailUrl":"https:\/\/www.huebscher.net\/media\/DSC_3128_c-e1633356579802.jpg","articleSection":["Intern","News"],"inLanguage":"de"},{"@type":"WebPage","@id":"https:\/\/www.huebscher.net\/de\/vivien-sohn-als-neue-geschaftsfuhrerin\/","url":"https:\/\/www.huebscher.net\/de\/vivien-sohn-als-neue-geschaftsfuhrerin\/","name":"Vivien Sohn - Neue Gesch\u00e4ftsf\u00fchrerin","isPartOf":{"@id":"https:\/\/www.huebscher.net\/ch\/#website"},"primaryImageOfPage":{"@id":"https:\/\/www.huebscher.net\/de\/vivien-sohn-als-neue-geschaftsfuhrerin\/#primaryimage"},"image":{"@id":"https:\/\/www.huebscher.net\/de\/vivien-sohn-als-neue-geschaftsfuhrerin\/#primaryimage"},"thumbnailUrl":"https:\/\/www.huebscher.net\/media\/DSC_3128_c-e1633356579802.jpg","datePublished":"2021-10-01T10:51:24+00:00","description":"Wir freuen uns, Vivien Sohn als neue CEO von H\u00dcBSCHER HOLZBAU begr\u00fcssen zu d\u00fcrfen. Dies ist ein weiterer wichtiger Meilenstein.","breadcrumb":{"@id":"https:\/\/www.huebscher.net\/de\/vivien-sohn-als-neue-geschaftsfuhrerin\/#breadcrumb"},"inLanguage":"de","potentialAction":[{"@type":"ReadAction","target":["https:\/\/www.huebscher.net\/de\/vivien-sohn-als-neue-geschaftsfuhrerin\/"]}]},{"@type":"ImageObject","inLanguage":"de","@id":"https:\/\/www.huebscher.net\/de\/vivien-sohn-als-neue-geschaftsfuhrerin\/#primaryimage","url":"https:\/\/www.huebscher.net\/media\/DSC_3128_c-e1633356579802.jpg","contentUrl":"https:\/\/www.huebscher.net\/media\/DSC_3128_c-e1633356579802.jpg","width":773,"height":700,"caption":"Frauen-Power in der Welt des Holzbaus!"},{"@type":"BreadcrumbList","@id":"https:\/\/www.huebscher.net\/de\/vivien-sohn-als-neue-geschaftsfuhrerin\/#breadcrumb","itemListElement":[{"@type":"ListItem","position":1,"name":"Home","item":"https:\/\/www.huebscher.net\/de\/"},{"@type":"ListItem","position":2,"name":"Vivien Sohn als neue Gesch\u00e4ftsf\u00fchrerin"}]},{"@type":"WebSite","@id":"https:\/\/www.huebscher.net\/ch\/#website","url":"https:\/\/www.huebscher.net\/ch\/","name":"H\u00fcbscher Holzbau","description":"H\u00fcbscher Holzbau AG","publisher":{"@id":"https:\/\/www.huebscher.net\/ch\/#organization"},"alternateName":"H\u00fcbscher Holzbau","potentialAction":[{"@type":"SearchAction","target":{"@type":"EntryPoint","urlTemplate":"https:\/\/www.huebscher.net\/ch\/?s={search_term_string}"},"query-input":{"@type":"PropertyValueSpecification","valueRequired":true,"valueName":"search_term_string"}}],"inLanguage":"de"},{"@type":"Organization","@id":"https:\/\/www.huebscher.net\/ch\/#organization","name":"H\u00fcbscher Holzbau","alternateName":"H\u00fcbscher Holzbau","url":"https:\/\/www.huebscher.net\/ch\/","logo":{"@type":"ImageObject","inLanguage":"de","@id":"https:\/\/www.huebscher.net\/ch\/#\/schema\/logo\/image\/","url":"https:\/\/www.huebscher.net\/media\/huebscher_logo_def.png","contentUrl":"https:\/\/www.huebscher.net\/media\/huebscher_logo_def.png","width":220,"height":110,"caption":"H\u00fcbscher Holzbau"},"image":{"@id":"https:\/\/www.huebscher.net\/ch\/#\/schema\/logo\/image\/"},"sameAs":["http:\/\/facebook.com\/huebscher.holzbau","https:\/\/pt.linkedin.com\/organization-guest\/company\/huebscher-holzbau","https:\/\/www.instagram.com\/huebscherholzbau\/"]},{"@type":"Person","@id":"https:\/\/www.huebscher.net\/ch\/#\/schema\/person\/8fd9e2307c4694c2c9c33466724cf84a","name":"Michael H\u00fcbscher","image":{"@type":"ImageObject","inLanguage":"de","@id":"https:\/\/www.huebscher.net\/ch\/#\/schema\/person\/image\/","url":"https:\/\/secure.gravatar.com\/avatar\/9d37c03c19a40806617c92be68dacdfd?s=96&d=mm&r=g","contentUrl":"https:\/\/secure.gravatar.com\/avatar\/9d37c03c19a40806617c92be68dacdfd?s=96&d=mm&r=g","caption":"Michael H\u00fcbscher"},"sameAs":["https:\/\/huebscher.net"]}]}},"_links":{"self":[{"href":"https:\/\/www.huebscher.net\/de\/wp-json\/wp\/v2\/posts\/10956"}],"collection":[{"href":"https:\/\/www.huebscher.net\/de\/wp-json\/wp\/v2\/posts"}],"about":[{"href":"https:\/\/www.huebscher.net\/de\/wp-json\/wp\/v2\/types\/post"}],"author":[{"embeddable":true,"href":"https:\/\/www.huebscher.net\/de\/wp-json\/wp\/v2\/users\/2"}],"replies":[{"embeddable":true,"href":"https:\/\/www.huebscher.net\/de\/wp-json\/wp\/v2\/comments?post=10956"}],"version-history":[{"count":0,"href":"https:\/\/www.huebscher.net\/de\/wp-json\/wp\/v2\/posts\/10956\/revisions"}],"wp:featuredmedia":[{"embeddable":true,"href":"https:\/\/www.huebscher.net\/de\/wp-json\/wp\/v2\/media\/10391"}],"wp:attachment":[{"href":"https:\/\/www.huebscher.net\/de\/wp-json\/wp\/v2\/media?parent=10956"}],"wp:term":[{"taxonomy":"category","embeddable":true,"href":"https:\/\/www.huebscher.net\/de\/wp-json\/wp\/v2\/categories?post=10956"},{"taxonomy":"post_tag","embeddable":true,"href":"https:\/\/www.huebscher.net\/de\/wp-json\/wp\/v2\/tags?post=10956"}],"curies":[{"name":"wp","href":"https:\/\/api.w.org\/{rel}","templated":true}]}}