{"id":10953,"date":"2022-01-12T15:16:27","date_gmt":"2022-01-12T14:16:27","guid":{"rendered":"https:\/\/staging.huebscher.net\/unkategorisiert\/eroffnung-gewerbeneubau-beringen\/"},"modified":"2022-01-12T15:16:27","modified_gmt":"2022-01-12T14:16:27","slug":"eroffnung-gewerbeneubau-beringen","status":"publish","type":"post","link":"https:\/\/www.huebscher.net\/de\/eroffnung-gewerbeneubau-beringen\/","title":{"rendered":"Er\u00f6ffnung Gewerbeneubau Beringen"},"content":{"rendered":"\n<figure class=\"wp-block-image size-large\"><img fetchpriority=\"high\" decoding=\"async\" width=\"1920\" height=\"1080\" src=\"https:\/\/huebscher.net\/media\/Fernsehertafel-Neubau-korrigiert-1920x1080.jpg\" alt=\"Er\u00f6ffnung Gewerbeneubau Beringen\" class=\"wp-image-6479\" srcset=\"https:\/\/www.huebscher.net\/media\/Fernsehertafel-Neubau-korrigiert.jpg 1920w, https:\/\/www.huebscher.net\/media\/Fernsehertafel-Neubau-korrigiert-1280x720.jpg 1280w, https:\/\/www.huebscher.net\/media\/Fernsehertafel-Neubau-korrigiert-768x432.jpg 768w, https:\/\/www.huebscher.net\/media\/Fernsehertafel-Neubau-korrigiert-1536x864.jpg 1536w, https:\/\/www.huebscher.net\/media\/Fernsehertafel-Neubau-korrigiert-350x197.jpg 350w\" sizes=\"(max-width: 1920px) 100vw, 1920px\" \/><\/figure>\n\n\n\n<p>Wir freuen uns, das innovative Neubauprojekt in der Enge Beringen zu er\u00f6ffnen. Besuchen Sie uns an unserem Stand und erfahren Sie mehr \u00fcber das Bauen mit Holz.<\/p>\n\n\n\n<p>Samstag, 22.01.2022 und Sonntag 23.01.2022 jeweils von 10-16.00 Uhr<br>Schaffhauserstrasse 247, 8222 Beringen<\/p>\n\n\n\n<p><\/p>\n","protected":false},"excerpt":{"rendered":"<p>Wir freuen uns, das innovative Neubauprojekt in der Enge Beringen zu er\u00f6ffnen. Besuchen Sie uns an unserem Stand und erfahren Sie mehr \u00fcber das Bauen mit Holz. Samstag, 22.01.2022 und Sonntag 23.01.2022 jeweils von 10-16.00 UhrSchaffhauserstrasse 247, 8222 Beringen<\/p>\n","protected":false},"author":2,"featured_media":0,"comment_status":"closed","ping_status":"closed","sticky":false,"template":"","format":"standard","meta":{"_acf_changed":false,"_monsterinsights_skip_tracking":false,"_monsterinsights_sitenote_active":false,"_monsterinsights_sitenote_note":"","_monsterinsights_sitenote_category":0,"_genesis_hide_title":false,"_genesis_hide_breadcrumbs":false,"_genesis_hide_singular_image":false,"_genesis_hide_footer_widgets":false,"_genesis_custom_body_class":"","_genesis_custom_post_class":"","_genesis_layout":"","footnotes":""},"categories":[133,124],"tags":[],"class_list":{"0":"post-10953","1":"post","2":"type-post","3":"status-publish","4":"format-standard","6":"category-unternehmen-de","7":"category-news","8":"entry","9":"has-post-thumbnail"},"acf":[],"yoast_head":"<!-- This site is optimized with the Yoast SEO Premium plugin v25.2 (Yoast SEO v25.2) - https:\/\/yoast.com\/wordpress\/plugins\/seo\/ -->\n<title>Er\u00f6ffnung Gewerbeneubau Beringen - H\u00dcBSCHER HOLZBAU<\/title>\n<meta name=\"description\" content=\"Wir freuen uns, das innovative Neubauprojekt in der Enge Beringen zu er\u00f6ffnen. Besuchen Sie uns und erfahren mehr \u00fcber das Bauen mit Holz.\" \/>\n<meta name=\"robots\" content=\"index, follow, max-snippet:-1, max-image-preview:large, max-video-preview:-1\" \/>\n<link rel=\"canonical\" href=\"https:\/\/www.huebscher.net\/de\/eroffnung-gewerbeneubau-beringen\/\" \/>\n<meta property=\"og:locale\" content=\"de_DE\" \/>\n<meta property=\"og:type\" content=\"article\" \/>\n<meta property=\"og:title\" content=\"Er\u00f6ffnung Gewerbeneubau Beringen\" \/>\n<meta property=\"og:description\" content=\"Wir freuen uns, das innovative Neubauprojekt in der Enge Beringen zu er\u00f6ffnen. Besuchen Sie uns und erfahren mehr \u00fcber das Bauen mit Holz.\" \/>\n<meta property=\"og:url\" content=\"https:\/\/www.huebscher.net\/de\/eroffnung-gewerbeneubau-beringen\/\" \/>\n<meta property=\"og:site_name\" content=\"H\u00dcBSCHER HOLZBAU\" \/>\n<meta property=\"article:publisher\" content=\"http:\/\/facebook.com\/huebscher.holzbau\" \/>\n<meta property=\"article:published_time\" content=\"2022-01-12T14:16:27+00:00\" \/>\n<meta property=\"og:image\" content=\"https:\/\/huebscher.net\/media\/Fernsehertafel-Neubau-korrigiert-1920x1080.jpg\" \/>\n<meta name=\"author\" content=\"Michael H\u00fcbscher\" \/>\n<meta name=\"twitter:card\" content=\"summary_large_image\" \/>\n<meta name=\"twitter:label1\" content=\"Verfasst von\" \/>\n\t<meta name=\"twitter:data1\" content=\"Michael H\u00fcbscher\" \/>\n\t<meta name=\"twitter:label2\" content=\"Gesch\u00e4tzte Lesezeit\" \/>\n\t<meta name=\"twitter:data2\" content=\"1\u00a0Minute\" \/>\n<script type=\"application\/ld+json\" class=\"yoast-schema-graph\">{\"@context\":\"https:\/\/schema.org\",\"@graph\":[{\"@type\":\"Article\",\"@id\":\"https:\/\/www.huebscher.net\/de\/eroffnung-gewerbeneubau-beringen\/#article\",\"isPartOf\":{\"@id\":\"https:\/\/www.huebscher.net\/de\/eroffnung-gewerbeneubau-beringen\/\"},\"author\":{\"name\":\"Michael H\u00fcbscher\",\"@id\":\"https:\/\/www.huebscher.net\/ch\/#\/schema\/person\/8fd9e2307c4694c2c9c33466724cf84a\"},\"headline\":\"Er\u00f6ffnung Gewerbeneubau Beringen\",\"datePublished\":\"2022-01-12T14:16:27+00:00\",\"mainEntityOfPage\":{\"@id\":\"https:\/\/www.huebscher.net\/de\/eroffnung-gewerbeneubau-beringen\/\"},\"wordCount\":40,\"publisher\":{\"@id\":\"https:\/\/www.huebscher.net\/ch\/#organization\"},\"image\":{\"@id\":\"https:\/\/www.huebscher.net\/de\/eroffnung-gewerbeneubau-beringen\/#primaryimage\"},\"thumbnailUrl\":\"https:\/\/huebscher.net\/media\/Fernsehertafel-Neubau-korrigiert-1920x1080.jpg\",\"articleSection\":[\"Intern\",\"News\"],\"inLanguage\":\"de\"},{\"@type\":\"WebPage\",\"@id\":\"https:\/\/www.huebscher.net\/de\/eroffnung-gewerbeneubau-beringen\/\",\"url\":\"https:\/\/www.huebscher.net\/de\/eroffnung-gewerbeneubau-beringen\/\",\"name\":\"Er\u00f6ffnung Gewerbeneubau Beringen - H\u00dcBSCHER HOLZBAU\",\"isPartOf\":{\"@id\":\"https:\/\/www.huebscher.net\/ch\/#website\"},\"primaryImageOfPage\":{\"@id\":\"https:\/\/www.huebscher.net\/de\/eroffnung-gewerbeneubau-beringen\/#primaryimage\"},\"image\":{\"@id\":\"https:\/\/www.huebscher.net\/de\/eroffnung-gewerbeneubau-beringen\/#primaryimage\"},\"thumbnailUrl\":\"https:\/\/huebscher.net\/media\/Fernsehertafel-Neubau-korrigiert-1920x1080.jpg\",\"datePublished\":\"2022-01-12T14:16:27+00:00\",\"description\":\"Wir freuen uns, das innovative Neubauprojekt in der Enge Beringen zu er\u00f6ffnen. Besuchen Sie uns und erfahren mehr \u00fcber das Bauen mit Holz.\",\"breadcrumb\":{\"@id\":\"https:\/\/www.huebscher.net\/de\/eroffnung-gewerbeneubau-beringen\/#breadcrumb\"},\"inLanguage\":\"de\",\"potentialAction\":[{\"@type\":\"ReadAction\",\"target\":[\"https:\/\/www.huebscher.net\/de\/eroffnung-gewerbeneubau-beringen\/\"]}]},{\"@type\":\"ImageObject\",\"inLanguage\":\"de\",\"@id\":\"https:\/\/www.huebscher.net\/de\/eroffnung-gewerbeneubau-beringen\/#primaryimage\",\"url\":\"https:\/\/huebscher.net\/media\/Fernsehertafel-Neubau-korrigiert-1920x1080.jpg\",\"contentUrl\":\"https:\/\/huebscher.net\/media\/Fernsehertafel-Neubau-korrigiert-1920x1080.jpg\"},{\"@type\":\"BreadcrumbList\",\"@id\":\"https:\/\/www.huebscher.net\/de\/eroffnung-gewerbeneubau-beringen\/#breadcrumb\",\"itemListElement\":[{\"@type\":\"ListItem\",\"position\":1,\"name\":\"Home\",\"item\":\"https:\/\/www.huebscher.net\/de\/\"},{\"@type\":\"ListItem\",\"position\":2,\"name\":\"Er\u00f6ffnung Gewerbeneubau Beringen\"}]},{\"@type\":\"WebSite\",\"@id\":\"https:\/\/www.huebscher.net\/ch\/#website\",\"url\":\"https:\/\/www.huebscher.net\/ch\/\",\"name\":\"H\u00fcbscher Holzbau\",\"description\":\"H\u00fcbscher Holzbau AG\",\"publisher\":{\"@id\":\"https:\/\/www.huebscher.net\/ch\/#organization\"},\"alternateName\":\"H\u00fcbscher Holzbau\",\"potentialAction\":[{\"@type\":\"SearchAction\",\"target\":{\"@type\":\"EntryPoint\",\"urlTemplate\":\"https:\/\/www.huebscher.net\/ch\/?s={search_term_string}\"},\"query-input\":{\"@type\":\"PropertyValueSpecification\",\"valueRequired\":true,\"valueName\":\"search_term_string\"}}],\"inLanguage\":\"de\"},{\"@type\":\"Organization\",\"@id\":\"https:\/\/www.huebscher.net\/ch\/#organization\",\"name\":\"H\u00fcbscher Holzbau\",\"alternateName\":\"H\u00fcbscher Holzbau\",\"url\":\"https:\/\/www.huebscher.net\/ch\/\",\"logo\":{\"@type\":\"ImageObject\",\"inLanguage\":\"de\",\"@id\":\"https:\/\/www.huebscher.net\/ch\/#\/schema\/logo\/image\/\",\"url\":\"https:\/\/www.huebscher.net\/media\/huebscher_logo_def.png\",\"contentUrl\":\"https:\/\/www.huebscher.net\/media\/huebscher_logo_def.png\",\"width\":220,\"height\":110,\"caption\":\"H\u00fcbscher Holzbau\"},\"image\":{\"@id\":\"https:\/\/www.huebscher.net\/ch\/#\/schema\/logo\/image\/\"},\"sameAs\":[\"http:\/\/facebook.com\/huebscher.holzbau\",\"https:\/\/pt.linkedin.com\/organization-guest\/company\/huebscher-holzbau\",\"https:\/\/www.instagram.com\/huebscherholzbau\/\"]},{\"@type\":\"Person\",\"@id\":\"https:\/\/www.huebscher.net\/ch\/#\/schema\/person\/8fd9e2307c4694c2c9c33466724cf84a\",\"name\":\"Michael H\u00fcbscher\",\"image\":{\"@type\":\"ImageObject\",\"inLanguage\":\"de\",\"@id\":\"https:\/\/www.huebscher.net\/ch\/#\/schema\/person\/image\/\",\"url\":\"https:\/\/secure.gravatar.com\/avatar\/9d37c03c19a40806617c92be68dacdfd?s=96&d=mm&r=g\",\"contentUrl\":\"https:\/\/secure.gravatar.com\/avatar\/9d37c03c19a40806617c92be68dacdfd?s=96&d=mm&r=g\",\"caption\":\"Michael H\u00fcbscher\"},\"sameAs\":[\"https:\/\/huebscher.net\"]}]}<\/script>\n<!-- \/ Yoast SEO Premium plugin. -->","yoast_head_json":{"title":"Er\u00f6ffnung Gewerbeneubau Beringen - H\u00dcBSCHER HOLZBAU","description":"Wir freuen uns, das innovative Neubauprojekt in der Enge Beringen zu er\u00f6ffnen. Besuchen Sie uns und erfahren mehr \u00fcber das Bauen mit Holz.","robots":{"index":"index","follow":"follow","max-snippet":"max-snippet:-1","max-image-preview":"max-image-preview:large","max-video-preview":"max-video-preview:-1"},"canonical":"https:\/\/www.huebscher.net\/de\/eroffnung-gewerbeneubau-beringen\/","og_locale":"de_DE","og_type":"article","og_title":"Er\u00f6ffnung Gewerbeneubau Beringen","og_description":"Wir freuen uns, das innovative Neubauprojekt in der Enge Beringen zu er\u00f6ffnen. Besuchen Sie uns und erfahren mehr \u00fcber das Bauen mit Holz.","og_url":"https:\/\/www.huebscher.net\/de\/eroffnung-gewerbeneubau-beringen\/","og_site_name":"H\u00dcBSCHER HOLZBAU","article_publisher":"http:\/\/facebook.com\/huebscher.holzbau","article_published_time":"2022-01-12T14:16:27+00:00","og_image":[{"url":"https:\/\/huebscher.net\/media\/Fernsehertafel-Neubau-korrigiert-1920x1080.jpg","type":"","width":"","height":""}],"author":"Michael H\u00fcbscher","twitter_card":"summary_large_image","twitter_misc":{"Verfasst von":"Michael H\u00fcbscher","Gesch\u00e4tzte Lesezeit":"1\u00a0Minute"},"schema":{"@context":"https:\/\/schema.org","@graph":[{"@type":"Article","@id":"https:\/\/www.huebscher.net\/de\/eroffnung-gewerbeneubau-beringen\/#article","isPartOf":{"@id":"https:\/\/www.huebscher.net\/de\/eroffnung-gewerbeneubau-beringen\/"},"author":{"name":"Michael H\u00fcbscher","@id":"https:\/\/www.huebscher.net\/ch\/#\/schema\/person\/8fd9e2307c4694c2c9c33466724cf84a"},"headline":"Er\u00f6ffnung Gewerbeneubau Beringen","datePublished":"2022-01-12T14:16:27+00:00","mainEntityOfPage":{"@id":"https:\/\/www.huebscher.net\/de\/eroffnung-gewerbeneubau-beringen\/"},"wordCount":40,"publisher":{"@id":"https:\/\/www.huebscher.net\/ch\/#organization"},"image":{"@id":"https:\/\/www.huebscher.net\/de\/eroffnung-gewerbeneubau-beringen\/#primaryimage"},"thumbnailUrl":"https:\/\/huebscher.net\/media\/Fernsehertafel-Neubau-korrigiert-1920x1080.jpg","articleSection":["Intern","News"],"inLanguage":"de"},{"@type":"WebPage","@id":"https:\/\/www.huebscher.net\/de\/eroffnung-gewerbeneubau-beringen\/","url":"https:\/\/www.huebscher.net\/de\/eroffnung-gewerbeneubau-beringen\/","name":"Er\u00f6ffnung Gewerbeneubau Beringen - H\u00dcBSCHER HOLZBAU","isPartOf":{"@id":"https:\/\/www.huebscher.net\/ch\/#website"},"primaryImageOfPage":{"@id":"https:\/\/www.huebscher.net\/de\/eroffnung-gewerbeneubau-beringen\/#primaryimage"},"image":{"@id":"https:\/\/www.huebscher.net\/de\/eroffnung-gewerbeneubau-beringen\/#primaryimage"},"thumbnailUrl":"https:\/\/huebscher.net\/media\/Fernsehertafel-Neubau-korrigiert-1920x1080.jpg","datePublished":"2022-01-12T14:16:27+00:00","description":"Wir freuen uns, das innovative Neubauprojekt in der Enge Beringen zu er\u00f6ffnen. Besuchen Sie uns und erfahren mehr \u00fcber das Bauen mit Holz.","breadcrumb":{"@id":"https:\/\/www.huebscher.net\/de\/eroffnung-gewerbeneubau-beringen\/#breadcrumb"},"inLanguage":"de","potentialAction":[{"@type":"ReadAction","target":["https:\/\/www.huebscher.net\/de\/eroffnung-gewerbeneubau-beringen\/"]}]},{"@type":"ImageObject","inLanguage":"de","@id":"https:\/\/www.huebscher.net\/de\/eroffnung-gewerbeneubau-beringen\/#primaryimage","url":"https:\/\/huebscher.net\/media\/Fernsehertafel-Neubau-korrigiert-1920x1080.jpg","contentUrl":"https:\/\/huebscher.net\/media\/Fernsehertafel-Neubau-korrigiert-1920x1080.jpg"},{"@type":"BreadcrumbList","@id":"https:\/\/www.huebscher.net\/de\/eroffnung-gewerbeneubau-beringen\/#breadcrumb","itemListElement":[{"@type":"ListItem","position":1,"name":"Home","item":"https:\/\/www.huebscher.net\/de\/"},{"@type":"ListItem","position":2,"name":"Er\u00f6ffnung Gewerbeneubau Beringen"}]},{"@type":"WebSite","@id":"https:\/\/www.huebscher.net\/ch\/#website","url":"https:\/\/www.huebscher.net\/ch\/","name":"H\u00fcbscher Holzbau","description":"H\u00fcbscher Holzbau AG","publisher":{"@id":"https:\/\/www.huebscher.net\/ch\/#organization"},"alternateName":"H\u00fcbscher Holzbau","potentialAction":[{"@type":"SearchAction","target":{"@type":"EntryPoint","urlTemplate":"https:\/\/www.huebscher.net\/ch\/?s={search_term_string}"},"query-input":{"@type":"PropertyValueSpecification","valueRequired":true,"valueName":"search_term_string"}}],"inLanguage":"de"},{"@type":"Organization","@id":"https:\/\/www.huebscher.net\/ch\/#organization","name":"H\u00fcbscher Holzbau","alternateName":"H\u00fcbscher Holzbau","url":"https:\/\/www.huebscher.net\/ch\/","logo":{"@type":"ImageObject","inLanguage":"de","@id":"https:\/\/www.huebscher.net\/ch\/#\/schema\/logo\/image\/","url":"https:\/\/www.huebscher.net\/media\/huebscher_logo_def.png","contentUrl":"https:\/\/www.huebscher.net\/media\/huebscher_logo_def.png","width":220,"height":110,"caption":"H\u00fcbscher Holzbau"},"image":{"@id":"https:\/\/www.huebscher.net\/ch\/#\/schema\/logo\/image\/"},"sameAs":["http:\/\/facebook.com\/huebscher.holzbau","https:\/\/pt.linkedin.com\/organization-guest\/company\/huebscher-holzbau","https:\/\/www.instagram.com\/huebscherholzbau\/"]},{"@type":"Person","@id":"https:\/\/www.huebscher.net\/ch\/#\/schema\/person\/8fd9e2307c4694c2c9c33466724cf84a","name":"Michael H\u00fcbscher","image":{"@type":"ImageObject","inLanguage":"de","@id":"https:\/\/www.huebscher.net\/ch\/#\/schema\/person\/image\/","url":"https:\/\/secure.gravatar.com\/avatar\/9d37c03c19a40806617c92be68dacdfd?s=96&d=mm&r=g","contentUrl":"https:\/\/secure.gravatar.com\/avatar\/9d37c03c19a40806617c92be68dacdfd?s=96&d=mm&r=g","caption":"Michael H\u00fcbscher"},"sameAs":["https:\/\/huebscher.net"]}]}},"_links":{"self":[{"href":"https:\/\/www.huebscher.net\/de\/wp-json\/wp\/v2\/posts\/10953"}],"collection":[{"href":"https:\/\/www.huebscher.net\/de\/wp-json\/wp\/v2\/posts"}],"about":[{"href":"https:\/\/www.huebscher.net\/de\/wp-json\/wp\/v2\/types\/post"}],"author":[{"embeddable":true,"href":"https:\/\/www.huebscher.net\/de\/wp-json\/wp\/v2\/users\/2"}],"replies":[{"embeddable":true,"href":"https:\/\/www.huebscher.net\/de\/wp-json\/wp\/v2\/comments?post=10953"}],"version-history":[{"count":0,"href":"https:\/\/www.huebscher.net\/de\/wp-json\/wp\/v2\/posts\/10953\/revisions"}],"wp:attachment":[{"href":"https:\/\/www.huebscher.net\/de\/wp-json\/wp\/v2\/media?parent=10953"}],"wp:term":[{"taxonomy":"category","embeddable":true,"href":"https:\/\/www.huebscher.net\/de\/wp-json\/wp\/v2\/categories?post=10953"},{"taxonomy":"post_tag","embeddable":true,"href":"https:\/\/www.huebscher.net\/de\/wp-json\/wp\/v2\/tags?post=10953"}],"curies":[{"name":"wp","href":"https:\/\/api.w.org\/{rel}","templated":true}]}}