{"id":10925,"date":"2023-11-20T16:27:49","date_gmt":"2023-11-20T15:27:49","guid":{"rendered":"https:\/\/staging.huebscher.net\/unkategorisiert\/frauen-power-in-der-welt-des-holzbaus\/"},"modified":"2023-11-20T16:27:49","modified_gmt":"2023-11-20T15:27:49","slug":"frauen-power-in-der-welt-des-holzbaus","status":"publish","type":"post","link":"https:\/\/www.huebscher.net\/de\/frauen-power-in-der-welt-des-holzbaus\/","title":{"rendered":"Frauen-Power in der Welt des Holzbaus!"},"content":{"rendered":"\n<p>Unsere Gesch\u00e4ftsf\u00fchrerin Vivien Sohn war eingeladen bei &#8222;h\u00fct im Gspr\u00f6ch&#8220; auf dem Schaffhauser Fernsehen und durfte \u00fcber ihre Erfahrungen als Frau in einer M\u00e4nnerdom\u00e4ne sprechen.<\/p>\n\n\n\n<p>Vivien Sohn teilte inspirierende Einblicke in ihre Reise, sprach dar\u00fcber Herausforderungen zu \u00fcberwinden und die Rolle von Frauen im Bauwesen. Wir sind stolz darauf, starke und talentierte Frauen in unserem Team zu haben! <\/p>\n\n\n\n<p>Lassen Sie sich von ihrer Geschichte motivieren! <\/p>\n\n\n\n<figure class=\"wp-block-embed is-type-video is-provider-youtube wp-block-embed-youtube wp-embed-aspect-16-9 wp-has-aspect-ratio\"><div class=\"wp-block-embed__wrapper\">\n <div class=\"brlbs-cmpnt-container brlbs-cmpnt-content-blocker brlbs-cmpnt-with-individual-styles\" data-borlabs-cookie-content-blocker-id=\"default\" data-borlabs-cookie-content=\"PGRpdiBjbGFzcz0ic2YtdmlkZW8tY29udGFpbmVyIj48aWZyYW1lIHRpdGxlPSLwn4y\/4pyoIEZyYXVlbi1Qb3dlciBpbiBkZXIgV2VsdCBkZXMgSG9semJhdXMhIOKcqPCfjL8iIHdpZHRoPSI1MDAiIGhlaWdodD0iMjgxIiBzcmM9Imh0dHBzOi8vd3d3LnlvdXR1YmUuY29tL2VtYmVkLzdWamZGU2k4THkwP2ZlYXR1cmU9b2VtYmVkIiBmcmFtZWJvcmRlcj0iMCIgYWxsb3c9ImFjY2VsZXJvbWV0ZXI7IGF1dG9wbGF5OyBjbGlwYm9hcmQtd3JpdGU7IGVuY3J5cHRlZC1tZWRpYTsgZ3lyb3Njb3BlOyBwaWN0dXJlLWluLXBpY3R1cmU7IHdlYi1zaGFyZSIgcmVmZXJyZXJwb2xpY3k9InN0cmljdC1vcmlnaW4td2hlbi1jcm9zcy1vcmlnaW4iIGFsbG93ZnVsbHNjcmVlbj48L2lmcmFtZT48L2Rpdj4=\"><div class=\"brlbs-cmpnt-cb-preset-a\"> <p class=\"brlbs-cmpnt-cb-description\">Um auf den eigentlichen Inhalt zuzugreifen, klicken Sie auf den Button unten. Bitte beachten Sie, dass dabei Daten an Drittanbieter weitergegeben werden.<\/p> <div class=\"brlbs-cmpnt-cb-buttons\"> <a class=\"brlbs-cmpnt-cb-btn\" href=\"#\" data-borlabs-cookie-unblock role=\"button\">Inhalt entsperren<\/a> <a class=\"brlbs-cmpnt-cb-btn\" href=\"#\" data-borlabs-cookie-accept-service role=\"button\" style=\"display: none\">Erforderlichen Service akzeptieren und Inhalte entsperren<\/a> <\/div> <a class=\"brlbs-cmpnt-cb-provider-toggle\" href=\"#\" data-borlabs-cookie-show-provider-information role=\"button\">Weitere Informationen<\/a> <\/div><\/div>\n<\/div><\/figure>\n","protected":false},"excerpt":{"rendered":"<p>Unsere Gesch\u00e4ftsf\u00fchrerin Vivien Sohn war eingeladen bei &#8222;h\u00fct im Gspr\u00f6ch&#8220; auf dem Schaffhauser Fernsehen und durfte \u00fcber ihre Erfahrungen als Frau in einer M\u00e4nnerdom\u00e4ne sprechen. Vivien Sohn teilte inspirierende Einblicke in ihre Reise, sprach dar\u00fcber Herausforderungen zu \u00fcberwinden und die Rolle von Frauen im Bauwesen. Wir sind stolz darauf, starke und talentierte Frauen in unserem&hellip;<\/p>\n","protected":false},"author":2,"featured_media":10765,"comment_status":"closed","ping_status":"closed","sticky":false,"template":"","format":"standard","meta":{"_acf_changed":false,"_monsterinsights_skip_tracking":false,"_monsterinsights_sitenote_active":false,"_monsterinsights_sitenote_note":"","_monsterinsights_sitenote_category":0,"_genesis_hide_title":false,"_genesis_hide_breadcrumbs":false,"_genesis_hide_singular_image":false,"_genesis_hide_footer_widgets":false,"_genesis_custom_body_class":"","_genesis_custom_post_class":"","_genesis_layout":"","footnotes":""},"categories":[133,124],"tags":[],"class_list":{"0":"post-10925","1":"post","2":"type-post","3":"status-publish","4":"format-standard","5":"has-post-thumbnail","7":"category-unternehmen-de","8":"category-news","9":"entry"},"acf":[],"yoast_head":"<!-- This site is optimized with the Yoast SEO Premium plugin v25.2 (Yoast SEO v25.2) - https:\/\/yoast.com\/wordpress\/plugins\/seo\/ -->\n<title>Frauen-Power in der Welt des Holzbaus!<\/title>\n<meta name=\"description\" content=\"Gesch\u00e4ftsf\u00fchrerin Vivien Sohn war eingeladen bei &quot;h\u00fct im Gspr\u00f6ch&quot; und durfte \u00fcber ihre Erfahrungen als Frau in einer M\u00e4nnerdom\u00e4ne sprechen.\" \/>\n<meta name=\"robots\" content=\"index, follow, max-snippet:-1, max-image-preview:large, max-video-preview:-1\" \/>\n<link rel=\"canonical\" href=\"https:\/\/www.huebscher.net\/de\/frauen-power-in-der-welt-des-holzbaus\/\" \/>\n<meta property=\"og:locale\" content=\"de_DE\" \/>\n<meta property=\"og:type\" content=\"article\" \/>\n<meta property=\"og:title\" content=\"Frauen-Power in der Welt des Holzbaus!\" \/>\n<meta property=\"og:description\" content=\"Gesch\u00e4ftsf\u00fchrerin Vivien Sohn war eingeladen bei &quot;h\u00fct im Gspr\u00f6ch&quot; und durfte \u00fcber ihre Erfahrungen als Frau in einer M\u00e4nnerdom\u00e4ne sprechen.\" \/>\n<meta property=\"og:url\" content=\"https:\/\/www.huebscher.net\/de\/frauen-power-in-der-welt-des-holzbaus\/\" \/>\n<meta property=\"og:site_name\" content=\"H\u00dcBSCHER HOLZBAU\" \/>\n<meta property=\"article:publisher\" content=\"http:\/\/facebook.com\/huebscher.holzbau\" \/>\n<meta property=\"article:published_time\" content=\"2023-11-20T15:27:49+00:00\" \/>\n<meta property=\"og:image\" content=\"https:\/\/www.huebscher.net\/media\/vivien-sohn-1.jpg\" \/>\n\t<meta property=\"og:image:width\" content=\"773\" \/>\n\t<meta property=\"og:image:height\" content=\"700\" \/>\n\t<meta property=\"og:image:type\" content=\"image\/jpeg\" \/>\n<meta name=\"author\" content=\"Michael H\u00fcbscher\" \/>\n<meta name=\"twitter:card\" content=\"summary_large_image\" \/>\n<meta name=\"twitter:label1\" content=\"Verfasst von\" \/>\n\t<meta name=\"twitter:data1\" content=\"Michael H\u00fcbscher\" \/>\n\t<meta name=\"twitter:label2\" content=\"Gesch\u00e4tzte Lesezeit\" \/>\n\t<meta name=\"twitter:data2\" content=\"1\u00a0Minute\" \/>\n<script type=\"application\/ld+json\" class=\"yoast-schema-graph\">{\"@context\":\"https:\/\/schema.org\",\"@graph\":[{\"@type\":\"Article\",\"@id\":\"https:\/\/www.huebscher.net\/de\/frauen-power-in-der-welt-des-holzbaus\/#article\",\"isPartOf\":{\"@id\":\"https:\/\/www.huebscher.net\/de\/frauen-power-in-der-welt-des-holzbaus\/\"},\"author\":{\"name\":\"Michael H\u00fcbscher\",\"@id\":\"https:\/\/www.huebscher.net\/ch\/#\/schema\/person\/8fd9e2307c4694c2c9c33466724cf84a\"},\"headline\":\"Frauen-Power in der Welt des Holzbaus!\",\"datePublished\":\"2023-11-20T15:27:49+00:00\",\"mainEntityOfPage\":{\"@id\":\"https:\/\/www.huebscher.net\/de\/frauen-power-in-der-welt-des-holzbaus\/\"},\"wordCount\":86,\"publisher\":{\"@id\":\"https:\/\/www.huebscher.net\/ch\/#organization\"},\"image\":{\"@id\":\"https:\/\/www.huebscher.net\/de\/frauen-power-in-der-welt-des-holzbaus\/#primaryimage\"},\"thumbnailUrl\":\"https:\/\/www.huebscher.net\/media\/vivien-sohn-1.jpg\",\"articleSection\":[\"Intern\",\"News\"],\"inLanguage\":\"de\"},{\"@type\":\"WebPage\",\"@id\":\"https:\/\/www.huebscher.net\/de\/frauen-power-in-der-welt-des-holzbaus\/\",\"url\":\"https:\/\/www.huebscher.net\/de\/frauen-power-in-der-welt-des-holzbaus\/\",\"name\":\"Frauen-Power in der Welt des Holzbaus!\",\"isPartOf\":{\"@id\":\"https:\/\/www.huebscher.net\/ch\/#website\"},\"primaryImageOfPage\":{\"@id\":\"https:\/\/www.huebscher.net\/de\/frauen-power-in-der-welt-des-holzbaus\/#primaryimage\"},\"image\":{\"@id\":\"https:\/\/www.huebscher.net\/de\/frauen-power-in-der-welt-des-holzbaus\/#primaryimage\"},\"thumbnailUrl\":\"https:\/\/www.huebscher.net\/media\/vivien-sohn-1.jpg\",\"datePublished\":\"2023-11-20T15:27:49+00:00\",\"description\":\"Gesch\u00e4ftsf\u00fchrerin Vivien Sohn war eingeladen bei \\\"h\u00fct im Gspr\u00f6ch\\\" und durfte \u00fcber ihre Erfahrungen als Frau in einer M\u00e4nnerdom\u00e4ne sprechen.\",\"breadcrumb\":{\"@id\":\"https:\/\/www.huebscher.net\/de\/frauen-power-in-der-welt-des-holzbaus\/#breadcrumb\"},\"inLanguage\":\"de\",\"potentialAction\":[{\"@type\":\"ReadAction\",\"target\":[\"https:\/\/www.huebscher.net\/de\/frauen-power-in-der-welt-des-holzbaus\/\"]}]},{\"@type\":\"ImageObject\",\"inLanguage\":\"de\",\"@id\":\"https:\/\/www.huebscher.net\/de\/frauen-power-in-der-welt-des-holzbaus\/#primaryimage\",\"url\":\"https:\/\/www.huebscher.net\/media\/vivien-sohn-1.jpg\",\"contentUrl\":\"https:\/\/www.huebscher.net\/media\/vivien-sohn-1.jpg\",\"width\":773,\"height\":700,\"caption\":\"Frauen-Power\"},{\"@type\":\"BreadcrumbList\",\"@id\":\"https:\/\/www.huebscher.net\/de\/frauen-power-in-der-welt-des-holzbaus\/#breadcrumb\",\"itemListElement\":[{\"@type\":\"ListItem\",\"position\":1,\"name\":\"Home\",\"item\":\"https:\/\/www.huebscher.net\/de\/\"},{\"@type\":\"ListItem\",\"position\":2,\"name\":\"Frauen-Power in der Welt des Holzbaus!\"}]},{\"@type\":\"WebSite\",\"@id\":\"https:\/\/www.huebscher.net\/ch\/#website\",\"url\":\"https:\/\/www.huebscher.net\/ch\/\",\"name\":\"H\u00fcbscher Holzbau\",\"description\":\"H\u00fcbscher Holzbau AG\",\"publisher\":{\"@id\":\"https:\/\/www.huebscher.net\/ch\/#organization\"},\"alternateName\":\"H\u00fcbscher Holzbau\",\"potentialAction\":[{\"@type\":\"SearchAction\",\"target\":{\"@type\":\"EntryPoint\",\"urlTemplate\":\"https:\/\/www.huebscher.net\/ch\/?s={search_term_string}\"},\"query-input\":{\"@type\":\"PropertyValueSpecification\",\"valueRequired\":true,\"valueName\":\"search_term_string\"}}],\"inLanguage\":\"de\"},{\"@type\":\"Organization\",\"@id\":\"https:\/\/www.huebscher.net\/ch\/#organization\",\"name\":\"H\u00fcbscher Holzbau\",\"alternateName\":\"H\u00fcbscher Holzbau\",\"url\":\"https:\/\/www.huebscher.net\/ch\/\",\"logo\":{\"@type\":\"ImageObject\",\"inLanguage\":\"de\",\"@id\":\"https:\/\/www.huebscher.net\/ch\/#\/schema\/logo\/image\/\",\"url\":\"https:\/\/www.huebscher.net\/media\/huebscher_logo_def.png\",\"contentUrl\":\"https:\/\/www.huebscher.net\/media\/huebscher_logo_def.png\",\"width\":220,\"height\":110,\"caption\":\"H\u00fcbscher Holzbau\"},\"image\":{\"@id\":\"https:\/\/www.huebscher.net\/ch\/#\/schema\/logo\/image\/\"},\"sameAs\":[\"http:\/\/facebook.com\/huebscher.holzbau\",\"https:\/\/pt.linkedin.com\/organization-guest\/company\/huebscher-holzbau\",\"https:\/\/www.instagram.com\/huebscherholzbau\/\"]},{\"@type\":\"Person\",\"@id\":\"https:\/\/www.huebscher.net\/ch\/#\/schema\/person\/8fd9e2307c4694c2c9c33466724cf84a\",\"name\":\"Michael H\u00fcbscher\",\"image\":{\"@type\":\"ImageObject\",\"inLanguage\":\"de\",\"@id\":\"https:\/\/www.huebscher.net\/ch\/#\/schema\/person\/image\/\",\"url\":\"https:\/\/secure.gravatar.com\/avatar\/9d37c03c19a40806617c92be68dacdfd?s=96&d=mm&r=g\",\"contentUrl\":\"https:\/\/secure.gravatar.com\/avatar\/9d37c03c19a40806617c92be68dacdfd?s=96&d=mm&r=g\",\"caption\":\"Michael H\u00fcbscher\"},\"sameAs\":[\"https:\/\/huebscher.net\"]}]}<\/script>\n<!-- \/ Yoast SEO Premium plugin. -->","yoast_head_json":{"title":"Frauen-Power in der Welt des Holzbaus!","description":"Gesch\u00e4ftsf\u00fchrerin Vivien Sohn war eingeladen bei \"h\u00fct im Gspr\u00f6ch\" und durfte \u00fcber ihre Erfahrungen als Frau in einer M\u00e4nnerdom\u00e4ne sprechen.","robots":{"index":"index","follow":"follow","max-snippet":"max-snippet:-1","max-image-preview":"max-image-preview:large","max-video-preview":"max-video-preview:-1"},"canonical":"https:\/\/www.huebscher.net\/de\/frauen-power-in-der-welt-des-holzbaus\/","og_locale":"de_DE","og_type":"article","og_title":"Frauen-Power in der Welt des Holzbaus!","og_description":"Gesch\u00e4ftsf\u00fchrerin Vivien Sohn war eingeladen bei \"h\u00fct im Gspr\u00f6ch\" und durfte \u00fcber ihre Erfahrungen als Frau in einer M\u00e4nnerdom\u00e4ne sprechen.","og_url":"https:\/\/www.huebscher.net\/de\/frauen-power-in-der-welt-des-holzbaus\/","og_site_name":"H\u00dcBSCHER HOLZBAU","article_publisher":"http:\/\/facebook.com\/huebscher.holzbau","article_published_time":"2023-11-20T15:27:49+00:00","og_image":[{"width":773,"height":700,"url":"https:\/\/www.huebscher.net\/media\/vivien-sohn-1.jpg","type":"image\/jpeg"}],"author":"Michael H\u00fcbscher","twitter_card":"summary_large_image","twitter_misc":{"Verfasst von":"Michael H\u00fcbscher","Gesch\u00e4tzte Lesezeit":"1\u00a0Minute"},"schema":{"@context":"https:\/\/schema.org","@graph":[{"@type":"Article","@id":"https:\/\/www.huebscher.net\/de\/frauen-power-in-der-welt-des-holzbaus\/#article","isPartOf":{"@id":"https:\/\/www.huebscher.net\/de\/frauen-power-in-der-welt-des-holzbaus\/"},"author":{"name":"Michael H\u00fcbscher","@id":"https:\/\/www.huebscher.net\/ch\/#\/schema\/person\/8fd9e2307c4694c2c9c33466724cf84a"},"headline":"Frauen-Power in der Welt des Holzbaus!","datePublished":"2023-11-20T15:27:49+00:00","mainEntityOfPage":{"@id":"https:\/\/www.huebscher.net\/de\/frauen-power-in-der-welt-des-holzbaus\/"},"wordCount":86,"publisher":{"@id":"https:\/\/www.huebscher.net\/ch\/#organization"},"image":{"@id":"https:\/\/www.huebscher.net\/de\/frauen-power-in-der-welt-des-holzbaus\/#primaryimage"},"thumbnailUrl":"https:\/\/www.huebscher.net\/media\/vivien-sohn-1.jpg","articleSection":["Intern","News"],"inLanguage":"de"},{"@type":"WebPage","@id":"https:\/\/www.huebscher.net\/de\/frauen-power-in-der-welt-des-holzbaus\/","url":"https:\/\/www.huebscher.net\/de\/frauen-power-in-der-welt-des-holzbaus\/","name":"Frauen-Power in der Welt des Holzbaus!","isPartOf":{"@id":"https:\/\/www.huebscher.net\/ch\/#website"},"primaryImageOfPage":{"@id":"https:\/\/www.huebscher.net\/de\/frauen-power-in-der-welt-des-holzbaus\/#primaryimage"},"image":{"@id":"https:\/\/www.huebscher.net\/de\/frauen-power-in-der-welt-des-holzbaus\/#primaryimage"},"thumbnailUrl":"https:\/\/www.huebscher.net\/media\/vivien-sohn-1.jpg","datePublished":"2023-11-20T15:27:49+00:00","description":"Gesch\u00e4ftsf\u00fchrerin Vivien Sohn war eingeladen bei \"h\u00fct im Gspr\u00f6ch\" und durfte \u00fcber ihre Erfahrungen als Frau in einer M\u00e4nnerdom\u00e4ne sprechen.","breadcrumb":{"@id":"https:\/\/www.huebscher.net\/de\/frauen-power-in-der-welt-des-holzbaus\/#breadcrumb"},"inLanguage":"de","potentialAction":[{"@type":"ReadAction","target":["https:\/\/www.huebscher.net\/de\/frauen-power-in-der-welt-des-holzbaus\/"]}]},{"@type":"ImageObject","inLanguage":"de","@id":"https:\/\/www.huebscher.net\/de\/frauen-power-in-der-welt-des-holzbaus\/#primaryimage","url":"https:\/\/www.huebscher.net\/media\/vivien-sohn-1.jpg","contentUrl":"https:\/\/www.huebscher.net\/media\/vivien-sohn-1.jpg","width":773,"height":700,"caption":"Frauen-Power"},{"@type":"BreadcrumbList","@id":"https:\/\/www.huebscher.net\/de\/frauen-power-in-der-welt-des-holzbaus\/#breadcrumb","itemListElement":[{"@type":"ListItem","position":1,"name":"Home","item":"https:\/\/www.huebscher.net\/de\/"},{"@type":"ListItem","position":2,"name":"Frauen-Power in der Welt des Holzbaus!"}]},{"@type":"WebSite","@id":"https:\/\/www.huebscher.net\/ch\/#website","url":"https:\/\/www.huebscher.net\/ch\/","name":"H\u00fcbscher Holzbau","description":"H\u00fcbscher Holzbau AG","publisher":{"@id":"https:\/\/www.huebscher.net\/ch\/#organization"},"alternateName":"H\u00fcbscher Holzbau","potentialAction":[{"@type":"SearchAction","target":{"@type":"EntryPoint","urlTemplate":"https:\/\/www.huebscher.net\/ch\/?s={search_term_string}"},"query-input":{"@type":"PropertyValueSpecification","valueRequired":true,"valueName":"search_term_string"}}],"inLanguage":"de"},{"@type":"Organization","@id":"https:\/\/www.huebscher.net\/ch\/#organization","name":"H\u00fcbscher Holzbau","alternateName":"H\u00fcbscher Holzbau","url":"https:\/\/www.huebscher.net\/ch\/","logo":{"@type":"ImageObject","inLanguage":"de","@id":"https:\/\/www.huebscher.net\/ch\/#\/schema\/logo\/image\/","url":"https:\/\/www.huebscher.net\/media\/huebscher_logo_def.png","contentUrl":"https:\/\/www.huebscher.net\/media\/huebscher_logo_def.png","width":220,"height":110,"caption":"H\u00fcbscher Holzbau"},"image":{"@id":"https:\/\/www.huebscher.net\/ch\/#\/schema\/logo\/image\/"},"sameAs":["http:\/\/facebook.com\/huebscher.holzbau","https:\/\/pt.linkedin.com\/organization-guest\/company\/huebscher-holzbau","https:\/\/www.instagram.com\/huebscherholzbau\/"]},{"@type":"Person","@id":"https:\/\/www.huebscher.net\/ch\/#\/schema\/person\/8fd9e2307c4694c2c9c33466724cf84a","name":"Michael H\u00fcbscher","image":{"@type":"ImageObject","inLanguage":"de","@id":"https:\/\/www.huebscher.net\/ch\/#\/schema\/person\/image\/","url":"https:\/\/secure.gravatar.com\/avatar\/9d37c03c19a40806617c92be68dacdfd?s=96&d=mm&r=g","contentUrl":"https:\/\/secure.gravatar.com\/avatar\/9d37c03c19a40806617c92be68dacdfd?s=96&d=mm&r=g","caption":"Michael H\u00fcbscher"},"sameAs":["https:\/\/huebscher.net"]}]}},"_links":{"self":[{"href":"https:\/\/www.huebscher.net\/de\/wp-json\/wp\/v2\/posts\/10925"}],"collection":[{"href":"https:\/\/www.huebscher.net\/de\/wp-json\/wp\/v2\/posts"}],"about":[{"href":"https:\/\/www.huebscher.net\/de\/wp-json\/wp\/v2\/types\/post"}],"author":[{"embeddable":true,"href":"https:\/\/www.huebscher.net\/de\/wp-json\/wp\/v2\/users\/2"}],"replies":[{"embeddable":true,"href":"https:\/\/www.huebscher.net\/de\/wp-json\/wp\/v2\/comments?post=10925"}],"version-history":[{"count":0,"href":"https:\/\/www.huebscher.net\/de\/wp-json\/wp\/v2\/posts\/10925\/revisions"}],"wp:featuredmedia":[{"embeddable":true,"href":"https:\/\/www.huebscher.net\/de\/wp-json\/wp\/v2\/media\/10765"}],"wp:attachment":[{"href":"https:\/\/www.huebscher.net\/de\/wp-json\/wp\/v2\/media?parent=10925"}],"wp:term":[{"taxonomy":"category","embeddable":true,"href":"https:\/\/www.huebscher.net\/de\/wp-json\/wp\/v2\/categories?post=10925"},{"taxonomy":"post_tag","embeddable":true,"href":"https:\/\/www.huebscher.net\/de\/wp-json\/wp\/v2\/tags?post=10925"}],"curies":[{"name":"wp","href":"https:\/\/api.w.org\/{rel}","templated":true}]}}