{"id":6902,"date":"2023-02-01T16:18:51","date_gmt":"2023-02-01T15:18:51","guid":{"rendered":"https:\/\/huebscher-holzbau.ch\/?p=6902"},"modified":"2024-06-17T11:14:23","modified_gmt":"2024-06-17T09:14:23","slug":"baustart-ku-box-siblingen","status":"publish","type":"post","link":"https:\/\/www.huebscher.net\/ch\/baustart-ku-box-siblingen\/","title":{"rendered":"Baustart Ku-Box Siblingen"},"content":{"rendered":"\n<figure class=\"wp-block-image size-large\"><img fetchpriority=\"high\" decoding=\"async\" width=\"1440\" height=\"1080\" src=\"https:\/\/huebscher.net\/media\/IMG_5127-1440x1080.jpg\" alt=\"Baustart Ku-Box Siblingen\" class=\"wp-image-6903\" srcset=\"https:\/\/www.huebscher.net\/media\/IMG_5127-1440x1080.jpg 1440w, https:\/\/www.huebscher.net\/media\/IMG_5127-960x720.jpg 960w, https:\/\/www.huebscher.net\/media\/IMG_5127-768x576.jpg 768w, https:\/\/www.huebscher.net\/media\/IMG_5127-350x263.jpg 350w, https:\/\/www.huebscher.net\/media\/IMG_5127-1536x1152.jpg 1536w, https:\/\/www.huebscher.net\/media\/IMG_5127-2048x1536.jpg 2048w\" sizes=\"(max-width: 1440px) 100vw, 1440px\" \/><figcaption class=\"wp-element-caption\">Die Bauarbeiten f\u00fcr die Ku-Box haben begonnen<\/figcaption><\/figure>\n\n\n\n<p>Im Gewerbegebiet Rogacker in Siblingen wird die letzte Parzelle \u00fcberbaut. In dieser Woche erfolgte der Spatenstich zur letzten Gewerbebaute, die mit einer neuen, innovativen Idee gleich f\u00fcnf neue Firmen nach Siblingen bringt.<\/p>\n\n\n\n<p>Die Firma KU-Box GmbH mit Gesch\u00e4ftssitz in Beringen, baut hier ein Gewerbehaus. \u00abEs wird das erste Gewerbehaus, das wir hier bauen, es sollen aber noch mehr werden\u00bb, sagt einer der drei Firmenin\u00adhaber, Markus Kuster. Die Idee der Firma KU-Box ist es, Boxen f\u00fcr Kleingewerbetreibende zu bauen, die dann gemietet werden k\u00f6nnen. Es wird also eine Halle auf dem Rogacker gebaut, die f\u00fcnf Gewerbetreibende f\u00fcr ihre Gesch\u00e4fte nutzen k\u00f6nnen, ohne selber die Infrastruktur daf\u00fcr bauen zu m\u00fcssen. Vier Boxen werden die Fl\u00e4che von 90\u202fQuadratmetern haben und eine Box wird mit 180\u202fQuadratmetern doppelt so gross. Bereits konnte die KU-Box GmbH mit drei Mietern Vertr\u00e4ge \u00adabschliessen, zwei Gewerbeboxen sind bisher noch frei.<br>\u00abAm 1.\u202fJuni k\u00f6nnen die Mieter einziehen\u00bb, sagt Markus Kuster. Er, sein Bruder Bruno und Sohn Joey freuen sich dar\u00fcber, dass bald ihr erstes Gewerbehaus steht. Am Bau des Gewerbehauses sind \u00fcbrigens nur lokale Handwerker beteiligt.<\/p>\n\n\n\n<p>H\u00dcBSCHER freut sich, das Projekt als Generalunternehmer ausf\u00fchren zu d\u00fcrfen.<\/p>\n","protected":false},"excerpt":{"rendered":"<p>Im Gewerbegebiet Rogacker in Siblingen wird die letzte Parzelle \u00fcberbaut. In dieser Woche erfolgte der Spatenstich zur letzten Gewerbebaute, die mit einer neuen, innovativen Idee gleich f\u00fcnf neue Firmen nach Siblingen bringt. Die Firma KU-Box GmbH mit Gesch\u00e4ftssitz in Beringen, baut hier ein Gewerbehaus. \u00abEs wird das erste Gewerbehaus, das wir hier bauen, es sollen&hellip;<\/p>\n","protected":false},"author":2,"featured_media":6903,"comment_status":"closed","ping_status":"closed","sticky":false,"template":"","format":"standard","meta":{"_acf_changed":false,"_monsterinsights_skip_tracking":false,"_monsterinsights_sitenote_active":false,"_monsterinsights_sitenote_note":"","_monsterinsights_sitenote_category":0,"_genesis_hide_title":false,"_genesis_hide_breadcrumbs":false,"_genesis_hide_singular_image":false,"_genesis_hide_footer_widgets":false,"_genesis_custom_body_class":"","_genesis_custom_post_class":"","_genesis_layout":"","footnotes":""},"categories":[40,39],"tags":[],"class_list":{"0":"post-6902","1":"post","2":"type-post","3":"status-publish","4":"format-standard","5":"has-post-thumbnail","7":"category-im-bau","8":"category-news","9":"entry"},"acf":[],"yoast_head":"<!-- This site is optimized with the Yoast SEO Premium plugin v25.2 (Yoast SEO v25.2) - https:\/\/yoast.com\/wordpress\/plugins\/seo\/ -->\n<title>Baustart Ku-Box Siblingen - H\u00dcBSCHER HOLZBAU<\/title>\n<meta name=\"description\" content=\"Im Gewerbegebiet Rogacker in Siblingen wird die letzte Parzelle \u00fcberbaut. H\u00dcBSCHER freut sich, das Projekt als Generalunternehmer auszuf\u00fchren.\" \/>\n<meta name=\"robots\" content=\"index, follow, max-snippet:-1, max-image-preview:large, max-video-preview:-1\" \/>\n<link rel=\"canonical\" href=\"https:\/\/www.huebscher.net\/ch\/baustart-ku-box-siblingen\/\" \/>\n<meta property=\"og:locale\" content=\"de_DE\" \/>\n<meta property=\"og:type\" content=\"article\" \/>\n<meta property=\"og:title\" content=\"Baustart Ku-Box Siblingen\" \/>\n<meta property=\"og:description\" content=\"Im Gewerbegebiet Rogacker in Siblingen wird die letzte Parzelle \u00fcberbaut. H\u00dcBSCHER freut sich, das Projekt als Generalunternehmer auszuf\u00fchren.\" \/>\n<meta property=\"og:url\" content=\"https:\/\/www.huebscher.net\/ch\/baustart-ku-box-siblingen\/\" \/>\n<meta property=\"og:site_name\" content=\"H\u00dcBSCHER HOLZBAU\" \/>\n<meta property=\"article:publisher\" content=\"http:\/\/facebook.com\/huebscher.holzbau\" \/>\n<meta property=\"article:published_time\" content=\"2023-02-01T15:18:51+00:00\" \/>\n<meta property=\"article:modified_time\" content=\"2024-06-17T09:14:23+00:00\" \/>\n<meta property=\"og:image\" content=\"https:\/\/www.huebscher.net\/media\/IMG_5127-1440x1080.jpg\" \/>\n\t<meta property=\"og:image:width\" content=\"1440\" \/>\n\t<meta property=\"og:image:height\" content=\"1080\" \/>\n\t<meta property=\"og:image:type\" content=\"image\/jpeg\" \/>\n<meta name=\"author\" content=\"Michael H\u00fcbscher\" \/>\n<meta name=\"twitter:card\" content=\"summary_large_image\" \/>\n<meta name=\"twitter:label1\" content=\"Geschrieben von\" \/>\n\t<meta name=\"twitter:data1\" content=\"Michael H\u00fcbscher\" \/>\n\t<meta name=\"twitter:label2\" content=\"Gesch\u00e4tzte Lesezeit\" \/>\n\t<meta name=\"twitter:data2\" content=\"2 Minuten\" \/>\n<script type=\"application\/ld+json\" class=\"yoast-schema-graph\">{\"@context\":\"https:\/\/schema.org\",\"@graph\":[{\"@type\":\"Article\",\"@id\":\"https:\/\/www.huebscher.net\/ch\/baustart-ku-box-siblingen\/#article\",\"isPartOf\":{\"@id\":\"https:\/\/www.huebscher.net\/ch\/baustart-ku-box-siblingen\/\"},\"author\":{\"name\":\"Michael H\u00fcbscher\",\"@id\":\"https:\/\/www.huebscher.net\/ch\/#\/schema\/person\/8fd9e2307c4694c2c9c33466724cf84a\"},\"headline\":\"Baustart Ku-Box Siblingen\",\"datePublished\":\"2023-02-01T15:18:51+00:00\",\"dateModified\":\"2024-06-17T09:14:23+00:00\",\"mainEntityOfPage\":{\"@id\":\"https:\/\/www.huebscher.net\/ch\/baustart-ku-box-siblingen\/\"},\"wordCount\":215,\"publisher\":{\"@id\":\"https:\/\/www.huebscher.net\/ch\/#organization\"},\"image\":{\"@id\":\"https:\/\/www.huebscher.net\/ch\/baustart-ku-box-siblingen\/#primaryimage\"},\"thumbnailUrl\":\"https:\/\/www.huebscher.net\/media\/IMG_5127-scaled.jpg\",\"articleSection\":[\"Im Bau\",\"News\"],\"inLanguage\":\"de-CH\"},{\"@type\":\"WebPage\",\"@id\":\"https:\/\/www.huebscher.net\/ch\/baustart-ku-box-siblingen\/\",\"url\":\"https:\/\/www.huebscher.net\/ch\/baustart-ku-box-siblingen\/\",\"name\":\"Baustart Ku-Box Siblingen - H\u00dcBSCHER HOLZBAU\",\"isPartOf\":{\"@id\":\"https:\/\/www.huebscher.net\/ch\/#website\"},\"primaryImageOfPage\":{\"@id\":\"https:\/\/www.huebscher.net\/ch\/baustart-ku-box-siblingen\/#primaryimage\"},\"image\":{\"@id\":\"https:\/\/www.huebscher.net\/ch\/baustart-ku-box-siblingen\/#primaryimage\"},\"thumbnailUrl\":\"https:\/\/www.huebscher.net\/media\/IMG_5127-scaled.jpg\",\"datePublished\":\"2023-02-01T15:18:51+00:00\",\"dateModified\":\"2024-06-17T09:14:23+00:00\",\"description\":\"Im Gewerbegebiet Rogacker in Siblingen wird die letzte Parzelle \u00fcberbaut. H\u00dcBSCHER freut sich, das Projekt als Generalunternehmer auszuf\u00fchren.\",\"breadcrumb\":{\"@id\":\"https:\/\/www.huebscher.net\/ch\/baustart-ku-box-siblingen\/#breadcrumb\"},\"inLanguage\":\"de-CH\",\"potentialAction\":[{\"@type\":\"ReadAction\",\"target\":[\"https:\/\/www.huebscher.net\/ch\/baustart-ku-box-siblingen\/\"]}]},{\"@type\":\"ImageObject\",\"inLanguage\":\"de-CH\",\"@id\":\"https:\/\/www.huebscher.net\/ch\/baustart-ku-box-siblingen\/#primaryimage\",\"url\":\"https:\/\/www.huebscher.net\/media\/IMG_5127-scaled.jpg\",\"contentUrl\":\"https:\/\/www.huebscher.net\/media\/IMG_5127-scaled.jpg\",\"width\":4032,\"height\":3024,\"caption\":\"Baustart Ku-Box Siblingen\"},{\"@type\":\"BreadcrumbList\",\"@id\":\"https:\/\/www.huebscher.net\/ch\/baustart-ku-box-siblingen\/#breadcrumb\",\"itemListElement\":[{\"@type\":\"ListItem\",\"position\":1,\"name\":\"Home\",\"item\":\"https:\/\/www.huebscher.net\/ch\/\"},{\"@type\":\"ListItem\",\"position\":2,\"name\":\"Baustart Ku-Box Siblingen\"}]},{\"@type\":\"WebSite\",\"@id\":\"https:\/\/www.huebscher.net\/ch\/#website\",\"url\":\"https:\/\/www.huebscher.net\/ch\/\",\"name\":\"H\u00fcbscher Holzbau\",\"description\":\"H\u00fcbscher Holzbau AG\",\"publisher\":{\"@id\":\"https:\/\/www.huebscher.net\/ch\/#organization\"},\"alternateName\":\"H\u00fcbscher Holzbau\",\"potentialAction\":[{\"@type\":\"SearchAction\",\"target\":{\"@type\":\"EntryPoint\",\"urlTemplate\":\"https:\/\/www.huebscher.net\/ch\/?s={search_term_string}\"},\"query-input\":{\"@type\":\"PropertyValueSpecification\",\"valueRequired\":true,\"valueName\":\"search_term_string\"}}],\"inLanguage\":\"de-CH\"},{\"@type\":\"Organization\",\"@id\":\"https:\/\/www.huebscher.net\/ch\/#organization\",\"name\":\"H\u00fcbscher Holzbau\",\"alternateName\":\"H\u00fcbscher Holzbau\",\"url\":\"https:\/\/www.huebscher.net\/ch\/\",\"logo\":{\"@type\":\"ImageObject\",\"inLanguage\":\"de-CH\",\"@id\":\"https:\/\/www.huebscher.net\/ch\/#\/schema\/logo\/image\/\",\"url\":\"https:\/\/www.huebscher.net\/media\/huebscher_logo_def.png\",\"contentUrl\":\"https:\/\/www.huebscher.net\/media\/huebscher_logo_def.png\",\"width\":220,\"height\":110,\"caption\":\"H\u00fcbscher Holzbau\"},\"image\":{\"@id\":\"https:\/\/www.huebscher.net\/ch\/#\/schema\/logo\/image\/\"},\"sameAs\":[\"http:\/\/facebook.com\/huebscher.holzbau\",\"https:\/\/pt.linkedin.com\/organization-guest\/company\/huebscher-holzbau\",\"https:\/\/www.instagram.com\/huebscherholzbau\/\"]},{\"@type\":\"Person\",\"@id\":\"https:\/\/www.huebscher.net\/ch\/#\/schema\/person\/8fd9e2307c4694c2c9c33466724cf84a\",\"name\":\"Michael H\u00fcbscher\",\"image\":{\"@type\":\"ImageObject\",\"inLanguage\":\"de-CH\",\"@id\":\"https:\/\/www.huebscher.net\/ch\/#\/schema\/person\/image\/\",\"url\":\"https:\/\/secure.gravatar.com\/avatar\/9d37c03c19a40806617c92be68dacdfd?s=96&d=mm&r=g\",\"contentUrl\":\"https:\/\/secure.gravatar.com\/avatar\/9d37c03c19a40806617c92be68dacdfd?s=96&d=mm&r=g\",\"caption\":\"Michael H\u00fcbscher\"},\"sameAs\":[\"https:\/\/huebscher.net\"]}]}<\/script>\n<!-- \/ Yoast SEO Premium plugin. -->","yoast_head_json":{"title":"Baustart Ku-Box Siblingen - H\u00dcBSCHER HOLZBAU","description":"Im Gewerbegebiet Rogacker in Siblingen wird die letzte Parzelle \u00fcberbaut. H\u00dcBSCHER freut sich, das Projekt als Generalunternehmer auszuf\u00fchren.","robots":{"index":"index","follow":"follow","max-snippet":"max-snippet:-1","max-image-preview":"max-image-preview:large","max-video-preview":"max-video-preview:-1"},"canonical":"https:\/\/www.huebscher.net\/ch\/baustart-ku-box-siblingen\/","og_locale":"de_DE","og_type":"article","og_title":"Baustart Ku-Box Siblingen","og_description":"Im Gewerbegebiet Rogacker in Siblingen wird die letzte Parzelle \u00fcberbaut. H\u00dcBSCHER freut sich, das Projekt als Generalunternehmer auszuf\u00fchren.","og_url":"https:\/\/www.huebscher.net\/ch\/baustart-ku-box-siblingen\/","og_site_name":"H\u00dcBSCHER HOLZBAU","article_publisher":"http:\/\/facebook.com\/huebscher.holzbau","article_published_time":"2023-02-01T15:18:51+00:00","article_modified_time":"2024-06-17T09:14:23+00:00","og_image":[{"width":1440,"height":1080,"url":"https:\/\/www.huebscher.net\/media\/IMG_5127-1440x1080.jpg","type":"image\/jpeg"}],"author":"Michael H\u00fcbscher","twitter_card":"summary_large_image","twitter_misc":{"Geschrieben von":"Michael H\u00fcbscher","Gesch\u00e4tzte Lesezeit":"2 Minuten"},"schema":{"@context":"https:\/\/schema.org","@graph":[{"@type":"Article","@id":"https:\/\/www.huebscher.net\/ch\/baustart-ku-box-siblingen\/#article","isPartOf":{"@id":"https:\/\/www.huebscher.net\/ch\/baustart-ku-box-siblingen\/"},"author":{"name":"Michael H\u00fcbscher","@id":"https:\/\/www.huebscher.net\/ch\/#\/schema\/person\/8fd9e2307c4694c2c9c33466724cf84a"},"headline":"Baustart Ku-Box Siblingen","datePublished":"2023-02-01T15:18:51+00:00","dateModified":"2024-06-17T09:14:23+00:00","mainEntityOfPage":{"@id":"https:\/\/www.huebscher.net\/ch\/baustart-ku-box-siblingen\/"},"wordCount":215,"publisher":{"@id":"https:\/\/www.huebscher.net\/ch\/#organization"},"image":{"@id":"https:\/\/www.huebscher.net\/ch\/baustart-ku-box-siblingen\/#primaryimage"},"thumbnailUrl":"https:\/\/www.huebscher.net\/media\/IMG_5127-scaled.jpg","articleSection":["Im Bau","News"],"inLanguage":"de-CH"},{"@type":"WebPage","@id":"https:\/\/www.huebscher.net\/ch\/baustart-ku-box-siblingen\/","url":"https:\/\/www.huebscher.net\/ch\/baustart-ku-box-siblingen\/","name":"Baustart Ku-Box Siblingen - H\u00dcBSCHER HOLZBAU","isPartOf":{"@id":"https:\/\/www.huebscher.net\/ch\/#website"},"primaryImageOfPage":{"@id":"https:\/\/www.huebscher.net\/ch\/baustart-ku-box-siblingen\/#primaryimage"},"image":{"@id":"https:\/\/www.huebscher.net\/ch\/baustart-ku-box-siblingen\/#primaryimage"},"thumbnailUrl":"https:\/\/www.huebscher.net\/media\/IMG_5127-scaled.jpg","datePublished":"2023-02-01T15:18:51+00:00","dateModified":"2024-06-17T09:14:23+00:00","description":"Im Gewerbegebiet Rogacker in Siblingen wird die letzte Parzelle \u00fcberbaut. H\u00dcBSCHER freut sich, das Projekt als Generalunternehmer auszuf\u00fchren.","breadcrumb":{"@id":"https:\/\/www.huebscher.net\/ch\/baustart-ku-box-siblingen\/#breadcrumb"},"inLanguage":"de-CH","potentialAction":[{"@type":"ReadAction","target":["https:\/\/www.huebscher.net\/ch\/baustart-ku-box-siblingen\/"]}]},{"@type":"ImageObject","inLanguage":"de-CH","@id":"https:\/\/www.huebscher.net\/ch\/baustart-ku-box-siblingen\/#primaryimage","url":"https:\/\/www.huebscher.net\/media\/IMG_5127-scaled.jpg","contentUrl":"https:\/\/www.huebscher.net\/media\/IMG_5127-scaled.jpg","width":4032,"height":3024,"caption":"Baustart Ku-Box Siblingen"},{"@type":"BreadcrumbList","@id":"https:\/\/www.huebscher.net\/ch\/baustart-ku-box-siblingen\/#breadcrumb","itemListElement":[{"@type":"ListItem","position":1,"name":"Home","item":"https:\/\/www.huebscher.net\/ch\/"},{"@type":"ListItem","position":2,"name":"Baustart Ku-Box Siblingen"}]},{"@type":"WebSite","@id":"https:\/\/www.huebscher.net\/ch\/#website","url":"https:\/\/www.huebscher.net\/ch\/","name":"H\u00fcbscher Holzbau","description":"H\u00fcbscher Holzbau AG","publisher":{"@id":"https:\/\/www.huebscher.net\/ch\/#organization"},"alternateName":"H\u00fcbscher Holzbau","potentialAction":[{"@type":"SearchAction","target":{"@type":"EntryPoint","urlTemplate":"https:\/\/www.huebscher.net\/ch\/?s={search_term_string}"},"query-input":{"@type":"PropertyValueSpecification","valueRequired":true,"valueName":"search_term_string"}}],"inLanguage":"de-CH"},{"@type":"Organization","@id":"https:\/\/www.huebscher.net\/ch\/#organization","name":"H\u00fcbscher Holzbau","alternateName":"H\u00fcbscher Holzbau","url":"https:\/\/www.huebscher.net\/ch\/","logo":{"@type":"ImageObject","inLanguage":"de-CH","@id":"https:\/\/www.huebscher.net\/ch\/#\/schema\/logo\/image\/","url":"https:\/\/www.huebscher.net\/media\/huebscher_logo_def.png","contentUrl":"https:\/\/www.huebscher.net\/media\/huebscher_logo_def.png","width":220,"height":110,"caption":"H\u00fcbscher Holzbau"},"image":{"@id":"https:\/\/www.huebscher.net\/ch\/#\/schema\/logo\/image\/"},"sameAs":["http:\/\/facebook.com\/huebscher.holzbau","https:\/\/pt.linkedin.com\/organization-guest\/company\/huebscher-holzbau","https:\/\/www.instagram.com\/huebscherholzbau\/"]},{"@type":"Person","@id":"https:\/\/www.huebscher.net\/ch\/#\/schema\/person\/8fd9e2307c4694c2c9c33466724cf84a","name":"Michael H\u00fcbscher","image":{"@type":"ImageObject","inLanguage":"de-CH","@id":"https:\/\/www.huebscher.net\/ch\/#\/schema\/person\/image\/","url":"https:\/\/secure.gravatar.com\/avatar\/9d37c03c19a40806617c92be68dacdfd?s=96&d=mm&r=g","contentUrl":"https:\/\/secure.gravatar.com\/avatar\/9d37c03c19a40806617c92be68dacdfd?s=96&d=mm&r=g","caption":"Michael H\u00fcbscher"},"sameAs":["https:\/\/huebscher.net"]}]}},"_links":{"self":[{"href":"https:\/\/www.huebscher.net\/ch\/wp-json\/wp\/v2\/posts\/6902"}],"collection":[{"href":"https:\/\/www.huebscher.net\/ch\/wp-json\/wp\/v2\/posts"}],"about":[{"href":"https:\/\/www.huebscher.net\/ch\/wp-json\/wp\/v2\/types\/post"}],"author":[{"embeddable":true,"href":"https:\/\/www.huebscher.net\/ch\/wp-json\/wp\/v2\/users\/2"}],"replies":[{"embeddable":true,"href":"https:\/\/www.huebscher.net\/ch\/wp-json\/wp\/v2\/comments?post=6902"}],"version-history":[{"count":2,"href":"https:\/\/www.huebscher.net\/ch\/wp-json\/wp\/v2\/posts\/6902\/revisions"}],"predecessor-version":[{"id":9070,"href":"https:\/\/www.huebscher.net\/ch\/wp-json\/wp\/v2\/posts\/6902\/revisions\/9070"}],"wp:featuredmedia":[{"embeddable":true,"href":"https:\/\/www.huebscher.net\/ch\/wp-json\/wp\/v2\/media\/6903"}],"wp:attachment":[{"href":"https:\/\/www.huebscher.net\/ch\/wp-json\/wp\/v2\/media?parent=6902"}],"wp:term":[{"taxonomy":"category","embeddable":true,"href":"https:\/\/www.huebscher.net\/ch\/wp-json\/wp\/v2\/categories?post=6902"},{"taxonomy":"post_tag","embeddable":true,"href":"https:\/\/www.huebscher.net\/ch\/wp-json\/wp\/v2\/tags?post=6902"}],"curies":[{"name":"wp","href":"https:\/\/api.w.org\/{rel}","templated":true}]}}