{"id":6657,"date":"2022-05-21T09:29:11","date_gmt":"2022-05-21T07:29:11","guid":{"rendered":"https:\/\/huebscher-holzbau.ch\/?p=6657"},"modified":"2024-06-17T11:18:47","modified_gmt":"2024-06-17T09:18:47","slug":"deutscher-garten-auf-der-floriade-2022-eroffnet","status":"publish","type":"post","link":"https:\/\/www.huebscher.net\/ch\/deutscher-garten-auf-der-floriade-2022-eroffnet\/","title":{"rendered":"DEUTSCHER Garten auf der FLORIADE 2022 er\u00f6ffnet"},"content":{"rendered":"\n<figure class=\"wp-block-image size-large\"><img fetchpriority=\"high\" decoding=\"async\" width=\"1280\" height=\"854\" src=\"https:\/\/huebscher.net\/media\/floriade2022_eroeffnung-1.jpg\" alt=\"DEUTSCHER Garten auf der FLORIADE 2022 er\u00f6ffnet\" class=\"wp-image-6658\" srcset=\"https:\/\/www.huebscher.net\/media\/floriade2022_eroeffnung-1.jpg 1280w, https:\/\/www.huebscher.net\/media\/floriade2022_eroeffnung-1-1079x720.jpg 1079w, https:\/\/www.huebscher.net\/media\/floriade2022_eroeffnung-1-768x512.jpg 768w, https:\/\/www.huebscher.net\/media\/floriade2022_eroeffnung-1-150x100.jpg 150w, https:\/\/www.huebscher.net\/media\/floriade2022_eroeffnung-1-350x234.jpg 350w\" sizes=\"(max-width: 1280px) 100vw, 1280px\" \/><figcaption class=\"wp-element-caption\"><strong>Deutschland l\u00e4dt zu einer Reise in die gr\u00fcne Stadt der Zukunft ein<\/strong><\/figcaption><\/figure>\n\n\n\n<p>Die Gartenbau-Weltausstellung Floriade Expo 2022 in Almere, Niederlande, wurde am 14. April f\u00fcr Besucher er\u00f6ffnet. Unter dem Namen \u201eBIOTOPIA \u2013 Growing Community\u201c pr\u00e4sentiert Deutschland frische Ideen und zukunftsorientierte L\u00f6sungen f\u00fcr ein nachhaltiges Miteinander von Natur und Stadt. Das Herzst\u00fcck des Deutschen Gartens bildet ein begr\u00fcntes Atrium. Es wird umgeben von einem zweigeschossigen Holz-Pavillon mit Dachgarten als Sinnbild f\u00fcr eine wachsende Stadt. Offiziell er\u00f6ffnet wurde die Floriade Expo 2022, die unter dem Motto \u201eGrowing Green Cities\u201c steht, am Vorabend von dem niederl\u00e4ndischen K\u00f6nig Wilhelm-Alexander.<\/p>\n\n\n\n<p>Der Generalkommissar des deutschen Beitrags, Herr Dr. Karl Wessels vom verantwortlichen Bundesministerium f\u00fcr Ern\u00e4hrung und Landwirtschaft (BMEL), erkl\u00e4rte anl\u00e4sslich des Banddurchschnitts zur Er\u00f6ffnung des Deutschen Gartens: \u201eAngesichts der Klimakrise setzt die Floriade Expo 2022 wichtige Impulse f\u00fcr nachhaltige, gr\u00fcne und damit lebenswerte St\u00e4dte. Wir freuen uns auf viele neugierige Besucherinnen und Besucher und w\u00fcnschen ihnen einen entspannten und zugleich inspirierenden Aufenthalt im Deutschen Garten.\u201c<\/p>\n\n\n\n<p>Im Pavillon des Deutschen Gartens stellt eine interaktive Ausstellung Best-Practice-Beispiele, Projekte und aktuelle Informationen zu den vier Unterthemen der Floriade Expo 2022 \u201eGreen\u201c, \u201eFood\u201d, \u201eHealth\u201d und \u201eEnergy\u201d vor. Viele Exponate bieten auch vor allem Kindern die M\u00f6glichkeit, Zukunftsthemen auf spielerische Weise zu entdecken. Begleitet wird der deutsche Auftritt von einem vielf\u00e4ltigen Kulturprogramm.<\/p>\n\n\n\n<p><strong>F\u00fcr ein aktives, gemeinsames Gestalten der Zukunft<\/strong><\/p>\n\n\n\n<p>Beim Eintritt in den Deutschen Garten erhalten alle Besucherinnen und Besucher ein Smart-Armband. Mit ihm aktivieren sie in der Ausstellung Exponate und sammeln als Belohnung Icons. Die gesammelten Icons k\u00f6nnen am Ende der Ausstellung in der Main Show in eine Projektion eingespielt werden, um ihre individuelle Vision einer gr\u00fcnen Stadt der Zukunft zum Leben zu erwecken.<\/p>\n\n\n\n<p>Der Ansatz des gemeinschaftlichen aktiven Gestaltens der Zukunft zieht sich wie ein roter Faden durch die Ausstellung und steht auch im ersten Themenraum Healthy Urban Living im Fokus. Hier stellt das Band der gr\u00fcnen Stadt Organisationen und Projekte aus Deutschland vor, die sich aktiv f\u00fcr Gr\u00fcnr\u00e4ume und soziale Begegnungsorte einsetzen. Besucherinnen und Besucher k\u00f6nnen auch selbst Hand oder Fu\u00df anlegen und \u00fcber einen Seilzug in der Decke installierte Pflanzenmodelle gie\u00dfen oder auf einem Fahrrad in die Pedale treten, um Energier\u00e4der zu aktivieren.<\/p>\n\n\n\n<p>In dem Themenraum Green City kann man erfahren, welche Infrastrukturma\u00dfnahmen notwendig sind, um mit Starkniederschl\u00e4gen, Trockenperioden und Luftverschmutzung umzugehen. An einem interaktiven Wasserspiel mit Pumpstation kann ein Wasserkreislauf in Gang gesetzt, Wasserr\u00e4der aktiviert und \u00dcberlaufbecken geflutet werden. Um die Energiegewinnung der Zukunft aus Sonne, Wind und Biomasse geht es in dem Themenraum Regenerative Energy. An einem Balance-Board gilt es, das Board gemeinsam mit anderen Mitspielerinnen und Mitspieler in ein Gleichgewicht zu bringen. Damit wird eine Balance zwischen den erneuerbaren Energien hergestellt, um eine umweltbewusste Versorgung der Stadt der Zukunft zu erreichen.<\/p>\n\n\n\n<p>Innovative Strategien f\u00fcr nachhaltige Lebensmittelproduktion und bewussten Lebensmittelkonsum in St\u00e4dten stehen in dem Themenraum Local Food im Blickpunkt. Dabei wird ein Bogen gespannt von nachhaltiger Landwirtschaft bis zu alternativen Anbaumethoden in der Stadt. Dies wird unter anderem anhand von zwei Periskopen dargestellt. Dabei gehen die Besucherinnen und Besucher auf eine virtuelle Reise vom klassischen Lebensmittelanbau auf dem Land bis in die Zukunft der Nahrungsmittelproduktion in den St\u00e4dten. F\u00fcr das leibliche Wohl der Besucherinnen und Besucher sorgt das deutsche Restaurant EATTOPIA mit veganen, vegetarischen und traditionellen deutschen Gerichten und Getr\u00e4nken.<\/p>\n\n\n\n<p>Die Floriade Expo ist eine thematische Variante der Gartenbau-Weltausstellungen und wird seit den 1960er Jahren alle zehn Jahre in den Niederlanden veranstaltet. Mit dem Thema \u201eGrowing Green Cities\u201c und den Unterthemen \u201eGreen\u201c, \u201eFood\u201d, \u201eHealth\u201d und \u201eEnergy\u201d verfolgt die Floriade Expo 2022 vom 14.04.2022 bis zum 09.10.2022 das Ziel, weltweit das Bewusstsein f\u00fcr Nachhaltigkeit in den St\u00e4dten zu erweitern und entsprechende L\u00f6sungsans\u00e4tze vorzustellen.<\/p>\n\n\n\n<p>Text und Bild: <a href=\"https:\/\/floriade2022germany.com\/\">BIOTOPIA<\/a><\/p>\n","protected":false},"excerpt":{"rendered":"<p>Die Gartenbau-Weltausstellung Floriade Expo 2022 in Almere, Niederlande, wurde am 14. April f\u00fcr Besucher er\u00f6ffnet. Unter dem Namen \u201eBIOTOPIA \u2013 Growing Community\u201c pr\u00e4sentiert Deutschland frische Ideen und zukunftsorientierte L\u00f6sungen f\u00fcr ein nachhaltiges Miteinander von Natur und Stadt. Das Herzst\u00fcck des Deutschen Gartens bildet ein begr\u00fcntes Atrium. Es wird umgeben von einem zweigeschossigen Holz-Pavillon mit Dachgarten&hellip;<\/p>\n","protected":false},"author":2,"featured_media":6658,"comment_status":"closed","ping_status":"closed","sticky":false,"template":"","format":"standard","meta":{"_acf_changed":false,"_monsterinsights_skip_tracking":false,"_monsterinsights_sitenote_active":false,"_monsterinsights_sitenote_note":"","_monsterinsights_sitenote_category":0,"_genesis_hide_title":false,"_genesis_hide_breadcrumbs":false,"_genesis_hide_singular_image":false,"_genesis_hide_footer_widgets":false,"_genesis_custom_body_class":"","_genesis_custom_post_class":"","_genesis_layout":"","footnotes":""},"categories":[40,39],"tags":[],"class_list":{"0":"post-6657","1":"post","2":"type-post","3":"status-publish","4":"format-standard","5":"has-post-thumbnail","7":"category-im-bau","8":"category-news","9":"entry"},"acf":[],"yoast_head":"<!-- This site is optimized with the Yoast SEO Premium plugin v25.2 (Yoast SEO v25.2) - https:\/\/yoast.com\/wordpress\/plugins\/seo\/ -->\n<title>Er\u00f6ffnung DEUTSCHER Garten - FLORIADE 2022<\/title>\n<meta name=\"description\" content=\"Die Gartenbau-Weltausstellung Floriade Expo 2022 in Almere, Niederlande, wurde am 14. April f\u00fcr Besucher er\u00f6ffnet.\" \/>\n<meta name=\"robots\" content=\"index, follow, max-snippet:-1, max-image-preview:large, max-video-preview:-1\" \/>\n<link rel=\"canonical\" href=\"https:\/\/www.huebscher.net\/ch\/deutscher-garten-auf-der-floriade-2022-eroffnet\/\" \/>\n<meta property=\"og:locale\" content=\"de_DE\" \/>\n<meta property=\"og:type\" content=\"article\" \/>\n<meta property=\"og:title\" content=\"DEUTSCHER Garten auf der FLORIADE 2022 er\u00f6ffnet\" \/>\n<meta property=\"og:description\" content=\"Die Gartenbau-Weltausstellung Floriade Expo 2022 in Almere, Niederlande, wurde am 14. April f\u00fcr Besucher er\u00f6ffnet.\" \/>\n<meta property=\"og:url\" content=\"https:\/\/www.huebscher.net\/ch\/deutscher-garten-auf-der-floriade-2022-eroffnet\/\" \/>\n<meta property=\"og:site_name\" content=\"H\u00dcBSCHER HOLZBAU\" \/>\n<meta property=\"article:publisher\" content=\"http:\/\/facebook.com\/huebscher.holzbau\" \/>\n<meta property=\"article:published_time\" content=\"2022-05-21T07:29:11+00:00\" \/>\n<meta property=\"article:modified_time\" content=\"2024-06-17T09:18:47+00:00\" \/>\n<meta property=\"og:image\" content=\"https:\/\/www.huebscher.net\/media\/floriade2022_eroeffnung-1.jpg\" \/>\n\t<meta property=\"og:image:width\" content=\"1280\" \/>\n\t<meta property=\"og:image:height\" content=\"854\" \/>\n\t<meta property=\"og:image:type\" content=\"image\/jpeg\" \/>\n<meta name=\"author\" content=\"Michael H\u00fcbscher\" \/>\n<meta name=\"twitter:card\" content=\"summary_large_image\" \/>\n<meta name=\"twitter:label1\" content=\"Geschrieben von\" \/>\n\t<meta name=\"twitter:data1\" content=\"Michael H\u00fcbscher\" \/>\n\t<meta name=\"twitter:label2\" content=\"Gesch\u00e4tzte Lesezeit\" \/>\n\t<meta name=\"twitter:data2\" content=\"4 Minuten\" \/>\n<script type=\"application\/ld+json\" class=\"yoast-schema-graph\">{\"@context\":\"https:\/\/schema.org\",\"@graph\":[{\"@type\":\"Article\",\"@id\":\"https:\/\/www.huebscher.net\/ch\/deutscher-garten-auf-der-floriade-2022-eroffnet\/#article\",\"isPartOf\":{\"@id\":\"https:\/\/www.huebscher.net\/ch\/deutscher-garten-auf-der-floriade-2022-eroffnet\/\"},\"author\":{\"name\":\"Michael H\u00fcbscher\",\"@id\":\"https:\/\/www.huebscher.net\/ch\/#\/schema\/person\/8fd9e2307c4694c2c9c33466724cf84a\"},\"headline\":\"DEUTSCHER Garten auf der FLORIADE 2022 er\u00f6ffnet\",\"datePublished\":\"2022-05-21T07:29:11+00:00\",\"dateModified\":\"2024-06-17T09:18:47+00:00\",\"mainEntityOfPage\":{\"@id\":\"https:\/\/www.huebscher.net\/ch\/deutscher-garten-auf-der-floriade-2022-eroffnet\/\"},\"wordCount\":646,\"publisher\":{\"@id\":\"https:\/\/www.huebscher.net\/ch\/#organization\"},\"image\":{\"@id\":\"https:\/\/www.huebscher.net\/ch\/deutscher-garten-auf-der-floriade-2022-eroffnet\/#primaryimage\"},\"thumbnailUrl\":\"https:\/\/www.huebscher.net\/media\/floriade2022_eroeffnung-1.jpg\",\"articleSection\":[\"Im Bau\",\"News\"],\"inLanguage\":\"de-CH\"},{\"@type\":\"WebPage\",\"@id\":\"https:\/\/www.huebscher.net\/ch\/deutscher-garten-auf-der-floriade-2022-eroffnet\/\",\"url\":\"https:\/\/www.huebscher.net\/ch\/deutscher-garten-auf-der-floriade-2022-eroffnet\/\",\"name\":\"Er\u00f6ffnung DEUTSCHER Garten - FLORIADE 2022\",\"isPartOf\":{\"@id\":\"https:\/\/www.huebscher.net\/ch\/#website\"},\"primaryImageOfPage\":{\"@id\":\"https:\/\/www.huebscher.net\/ch\/deutscher-garten-auf-der-floriade-2022-eroffnet\/#primaryimage\"},\"image\":{\"@id\":\"https:\/\/www.huebscher.net\/ch\/deutscher-garten-auf-der-floriade-2022-eroffnet\/#primaryimage\"},\"thumbnailUrl\":\"https:\/\/www.huebscher.net\/media\/floriade2022_eroeffnung-1.jpg\",\"datePublished\":\"2022-05-21T07:29:11+00:00\",\"dateModified\":\"2024-06-17T09:18:47+00:00\",\"description\":\"Die Gartenbau-Weltausstellung Floriade Expo 2022 in Almere, Niederlande, wurde am 14. April f\u00fcr Besucher er\u00f6ffnet.\",\"breadcrumb\":{\"@id\":\"https:\/\/www.huebscher.net\/ch\/deutscher-garten-auf-der-floriade-2022-eroffnet\/#breadcrumb\"},\"inLanguage\":\"de-CH\",\"potentialAction\":[{\"@type\":\"ReadAction\",\"target\":[\"https:\/\/www.huebscher.net\/ch\/deutscher-garten-auf-der-floriade-2022-eroffnet\/\"]}]},{\"@type\":\"ImageObject\",\"inLanguage\":\"de-CH\",\"@id\":\"https:\/\/www.huebscher.net\/ch\/deutscher-garten-auf-der-floriade-2022-eroffnet\/#primaryimage\",\"url\":\"https:\/\/www.huebscher.net\/media\/floriade2022_eroeffnung-1.jpg\",\"contentUrl\":\"https:\/\/www.huebscher.net\/media\/floriade2022_eroeffnung-1.jpg\",\"width\":1280,\"height\":854,\"caption\":\"DEUTSCHER Garten auf der FLORIADE 2022 er\u00f6ffnet\"},{\"@type\":\"BreadcrumbList\",\"@id\":\"https:\/\/www.huebscher.net\/ch\/deutscher-garten-auf-der-floriade-2022-eroffnet\/#breadcrumb\",\"itemListElement\":[{\"@type\":\"ListItem\",\"position\":1,\"name\":\"Home\",\"item\":\"https:\/\/www.huebscher.net\/ch\/\"},{\"@type\":\"ListItem\",\"position\":2,\"name\":\"DEUTSCHER Garten auf der FLORIADE 2022 er\u00f6ffnet\"}]},{\"@type\":\"WebSite\",\"@id\":\"https:\/\/www.huebscher.net\/ch\/#website\",\"url\":\"https:\/\/www.huebscher.net\/ch\/\",\"name\":\"H\u00fcbscher Holzbau\",\"description\":\"H\u00fcbscher Holzbau AG\",\"publisher\":{\"@id\":\"https:\/\/www.huebscher.net\/ch\/#organization\"},\"alternateName\":\"H\u00fcbscher Holzbau\",\"potentialAction\":[{\"@type\":\"SearchAction\",\"target\":{\"@type\":\"EntryPoint\",\"urlTemplate\":\"https:\/\/www.huebscher.net\/ch\/?s={search_term_string}\"},\"query-input\":{\"@type\":\"PropertyValueSpecification\",\"valueRequired\":true,\"valueName\":\"search_term_string\"}}],\"inLanguage\":\"de-CH\"},{\"@type\":\"Organization\",\"@id\":\"https:\/\/www.huebscher.net\/ch\/#organization\",\"name\":\"H\u00fcbscher Holzbau\",\"alternateName\":\"H\u00fcbscher Holzbau\",\"url\":\"https:\/\/www.huebscher.net\/ch\/\",\"logo\":{\"@type\":\"ImageObject\",\"inLanguage\":\"de-CH\",\"@id\":\"https:\/\/www.huebscher.net\/ch\/#\/schema\/logo\/image\/\",\"url\":\"https:\/\/www.huebscher.net\/media\/huebscher_logo_def.png\",\"contentUrl\":\"https:\/\/www.huebscher.net\/media\/huebscher_logo_def.png\",\"width\":220,\"height\":110,\"caption\":\"H\u00fcbscher Holzbau\"},\"image\":{\"@id\":\"https:\/\/www.huebscher.net\/ch\/#\/schema\/logo\/image\/\"},\"sameAs\":[\"http:\/\/facebook.com\/huebscher.holzbau\",\"https:\/\/pt.linkedin.com\/organization-guest\/company\/huebscher-holzbau\",\"https:\/\/www.instagram.com\/huebscherholzbau\/\"]},{\"@type\":\"Person\",\"@id\":\"https:\/\/www.huebscher.net\/ch\/#\/schema\/person\/8fd9e2307c4694c2c9c33466724cf84a\",\"name\":\"Michael H\u00fcbscher\",\"image\":{\"@type\":\"ImageObject\",\"inLanguage\":\"de-CH\",\"@id\":\"https:\/\/www.huebscher.net\/ch\/#\/schema\/person\/image\/\",\"url\":\"https:\/\/secure.gravatar.com\/avatar\/9d37c03c19a40806617c92be68dacdfd?s=96&d=mm&r=g\",\"contentUrl\":\"https:\/\/secure.gravatar.com\/avatar\/9d37c03c19a40806617c92be68dacdfd?s=96&d=mm&r=g\",\"caption\":\"Michael H\u00fcbscher\"},\"sameAs\":[\"https:\/\/huebscher.net\"]}]}<\/script>\n<!-- \/ Yoast SEO Premium plugin. -->","yoast_head_json":{"title":"Er\u00f6ffnung DEUTSCHER Garten - FLORIADE 2022","description":"Die Gartenbau-Weltausstellung Floriade Expo 2022 in Almere, Niederlande, wurde am 14. April f\u00fcr Besucher er\u00f6ffnet.","robots":{"index":"index","follow":"follow","max-snippet":"max-snippet:-1","max-image-preview":"max-image-preview:large","max-video-preview":"max-video-preview:-1"},"canonical":"https:\/\/www.huebscher.net\/ch\/deutscher-garten-auf-der-floriade-2022-eroffnet\/","og_locale":"de_DE","og_type":"article","og_title":"DEUTSCHER Garten auf der FLORIADE 2022 er\u00f6ffnet","og_description":"Die Gartenbau-Weltausstellung Floriade Expo 2022 in Almere, Niederlande, wurde am 14. April f\u00fcr Besucher er\u00f6ffnet.","og_url":"https:\/\/www.huebscher.net\/ch\/deutscher-garten-auf-der-floriade-2022-eroffnet\/","og_site_name":"H\u00dcBSCHER HOLZBAU","article_publisher":"http:\/\/facebook.com\/huebscher.holzbau","article_published_time":"2022-05-21T07:29:11+00:00","article_modified_time":"2024-06-17T09:18:47+00:00","og_image":[{"width":1280,"height":854,"url":"https:\/\/www.huebscher.net\/media\/floriade2022_eroeffnung-1.jpg","type":"image\/jpeg"}],"author":"Michael H\u00fcbscher","twitter_card":"summary_large_image","twitter_misc":{"Geschrieben von":"Michael H\u00fcbscher","Gesch\u00e4tzte Lesezeit":"4 Minuten"},"schema":{"@context":"https:\/\/schema.org","@graph":[{"@type":"Article","@id":"https:\/\/www.huebscher.net\/ch\/deutscher-garten-auf-der-floriade-2022-eroffnet\/#article","isPartOf":{"@id":"https:\/\/www.huebscher.net\/ch\/deutscher-garten-auf-der-floriade-2022-eroffnet\/"},"author":{"name":"Michael H\u00fcbscher","@id":"https:\/\/www.huebscher.net\/ch\/#\/schema\/person\/8fd9e2307c4694c2c9c33466724cf84a"},"headline":"DEUTSCHER Garten auf der FLORIADE 2022 er\u00f6ffnet","datePublished":"2022-05-21T07:29:11+00:00","dateModified":"2024-06-17T09:18:47+00:00","mainEntityOfPage":{"@id":"https:\/\/www.huebscher.net\/ch\/deutscher-garten-auf-der-floriade-2022-eroffnet\/"},"wordCount":646,"publisher":{"@id":"https:\/\/www.huebscher.net\/ch\/#organization"},"image":{"@id":"https:\/\/www.huebscher.net\/ch\/deutscher-garten-auf-der-floriade-2022-eroffnet\/#primaryimage"},"thumbnailUrl":"https:\/\/www.huebscher.net\/media\/floriade2022_eroeffnung-1.jpg","articleSection":["Im Bau","News"],"inLanguage":"de-CH"},{"@type":"WebPage","@id":"https:\/\/www.huebscher.net\/ch\/deutscher-garten-auf-der-floriade-2022-eroffnet\/","url":"https:\/\/www.huebscher.net\/ch\/deutscher-garten-auf-der-floriade-2022-eroffnet\/","name":"Er\u00f6ffnung DEUTSCHER Garten - FLORIADE 2022","isPartOf":{"@id":"https:\/\/www.huebscher.net\/ch\/#website"},"primaryImageOfPage":{"@id":"https:\/\/www.huebscher.net\/ch\/deutscher-garten-auf-der-floriade-2022-eroffnet\/#primaryimage"},"image":{"@id":"https:\/\/www.huebscher.net\/ch\/deutscher-garten-auf-der-floriade-2022-eroffnet\/#primaryimage"},"thumbnailUrl":"https:\/\/www.huebscher.net\/media\/floriade2022_eroeffnung-1.jpg","datePublished":"2022-05-21T07:29:11+00:00","dateModified":"2024-06-17T09:18:47+00:00","description":"Die Gartenbau-Weltausstellung Floriade Expo 2022 in Almere, Niederlande, wurde am 14. April f\u00fcr Besucher er\u00f6ffnet.","breadcrumb":{"@id":"https:\/\/www.huebscher.net\/ch\/deutscher-garten-auf-der-floriade-2022-eroffnet\/#breadcrumb"},"inLanguage":"de-CH","potentialAction":[{"@type":"ReadAction","target":["https:\/\/www.huebscher.net\/ch\/deutscher-garten-auf-der-floriade-2022-eroffnet\/"]}]},{"@type":"ImageObject","inLanguage":"de-CH","@id":"https:\/\/www.huebscher.net\/ch\/deutscher-garten-auf-der-floriade-2022-eroffnet\/#primaryimage","url":"https:\/\/www.huebscher.net\/media\/floriade2022_eroeffnung-1.jpg","contentUrl":"https:\/\/www.huebscher.net\/media\/floriade2022_eroeffnung-1.jpg","width":1280,"height":854,"caption":"DEUTSCHER Garten auf der FLORIADE 2022 er\u00f6ffnet"},{"@type":"BreadcrumbList","@id":"https:\/\/www.huebscher.net\/ch\/deutscher-garten-auf-der-floriade-2022-eroffnet\/#breadcrumb","itemListElement":[{"@type":"ListItem","position":1,"name":"Home","item":"https:\/\/www.huebscher.net\/ch\/"},{"@type":"ListItem","position":2,"name":"DEUTSCHER Garten auf der FLORIADE 2022 er\u00f6ffnet"}]},{"@type":"WebSite","@id":"https:\/\/www.huebscher.net\/ch\/#website","url":"https:\/\/www.huebscher.net\/ch\/","name":"H\u00fcbscher Holzbau","description":"H\u00fcbscher Holzbau AG","publisher":{"@id":"https:\/\/www.huebscher.net\/ch\/#organization"},"alternateName":"H\u00fcbscher Holzbau","potentialAction":[{"@type":"SearchAction","target":{"@type":"EntryPoint","urlTemplate":"https:\/\/www.huebscher.net\/ch\/?s={search_term_string}"},"query-input":{"@type":"PropertyValueSpecification","valueRequired":true,"valueName":"search_term_string"}}],"inLanguage":"de-CH"},{"@type":"Organization","@id":"https:\/\/www.huebscher.net\/ch\/#organization","name":"H\u00fcbscher Holzbau","alternateName":"H\u00fcbscher Holzbau","url":"https:\/\/www.huebscher.net\/ch\/","logo":{"@type":"ImageObject","inLanguage":"de-CH","@id":"https:\/\/www.huebscher.net\/ch\/#\/schema\/logo\/image\/","url":"https:\/\/www.huebscher.net\/media\/huebscher_logo_def.png","contentUrl":"https:\/\/www.huebscher.net\/media\/huebscher_logo_def.png","width":220,"height":110,"caption":"H\u00fcbscher Holzbau"},"image":{"@id":"https:\/\/www.huebscher.net\/ch\/#\/schema\/logo\/image\/"},"sameAs":["http:\/\/facebook.com\/huebscher.holzbau","https:\/\/pt.linkedin.com\/organization-guest\/company\/huebscher-holzbau","https:\/\/www.instagram.com\/huebscherholzbau\/"]},{"@type":"Person","@id":"https:\/\/www.huebscher.net\/ch\/#\/schema\/person\/8fd9e2307c4694c2c9c33466724cf84a","name":"Michael H\u00fcbscher","image":{"@type":"ImageObject","inLanguage":"de-CH","@id":"https:\/\/www.huebscher.net\/ch\/#\/schema\/person\/image\/","url":"https:\/\/secure.gravatar.com\/avatar\/9d37c03c19a40806617c92be68dacdfd?s=96&d=mm&r=g","contentUrl":"https:\/\/secure.gravatar.com\/avatar\/9d37c03c19a40806617c92be68dacdfd?s=96&d=mm&r=g","caption":"Michael H\u00fcbscher"},"sameAs":["https:\/\/huebscher.net"]}]}},"_links":{"self":[{"href":"https:\/\/www.huebscher.net\/ch\/wp-json\/wp\/v2\/posts\/6657"}],"collection":[{"href":"https:\/\/www.huebscher.net\/ch\/wp-json\/wp\/v2\/posts"}],"about":[{"href":"https:\/\/www.huebscher.net\/ch\/wp-json\/wp\/v2\/types\/post"}],"author":[{"embeddable":true,"href":"https:\/\/www.huebscher.net\/ch\/wp-json\/wp\/v2\/users\/2"}],"replies":[{"embeddable":true,"href":"https:\/\/www.huebscher.net\/ch\/wp-json\/wp\/v2\/comments?post=6657"}],"version-history":[{"count":4,"href":"https:\/\/www.huebscher.net\/ch\/wp-json\/wp\/v2\/posts\/6657\/revisions"}],"predecessor-version":[{"id":9075,"href":"https:\/\/www.huebscher.net\/ch\/wp-json\/wp\/v2\/posts\/6657\/revisions\/9075"}],"wp:featuredmedia":[{"embeddable":true,"href":"https:\/\/www.huebscher.net\/ch\/wp-json\/wp\/v2\/media\/6658"}],"wp:attachment":[{"href":"https:\/\/www.huebscher.net\/ch\/wp-json\/wp\/v2\/media?parent=6657"}],"wp:term":[{"taxonomy":"category","embeddable":true,"href":"https:\/\/www.huebscher.net\/ch\/wp-json\/wp\/v2\/categories?post=6657"},{"taxonomy":"post_tag","embeddable":true,"href":"https:\/\/www.huebscher.net\/ch\/wp-json\/wp\/v2\/tags?post=6657"}],"curies":[{"name":"wp","href":"https:\/\/api.w.org\/{rel}","templated":true}]}}