{"id":5542,"date":"2020-10-29T10:54:00","date_gmt":"2020-10-29T09:54:00","guid":{"rendered":"https:\/\/huebscher-holzbau.ch\/?p=5542"},"modified":"2024-06-26T15:03:25","modified_gmt":"2024-06-26T13:03:25","slug":"silber-fur-nico-steinmeier-an-den-swissskills","status":"publish","type":"post","link":"https:\/\/www.huebscher.net\/ch\/silber-fur-nico-steinmeier-an-den-swissskills\/","title":{"rendered":"c"},"content":{"rendered":"\n<figure class=\"wp-block-image size-large\"><img fetchpriority=\"high\" decoding=\"async\" width=\"1440\" height=\"1080\" src=\"https:\/\/huebscher.net\/media\/Skills-4-1440x1080.jpg\" alt=\"SwissSkills Dachdecker\" class=\"wp-image-5543\" srcset=\"https:\/\/www.huebscher.net\/media\/Skills-4-1440x1080.jpg 1440w, https:\/\/www.huebscher.net\/media\/Skills-4-960x720.jpg 960w, https:\/\/www.huebscher.net\/media\/Skills-4-768x576.jpg 768w, https:\/\/www.huebscher.net\/media\/Skills-4-1536x1152.jpg 1536w, https:\/\/www.huebscher.net\/media\/Skills-4-2048x1536.jpg 2048w, https:\/\/www.huebscher.net\/media\/Skills-4-350x263.jpg 350w\" sizes=\"(max-width: 1440px) 100vw, 1440px\" \/><figcaption>Nico Steinmeier &#8211; Silbermedaillengewinner SwissSkills<\/figcaption><\/figure>\n\n\n\n<p>Der Rheinauer Nico Steinmeier brilliert bei den Berufsmeisterschaften der Dachdecker in Seon (VS) und holt sich die Silbermedaille. Die Meisterschaft wurde Corona-Bedingt nicht wie \u00fcblich als Grossveranstaltung aller Berufe in Bern durchgef\u00fchrt, sondern dezentral durch die Verb\u00e4nde. Nico Steinmeier, der aktuell seine Zweitlehre zum Zimmermann bei H\u00dcBSCHER HOLZBAU AG in Beringen absolviert, konnte dabei im Ausscheidungsverfahren den Final erreichen. Dabei galt es innerhalb eines engen Zeitrahmens ein Dach zu decken und ein Dachfenster einzubauen.<\/p>\n\n\n\n<p>Dies ist eine T\u00e4tigkeit die Nico Steinmeier auch bei seiner t\u00e4glichen Arbeit macht. Ein gesondertes Training dazu war aber dennoch notwendig. Dabei unterst\u00fctzten Ihn sein Vater \u2013 welcher ebenfalls Dachdecker ist \u2013 und Richard Granacher, Lehrlingsbetreuer von H\u00dcBSCHER tatkr\u00e4ftig. Beide sind stolz auf Ihren Sch\u00fctzling und freuen sich, Ihne auf seinem weiteren beruflichen Weg begleiten zu d\u00fcrfen. Als n\u00e4chstes steht f\u00fcr Nico Steinmann die Berufspr\u00fcfung als Zimmermann vom n\u00e4chsten Fr\u00fchjahr im Fokus.<\/p>\n\n\n\n<p>SwissSkills f\u00f6rdert die Durchf\u00fchrung und Weiterentwicklung von Berufsmeisterschaften in der Schweiz und erm\u00f6glicht jungen Berufsleuten die Teilnahme an internationalen Berufsmeisterschaften.<\/p>\n","protected":false},"excerpt":{"rendered":"<p>Der Rheinauer Nico Steinmeier brilliert bei den Berufsmeisterschaften der Dachdecker in Seon (VS) und holt sich die Silbermedaille. Die Meisterschaft wurde Corona-Bedingt nicht wie \u00fcblich als Grossveranstaltung aller Berufe in Bern durchgef\u00fchrt, sondern dezentral durch die Verb\u00e4nde. Nico Steinmeier, der aktuell seine Zweitlehre zum Zimmermann bei H\u00dcBSCHER HOLZBAU AG in Beringen absolviert, konnte dabei im&hellip;<\/p>\n","protected":false},"author":2,"featured_media":5543,"comment_status":"open","ping_status":"open","sticky":false,"template":"","format":"standard","meta":{"_acf_changed":false,"_monsterinsights_skip_tracking":false,"_monsterinsights_sitenote_active":false,"_monsterinsights_sitenote_note":"","_monsterinsights_sitenote_category":0,"_genesis_hide_title":false,"_genesis_hide_breadcrumbs":false,"_genesis_hide_singular_image":false,"_genesis_hide_footer_widgets":false,"_genesis_custom_body_class":"","_genesis_custom_post_class":"","_genesis_layout":"","footnotes":""},"categories":[82,84,83,39],"tags":[],"class_list":{"0":"post-5542","1":"post","2":"type-post","3":"status-publish","4":"format-standard","5":"has-post-thumbnail","7":"category-auszeichnungen","8":"category-unternehmen","9":"category-lehrlinge","10":"category-news","11":"entry"},"acf":[],"yoast_head":"<!-- This site is optimized with the Yoast SEO Premium plugin v25.2 (Yoast SEO v25.2) - https:\/\/yoast.com\/wordpress\/plugins\/seo\/ -->\n<title>Silber f\u00fcr Nico Steinmeier an den SwissSkills<\/title>\n<meta name=\"description\" content=\"Der Rheinauer Nico Steinmeier brilliert bei den Berufsmeisterschaften der Dachdecker in Seon (VS) und holt sich die Silbermedaille.\" \/>\n<meta name=\"robots\" content=\"index, follow, max-snippet:-1, max-image-preview:large, max-video-preview:-1\" \/>\n<link rel=\"canonical\" href=\"https:\/\/www.huebscher.net\/ch\/silber-fur-nico-steinmeier-an-den-swissskills\/\" \/>\n<meta property=\"og:locale\" content=\"de_DE\" \/>\n<meta property=\"og:type\" content=\"article\" \/>\n<meta property=\"og:title\" content=\"c\" \/>\n<meta property=\"og:description\" content=\"Der Rheinauer Nico Steinmeier brilliert bei den Berufsmeisterschaften der Dachdecker in Seon (VS) und holt sich die Silbermedaille.\" \/>\n<meta property=\"og:url\" content=\"https:\/\/www.huebscher.net\/ch\/silber-fur-nico-steinmeier-an-den-swissskills\/\" \/>\n<meta property=\"og:site_name\" content=\"H\u00dcBSCHER HOLZBAU\" \/>\n<meta property=\"article:publisher\" content=\"http:\/\/facebook.com\/huebscher.holzbau\" \/>\n<meta property=\"article:published_time\" content=\"2020-10-29T09:54:00+00:00\" \/>\n<meta property=\"article:modified_time\" content=\"2024-06-26T13:03:25+00:00\" \/>\n<meta property=\"og:image\" content=\"https:\/\/www.huebscher.net\/media\/Skills-4-scaled.jpg\" \/>\n\t<meta property=\"og:image:width\" content=\"2560\" \/>\n\t<meta property=\"og:image:height\" content=\"1920\" \/>\n\t<meta property=\"og:image:type\" content=\"image\/jpeg\" \/>\n<meta name=\"author\" content=\"Michael H\u00fcbscher\" \/>\n<meta name=\"twitter:card\" content=\"summary_large_image\" \/>\n<meta name=\"twitter:label1\" content=\"Geschrieben von\" \/>\n\t<meta name=\"twitter:data1\" content=\"Michael H\u00fcbscher\" \/>\n\t<meta name=\"twitter:label2\" content=\"Gesch\u00e4tzte Lesezeit\" \/>\n\t<meta name=\"twitter:data2\" content=\"2 Minuten\" \/>\n<script type=\"application\/ld+json\" class=\"yoast-schema-graph\">{\"@context\":\"https:\/\/schema.org\",\"@graph\":[{\"@type\":\"Article\",\"@id\":\"https:\/\/www.huebscher.net\/ch\/silber-fur-nico-steinmeier-an-den-swissskills\/#article\",\"isPartOf\":{\"@id\":\"https:\/\/www.huebscher.net\/ch\/silber-fur-nico-steinmeier-an-den-swissskills\/\"},\"author\":{\"name\":\"Michael H\u00fcbscher\",\"@id\":\"https:\/\/www.huebscher.net\/ch\/#\/schema\/person\/8fd9e2307c4694c2c9c33466724cf84a\"},\"headline\":\"c\",\"datePublished\":\"2020-10-29T09:54:00+00:00\",\"dateModified\":\"2024-06-26T13:03:25+00:00\",\"mainEntityOfPage\":{\"@id\":\"https:\/\/www.huebscher.net\/ch\/silber-fur-nico-steinmeier-an-den-swissskills\/\"},\"wordCount\":188,\"commentCount\":0,\"publisher\":{\"@id\":\"https:\/\/www.huebscher.net\/ch\/#organization\"},\"image\":{\"@id\":\"https:\/\/www.huebscher.net\/ch\/silber-fur-nico-steinmeier-an-den-swissskills\/#primaryimage\"},\"thumbnailUrl\":\"https:\/\/www.huebscher.net\/media\/Skills-4-scaled.jpg\",\"articleSection\":[\"Auszeichnungen\",\"Intern\",\"Lehrlinge\",\"News\"],\"inLanguage\":\"de-CH\",\"potentialAction\":[{\"@type\":\"CommentAction\",\"name\":\"Comment\",\"target\":[\"https:\/\/www.huebscher.net\/ch\/silber-fur-nico-steinmeier-an-den-swissskills\/#respond\"]}]},{\"@type\":\"WebPage\",\"@id\":\"https:\/\/www.huebscher.net\/ch\/silber-fur-nico-steinmeier-an-den-swissskills\/\",\"url\":\"https:\/\/www.huebscher.net\/ch\/silber-fur-nico-steinmeier-an-den-swissskills\/\",\"name\":\"Silber f\u00fcr Nico Steinmeier an den SwissSkills\",\"isPartOf\":{\"@id\":\"https:\/\/www.huebscher.net\/ch\/#website\"},\"primaryImageOfPage\":{\"@id\":\"https:\/\/www.huebscher.net\/ch\/silber-fur-nico-steinmeier-an-den-swissskills\/#primaryimage\"},\"image\":{\"@id\":\"https:\/\/www.huebscher.net\/ch\/silber-fur-nico-steinmeier-an-den-swissskills\/#primaryimage\"},\"thumbnailUrl\":\"https:\/\/www.huebscher.net\/media\/Skills-4-scaled.jpg\",\"datePublished\":\"2020-10-29T09:54:00+00:00\",\"dateModified\":\"2024-06-26T13:03:25+00:00\",\"description\":\"Der Rheinauer Nico Steinmeier brilliert bei den Berufsmeisterschaften der Dachdecker in Seon (VS) und holt sich die Silbermedaille.\",\"breadcrumb\":{\"@id\":\"https:\/\/www.huebscher.net\/ch\/silber-fur-nico-steinmeier-an-den-swissskills\/#breadcrumb\"},\"inLanguage\":\"de-CH\",\"potentialAction\":[{\"@type\":\"ReadAction\",\"target\":[\"https:\/\/www.huebscher.net\/ch\/silber-fur-nico-steinmeier-an-den-swissskills\/\"]}]},{\"@type\":\"ImageObject\",\"inLanguage\":\"de-CH\",\"@id\":\"https:\/\/www.huebscher.net\/ch\/silber-fur-nico-steinmeier-an-den-swissskills\/#primaryimage\",\"url\":\"https:\/\/www.huebscher.net\/media\/Skills-4-scaled.jpg\",\"contentUrl\":\"https:\/\/www.huebscher.net\/media\/Skills-4-scaled.jpg\",\"width\":2560,\"height\":1920,\"caption\":\"SwissSkills Dachdecker\"},{\"@type\":\"BreadcrumbList\",\"@id\":\"https:\/\/www.huebscher.net\/ch\/silber-fur-nico-steinmeier-an-den-swissskills\/#breadcrumb\",\"itemListElement\":[{\"@type\":\"ListItem\",\"position\":1,\"name\":\"Home\",\"item\":\"https:\/\/www.huebscher.net\/ch\/\"},{\"@type\":\"ListItem\",\"position\":2,\"name\":\"c\"}]},{\"@type\":\"WebSite\",\"@id\":\"https:\/\/www.huebscher.net\/ch\/#website\",\"url\":\"https:\/\/www.huebscher.net\/ch\/\",\"name\":\"H\u00fcbscher Holzbau\",\"description\":\"H\u00fcbscher Holzbau AG\",\"publisher\":{\"@id\":\"https:\/\/www.huebscher.net\/ch\/#organization\"},\"alternateName\":\"H\u00fcbscher Holzbau\",\"potentialAction\":[{\"@type\":\"SearchAction\",\"target\":{\"@type\":\"EntryPoint\",\"urlTemplate\":\"https:\/\/www.huebscher.net\/ch\/?s={search_term_string}\"},\"query-input\":{\"@type\":\"PropertyValueSpecification\",\"valueRequired\":true,\"valueName\":\"search_term_string\"}}],\"inLanguage\":\"de-CH\"},{\"@type\":\"Organization\",\"@id\":\"https:\/\/www.huebscher.net\/ch\/#organization\",\"name\":\"H\u00fcbscher Holzbau\",\"alternateName\":\"H\u00fcbscher Holzbau\",\"url\":\"https:\/\/www.huebscher.net\/ch\/\",\"logo\":{\"@type\":\"ImageObject\",\"inLanguage\":\"de-CH\",\"@id\":\"https:\/\/www.huebscher.net\/ch\/#\/schema\/logo\/image\/\",\"url\":\"https:\/\/www.huebscher.net\/media\/huebscher_logo_def.png\",\"contentUrl\":\"https:\/\/www.huebscher.net\/media\/huebscher_logo_def.png\",\"width\":220,\"height\":110,\"caption\":\"H\u00fcbscher Holzbau\"},\"image\":{\"@id\":\"https:\/\/www.huebscher.net\/ch\/#\/schema\/logo\/image\/\"},\"sameAs\":[\"http:\/\/facebook.com\/huebscher.holzbau\",\"https:\/\/pt.linkedin.com\/organization-guest\/company\/huebscher-holzbau\",\"https:\/\/www.instagram.com\/huebscherholzbau\/\"]},{\"@type\":\"Person\",\"@id\":\"https:\/\/www.huebscher.net\/ch\/#\/schema\/person\/8fd9e2307c4694c2c9c33466724cf84a\",\"name\":\"Michael H\u00fcbscher\",\"image\":{\"@type\":\"ImageObject\",\"inLanguage\":\"de-CH\",\"@id\":\"https:\/\/www.huebscher.net\/ch\/#\/schema\/person\/image\/\",\"url\":\"https:\/\/secure.gravatar.com\/avatar\/9d37c03c19a40806617c92be68dacdfd?s=96&d=mm&r=g\",\"contentUrl\":\"https:\/\/secure.gravatar.com\/avatar\/9d37c03c19a40806617c92be68dacdfd?s=96&d=mm&r=g\",\"caption\":\"Michael H\u00fcbscher\"},\"sameAs\":[\"https:\/\/huebscher.net\"]}]}<\/script>\n<!-- \/ Yoast SEO Premium plugin. -->","yoast_head_json":{"title":"Silber f\u00fcr Nico Steinmeier an den SwissSkills","description":"Der Rheinauer Nico Steinmeier brilliert bei den Berufsmeisterschaften der Dachdecker in Seon (VS) und holt sich die Silbermedaille.","robots":{"index":"index","follow":"follow","max-snippet":"max-snippet:-1","max-image-preview":"max-image-preview:large","max-video-preview":"max-video-preview:-1"},"canonical":"https:\/\/www.huebscher.net\/ch\/silber-fur-nico-steinmeier-an-den-swissskills\/","og_locale":"de_DE","og_type":"article","og_title":"c","og_description":"Der Rheinauer Nico Steinmeier brilliert bei den Berufsmeisterschaften der Dachdecker in Seon (VS) und holt sich die Silbermedaille.","og_url":"https:\/\/www.huebscher.net\/ch\/silber-fur-nico-steinmeier-an-den-swissskills\/","og_site_name":"H\u00dcBSCHER HOLZBAU","article_publisher":"http:\/\/facebook.com\/huebscher.holzbau","article_published_time":"2020-10-29T09:54:00+00:00","article_modified_time":"2024-06-26T13:03:25+00:00","og_image":[{"width":2560,"height":1920,"url":"https:\/\/www.huebscher.net\/media\/Skills-4-scaled.jpg","type":"image\/jpeg"}],"author":"Michael H\u00fcbscher","twitter_card":"summary_large_image","twitter_misc":{"Geschrieben von":"Michael H\u00fcbscher","Gesch\u00e4tzte Lesezeit":"2 Minuten"},"schema":{"@context":"https:\/\/schema.org","@graph":[{"@type":"Article","@id":"https:\/\/www.huebscher.net\/ch\/silber-fur-nico-steinmeier-an-den-swissskills\/#article","isPartOf":{"@id":"https:\/\/www.huebscher.net\/ch\/silber-fur-nico-steinmeier-an-den-swissskills\/"},"author":{"name":"Michael H\u00fcbscher","@id":"https:\/\/www.huebscher.net\/ch\/#\/schema\/person\/8fd9e2307c4694c2c9c33466724cf84a"},"headline":"c","datePublished":"2020-10-29T09:54:00+00:00","dateModified":"2024-06-26T13:03:25+00:00","mainEntityOfPage":{"@id":"https:\/\/www.huebscher.net\/ch\/silber-fur-nico-steinmeier-an-den-swissskills\/"},"wordCount":188,"commentCount":0,"publisher":{"@id":"https:\/\/www.huebscher.net\/ch\/#organization"},"image":{"@id":"https:\/\/www.huebscher.net\/ch\/silber-fur-nico-steinmeier-an-den-swissskills\/#primaryimage"},"thumbnailUrl":"https:\/\/www.huebscher.net\/media\/Skills-4-scaled.jpg","articleSection":["Auszeichnungen","Intern","Lehrlinge","News"],"inLanguage":"de-CH","potentialAction":[{"@type":"CommentAction","name":"Comment","target":["https:\/\/www.huebscher.net\/ch\/silber-fur-nico-steinmeier-an-den-swissskills\/#respond"]}]},{"@type":"WebPage","@id":"https:\/\/www.huebscher.net\/ch\/silber-fur-nico-steinmeier-an-den-swissskills\/","url":"https:\/\/www.huebscher.net\/ch\/silber-fur-nico-steinmeier-an-den-swissskills\/","name":"Silber f\u00fcr Nico Steinmeier an den SwissSkills","isPartOf":{"@id":"https:\/\/www.huebscher.net\/ch\/#website"},"primaryImageOfPage":{"@id":"https:\/\/www.huebscher.net\/ch\/silber-fur-nico-steinmeier-an-den-swissskills\/#primaryimage"},"image":{"@id":"https:\/\/www.huebscher.net\/ch\/silber-fur-nico-steinmeier-an-den-swissskills\/#primaryimage"},"thumbnailUrl":"https:\/\/www.huebscher.net\/media\/Skills-4-scaled.jpg","datePublished":"2020-10-29T09:54:00+00:00","dateModified":"2024-06-26T13:03:25+00:00","description":"Der Rheinauer Nico Steinmeier brilliert bei den Berufsmeisterschaften der Dachdecker in Seon (VS) und holt sich die Silbermedaille.","breadcrumb":{"@id":"https:\/\/www.huebscher.net\/ch\/silber-fur-nico-steinmeier-an-den-swissskills\/#breadcrumb"},"inLanguage":"de-CH","potentialAction":[{"@type":"ReadAction","target":["https:\/\/www.huebscher.net\/ch\/silber-fur-nico-steinmeier-an-den-swissskills\/"]}]},{"@type":"ImageObject","inLanguage":"de-CH","@id":"https:\/\/www.huebscher.net\/ch\/silber-fur-nico-steinmeier-an-den-swissskills\/#primaryimage","url":"https:\/\/www.huebscher.net\/media\/Skills-4-scaled.jpg","contentUrl":"https:\/\/www.huebscher.net\/media\/Skills-4-scaled.jpg","width":2560,"height":1920,"caption":"SwissSkills Dachdecker"},{"@type":"BreadcrumbList","@id":"https:\/\/www.huebscher.net\/ch\/silber-fur-nico-steinmeier-an-den-swissskills\/#breadcrumb","itemListElement":[{"@type":"ListItem","position":1,"name":"Home","item":"https:\/\/www.huebscher.net\/ch\/"},{"@type":"ListItem","position":2,"name":"c"}]},{"@type":"WebSite","@id":"https:\/\/www.huebscher.net\/ch\/#website","url":"https:\/\/www.huebscher.net\/ch\/","name":"H\u00fcbscher Holzbau","description":"H\u00fcbscher Holzbau AG","publisher":{"@id":"https:\/\/www.huebscher.net\/ch\/#organization"},"alternateName":"H\u00fcbscher Holzbau","potentialAction":[{"@type":"SearchAction","target":{"@type":"EntryPoint","urlTemplate":"https:\/\/www.huebscher.net\/ch\/?s={search_term_string}"},"query-input":{"@type":"PropertyValueSpecification","valueRequired":true,"valueName":"search_term_string"}}],"inLanguage":"de-CH"},{"@type":"Organization","@id":"https:\/\/www.huebscher.net\/ch\/#organization","name":"H\u00fcbscher Holzbau","alternateName":"H\u00fcbscher Holzbau","url":"https:\/\/www.huebscher.net\/ch\/","logo":{"@type":"ImageObject","inLanguage":"de-CH","@id":"https:\/\/www.huebscher.net\/ch\/#\/schema\/logo\/image\/","url":"https:\/\/www.huebscher.net\/media\/huebscher_logo_def.png","contentUrl":"https:\/\/www.huebscher.net\/media\/huebscher_logo_def.png","width":220,"height":110,"caption":"H\u00fcbscher Holzbau"},"image":{"@id":"https:\/\/www.huebscher.net\/ch\/#\/schema\/logo\/image\/"},"sameAs":["http:\/\/facebook.com\/huebscher.holzbau","https:\/\/pt.linkedin.com\/organization-guest\/company\/huebscher-holzbau","https:\/\/www.instagram.com\/huebscherholzbau\/"]},{"@type":"Person","@id":"https:\/\/www.huebscher.net\/ch\/#\/schema\/person\/8fd9e2307c4694c2c9c33466724cf84a","name":"Michael H\u00fcbscher","image":{"@type":"ImageObject","inLanguage":"de-CH","@id":"https:\/\/www.huebscher.net\/ch\/#\/schema\/person\/image\/","url":"https:\/\/secure.gravatar.com\/avatar\/9d37c03c19a40806617c92be68dacdfd?s=96&d=mm&r=g","contentUrl":"https:\/\/secure.gravatar.com\/avatar\/9d37c03c19a40806617c92be68dacdfd?s=96&d=mm&r=g","caption":"Michael H\u00fcbscher"},"sameAs":["https:\/\/huebscher.net"]}]}},"_links":{"self":[{"href":"https:\/\/www.huebscher.net\/ch\/wp-json\/wp\/v2\/posts\/5542"}],"collection":[{"href":"https:\/\/www.huebscher.net\/ch\/wp-json\/wp\/v2\/posts"}],"about":[{"href":"https:\/\/www.huebscher.net\/ch\/wp-json\/wp\/v2\/types\/post"}],"author":[{"embeddable":true,"href":"https:\/\/www.huebscher.net\/ch\/wp-json\/wp\/v2\/users\/2"}],"replies":[{"embeddable":true,"href":"https:\/\/www.huebscher.net\/ch\/wp-json\/wp\/v2\/comments?post=5542"}],"version-history":[{"count":2,"href":"https:\/\/www.huebscher.net\/ch\/wp-json\/wp\/v2\/posts\/5542\/revisions"}],"predecessor-version":[{"id":9038,"href":"https:\/\/www.huebscher.net\/ch\/wp-json\/wp\/v2\/posts\/5542\/revisions\/9038"}],"wp:featuredmedia":[{"embeddable":true,"href":"https:\/\/www.huebscher.net\/ch\/wp-json\/wp\/v2\/media\/5543"}],"wp:attachment":[{"href":"https:\/\/www.huebscher.net\/ch\/wp-json\/wp\/v2\/media?parent=5542"}],"wp:term":[{"taxonomy":"category","embeddable":true,"href":"https:\/\/www.huebscher.net\/ch\/wp-json\/wp\/v2\/categories?post=5542"},{"taxonomy":"post_tag","embeddable":true,"href":"https:\/\/www.huebscher.net\/ch\/wp-json\/wp\/v2\/tags?post=5542"}],"curies":[{"name":"wp","href":"https:\/\/api.w.org\/{rel}","templated":true}]}}