{"id":2786,"date":"2017-07-17T08:23:42","date_gmt":"2017-07-17T06:23:42","guid":{"rendered":"https:\/\/huebscher-holzbau.ch\/?p=2786"},"modified":"2024-06-17T11:56:04","modified_gmt":"2024-06-17T09:56:04","slug":"hubscher-holzbau-ist-fur-den-ibk-nachhaltigkeitspreis-nominiert","status":"publish","type":"post","link":"https:\/\/www.huebscher.net\/ch\/hubscher-holzbau-ist-fur-den-ibk-nachhaltigkeitspreis-nominiert\/","title":{"rendered":"H\u00dcBSCHER HOLZBAU ist f\u00fcr den IBK-Nachhaltigkeitspreis nominiert"},"content":{"rendered":"<p><img fetchpriority=\"high\" decoding=\"async\" class=\"alignnone wp-image-2787 size-medium\" src=\"https:\/\/huebscher.net\/media\/ibk-1087x720.jpg\" alt=\"H\u00dcBSCHER HOLZBAU ist f\u00fcr den IBK-Nachhaltigkeitspreis nominiert\" width=\"1087\" height=\"720\" srcset=\"https:\/\/www.huebscher.net\/media\/ibk-1087x720.jpg 1087w, https:\/\/www.huebscher.net\/media\/ibk-768x509.jpg 768w, https:\/\/www.huebscher.net\/media\/ibk-150x100.jpg 150w, https:\/\/www.huebscher.net\/media\/ibk-350x232.jpg 350w, https:\/\/www.huebscher.net\/media\/ibk.jpg 1500w\" sizes=\"(max-width: 1087px) 100vw, 1087px\" \/><\/p>\n<p>Der Kanton Schaffhausen nominiert die H\u00dcBSCHER HOLZBAU AG aus Beringen f\u00fcr den Nachhaltigkeitspreis der Internationalen Bodensee-Konferenz IBK.<\/p>\n<p>Das Unternehmen produziert dank innovativen Projekten Erneuerbare Energie und tr\u00e4gt gleichzeitig zur Reduktion des Energieverbrauchs bei.<\/p>\n<p>Die Internationale Bodenseekonferenz (IBK) verleiht Ende 2017 bereits zum dritten Mal den IBK-Nachhaltigkeitspreis. Der diesj\u00e4hrige Schwerpunkt zum Thema &#171;Erneuerbare Energien und Energieeffizienz&#187; soll die Bodenseeregion als Lebens-, Natur- und Wirtschaftsraum f\u00f6rdern und als Modellregion f\u00fcr nachhaltige Entwicklung st\u00e4rken. Gesucht wurden Projekttr\u00e4ger, die \u00f6kologische, \u00f6konomische und soziale Nachhaltigkeit verbinden und innovative, ganzheitliche L\u00f6sungen f\u00fcr die Herausforderungen der Zukunft im Bodenseeraum anbieten.<\/p>\n<p>Wir freuen uns \u00fcber die Nomination zum IBK-Nachhaltigkeitspreis. Sie ist f\u00fcr uns eine Best\u00e4tigung unseres Weges zu 100% auf Erneuerbare Energien in der Produktion zu setzten.<\/p>\n","protected":false},"excerpt":{"rendered":"<p>Der Kanton Schaffhausen nominiert die H\u00dcBSCHER HOLZBAU AG aus Beringen f\u00fcr den Nachhaltigkeitspreis der Internationalen Bodensee-Konferenz IBK. Das Unternehmen produziert dank innovativen Projekten Erneuerbare Energie und tr\u00e4gt gleichzeitig zur Reduktion des Energieverbrauchs bei. Die Internationale Bodenseekonferenz (IBK) verleiht Ende 2017 bereits zum dritten Mal den IBK-Nachhaltigkeitspreis. Der diesj\u00e4hrige Schwerpunkt zum Thema &#171;Erneuerbare Energien und Energieeffizienz&#187;&hellip;<\/p>\n","protected":false},"author":2,"featured_media":0,"comment_status":"open","ping_status":"open","sticky":false,"template":"","format":"standard","meta":{"_acf_changed":false,"_monsterinsights_skip_tracking":false,"_monsterinsights_sitenote_active":false,"_monsterinsights_sitenote_note":"","_monsterinsights_sitenote_category":0,"_genesis_hide_title":false,"_genesis_hide_breadcrumbs":false,"_genesis_hide_singular_image":false,"_genesis_hide_footer_widgets":false,"_genesis_custom_body_class":"","_genesis_custom_post_class":"","_genesis_layout":"","footnotes":""},"categories":[82,39],"tags":[],"class_list":{"0":"post-2786","1":"post","2":"type-post","3":"status-publish","4":"format-standard","6":"category-auszeichnungen","7":"category-news","8":"entry","9":"has-post-thumbnail"},"acf":[],"yoast_head":"<!-- This site is optimized with the Yoast SEO Premium plugin v25.2 (Yoast SEO v25.2) - https:\/\/yoast.com\/wordpress\/plugins\/seo\/ -->\n<title>Nominiert f\u00fcr den IBK-Nachhaltigkeitspreis<\/title>\n<meta name=\"description\" content=\"Der Kanton Schaffhausen nominiert die H\u00dcBSCHER HOLZBAU AG f\u00fcr den Nachhaltigkeitspreis der Internationalen Bodensee-Konferenz IBK.\" \/>\n<meta name=\"robots\" content=\"index, follow, max-snippet:-1, max-image-preview:large, max-video-preview:-1\" \/>\n<link rel=\"canonical\" href=\"https:\/\/www.huebscher.net\/ch\/hubscher-holzbau-ist-fur-den-ibk-nachhaltigkeitspreis-nominiert\/\" \/>\n<meta property=\"og:locale\" content=\"de_DE\" \/>\n<meta property=\"og:type\" content=\"article\" \/>\n<meta property=\"og:title\" content=\"H\u00dcBSCHER HOLZBAU ist f\u00fcr den IBK-Nachhaltigkeitspreis nominiert\" \/>\n<meta property=\"og:description\" content=\"Der Kanton Schaffhausen nominiert die H\u00dcBSCHER HOLZBAU AG f\u00fcr den Nachhaltigkeitspreis der Internationalen Bodensee-Konferenz IBK.\" \/>\n<meta property=\"og:url\" content=\"https:\/\/www.huebscher.net\/ch\/hubscher-holzbau-ist-fur-den-ibk-nachhaltigkeitspreis-nominiert\/\" \/>\n<meta property=\"og:site_name\" content=\"H\u00dcBSCHER HOLZBAU\" \/>\n<meta property=\"article:publisher\" content=\"http:\/\/facebook.com\/huebscher.holzbau\" \/>\n<meta property=\"article:published_time\" content=\"2017-07-17T06:23:42+00:00\" \/>\n<meta property=\"article:modified_time\" content=\"2024-06-17T09:56:04+00:00\" \/>\n<meta property=\"og:image\" content=\"https:\/\/huebscher.net\/media\/ibk-1087x720.jpg\" \/>\n<meta name=\"author\" content=\"Michael H\u00fcbscher\" \/>\n<meta name=\"twitter:card\" content=\"summary_large_image\" \/>\n<meta name=\"twitter:label1\" content=\"Geschrieben von\" \/>\n\t<meta name=\"twitter:data1\" content=\"Michael H\u00fcbscher\" \/>\n\t<meta name=\"twitter:label2\" content=\"Gesch\u00e4tzte Lesezeit\" \/>\n\t<meta name=\"twitter:data2\" content=\"1 Minute\" \/>\n<script type=\"application\/ld+json\" class=\"yoast-schema-graph\">{\"@context\":\"https:\/\/schema.org\",\"@graph\":[{\"@type\":\"Article\",\"@id\":\"https:\/\/www.huebscher.net\/ch\/hubscher-holzbau-ist-fur-den-ibk-nachhaltigkeitspreis-nominiert\/#article\",\"isPartOf\":{\"@id\":\"https:\/\/www.huebscher.net\/ch\/hubscher-holzbau-ist-fur-den-ibk-nachhaltigkeitspreis-nominiert\/\"},\"author\":{\"name\":\"Michael H\u00fcbscher\",\"@id\":\"https:\/\/www.huebscher.net\/ch\/#\/schema\/person\/8fd9e2307c4694c2c9c33466724cf84a\"},\"headline\":\"H\u00dcBSCHER HOLZBAU ist f\u00fcr den IBK-Nachhaltigkeitspreis nominiert\",\"datePublished\":\"2017-07-17T06:23:42+00:00\",\"dateModified\":\"2024-06-17T09:56:04+00:00\",\"mainEntityOfPage\":{\"@id\":\"https:\/\/www.huebscher.net\/ch\/hubscher-holzbau-ist-fur-den-ibk-nachhaltigkeitspreis-nominiert\/\"},\"wordCount\":138,\"commentCount\":0,\"publisher\":{\"@id\":\"https:\/\/www.huebscher.net\/ch\/#organization\"},\"image\":{\"@id\":\"https:\/\/www.huebscher.net\/ch\/hubscher-holzbau-ist-fur-den-ibk-nachhaltigkeitspreis-nominiert\/#primaryimage\"},\"thumbnailUrl\":\"https:\/\/huebscher.net\/media\/ibk-1087x720.jpg\",\"articleSection\":[\"Auszeichnungen\",\"News\"],\"inLanguage\":\"de-CH\",\"potentialAction\":[{\"@type\":\"CommentAction\",\"name\":\"Comment\",\"target\":[\"https:\/\/www.huebscher.net\/ch\/hubscher-holzbau-ist-fur-den-ibk-nachhaltigkeitspreis-nominiert\/#respond\"]}]},{\"@type\":\"WebPage\",\"@id\":\"https:\/\/www.huebscher.net\/ch\/hubscher-holzbau-ist-fur-den-ibk-nachhaltigkeitspreis-nominiert\/\",\"url\":\"https:\/\/www.huebscher.net\/ch\/hubscher-holzbau-ist-fur-den-ibk-nachhaltigkeitspreis-nominiert\/\",\"name\":\"Nominiert f\u00fcr den IBK-Nachhaltigkeitspreis\",\"isPartOf\":{\"@id\":\"https:\/\/www.huebscher.net\/ch\/#website\"},\"primaryImageOfPage\":{\"@id\":\"https:\/\/www.huebscher.net\/ch\/hubscher-holzbau-ist-fur-den-ibk-nachhaltigkeitspreis-nominiert\/#primaryimage\"},\"image\":{\"@id\":\"https:\/\/www.huebscher.net\/ch\/hubscher-holzbau-ist-fur-den-ibk-nachhaltigkeitspreis-nominiert\/#primaryimage\"},\"thumbnailUrl\":\"https:\/\/huebscher.net\/media\/ibk-1087x720.jpg\",\"datePublished\":\"2017-07-17T06:23:42+00:00\",\"dateModified\":\"2024-06-17T09:56:04+00:00\",\"description\":\"Der Kanton Schaffhausen nominiert die H\u00dcBSCHER HOLZBAU AG f\u00fcr den Nachhaltigkeitspreis der Internationalen Bodensee-Konferenz IBK.\",\"breadcrumb\":{\"@id\":\"https:\/\/www.huebscher.net\/ch\/hubscher-holzbau-ist-fur-den-ibk-nachhaltigkeitspreis-nominiert\/#breadcrumb\"},\"inLanguage\":\"de-CH\",\"potentialAction\":[{\"@type\":\"ReadAction\",\"target\":[\"https:\/\/www.huebscher.net\/ch\/hubscher-holzbau-ist-fur-den-ibk-nachhaltigkeitspreis-nominiert\/\"]}]},{\"@type\":\"ImageObject\",\"inLanguage\":\"de-CH\",\"@id\":\"https:\/\/www.huebscher.net\/ch\/hubscher-holzbau-ist-fur-den-ibk-nachhaltigkeitspreis-nominiert\/#primaryimage\",\"url\":\"https:\/\/huebscher.net\/media\/ibk-1087x720.jpg\",\"contentUrl\":\"https:\/\/huebscher.net\/media\/ibk-1087x720.jpg\"},{\"@type\":\"BreadcrumbList\",\"@id\":\"https:\/\/www.huebscher.net\/ch\/hubscher-holzbau-ist-fur-den-ibk-nachhaltigkeitspreis-nominiert\/#breadcrumb\",\"itemListElement\":[{\"@type\":\"ListItem\",\"position\":1,\"name\":\"Home\",\"item\":\"https:\/\/www.huebscher.net\/ch\/\"},{\"@type\":\"ListItem\",\"position\":2,\"name\":\"H\u00dcBSCHER HOLZBAU ist f\u00fcr den IBK-Nachhaltigkeitspreis nominiert\"}]},{\"@type\":\"WebSite\",\"@id\":\"https:\/\/www.huebscher.net\/ch\/#website\",\"url\":\"https:\/\/www.huebscher.net\/ch\/\",\"name\":\"H\u00fcbscher Holzbau\",\"description\":\"H\u00fcbscher Holzbau AG\",\"publisher\":{\"@id\":\"https:\/\/www.huebscher.net\/ch\/#organization\"},\"alternateName\":\"H\u00fcbscher Holzbau\",\"potentialAction\":[{\"@type\":\"SearchAction\",\"target\":{\"@type\":\"EntryPoint\",\"urlTemplate\":\"https:\/\/www.huebscher.net\/ch\/?s={search_term_string}\"},\"query-input\":{\"@type\":\"PropertyValueSpecification\",\"valueRequired\":true,\"valueName\":\"search_term_string\"}}],\"inLanguage\":\"de-CH\"},{\"@type\":\"Organization\",\"@id\":\"https:\/\/www.huebscher.net\/ch\/#organization\",\"name\":\"H\u00fcbscher Holzbau\",\"alternateName\":\"H\u00fcbscher Holzbau\",\"url\":\"https:\/\/www.huebscher.net\/ch\/\",\"logo\":{\"@type\":\"ImageObject\",\"inLanguage\":\"de-CH\",\"@id\":\"https:\/\/www.huebscher.net\/ch\/#\/schema\/logo\/image\/\",\"url\":\"https:\/\/www.huebscher.net\/media\/huebscher_logo_def.png\",\"contentUrl\":\"https:\/\/www.huebscher.net\/media\/huebscher_logo_def.png\",\"width\":220,\"height\":110,\"caption\":\"H\u00fcbscher Holzbau\"},\"image\":{\"@id\":\"https:\/\/www.huebscher.net\/ch\/#\/schema\/logo\/image\/\"},\"sameAs\":[\"http:\/\/facebook.com\/huebscher.holzbau\",\"https:\/\/pt.linkedin.com\/organization-guest\/company\/huebscher-holzbau\",\"https:\/\/www.instagram.com\/huebscherholzbau\/\"]},{\"@type\":\"Person\",\"@id\":\"https:\/\/www.huebscher.net\/ch\/#\/schema\/person\/8fd9e2307c4694c2c9c33466724cf84a\",\"name\":\"Michael H\u00fcbscher\",\"image\":{\"@type\":\"ImageObject\",\"inLanguage\":\"de-CH\",\"@id\":\"https:\/\/www.huebscher.net\/ch\/#\/schema\/person\/image\/\",\"url\":\"https:\/\/secure.gravatar.com\/avatar\/9d37c03c19a40806617c92be68dacdfd?s=96&d=mm&r=g\",\"contentUrl\":\"https:\/\/secure.gravatar.com\/avatar\/9d37c03c19a40806617c92be68dacdfd?s=96&d=mm&r=g\",\"caption\":\"Michael H\u00fcbscher\"},\"sameAs\":[\"https:\/\/huebscher.net\"]}]}<\/script>\n<!-- \/ Yoast SEO Premium plugin. -->","yoast_head_json":{"title":"Nominiert f\u00fcr den IBK-Nachhaltigkeitspreis","description":"Der Kanton Schaffhausen nominiert die H\u00dcBSCHER HOLZBAU AG f\u00fcr den Nachhaltigkeitspreis der Internationalen Bodensee-Konferenz IBK.","robots":{"index":"index","follow":"follow","max-snippet":"max-snippet:-1","max-image-preview":"max-image-preview:large","max-video-preview":"max-video-preview:-1"},"canonical":"https:\/\/www.huebscher.net\/ch\/hubscher-holzbau-ist-fur-den-ibk-nachhaltigkeitspreis-nominiert\/","og_locale":"de_DE","og_type":"article","og_title":"H\u00dcBSCHER HOLZBAU ist f\u00fcr den IBK-Nachhaltigkeitspreis nominiert","og_description":"Der Kanton Schaffhausen nominiert die H\u00dcBSCHER HOLZBAU AG f\u00fcr den Nachhaltigkeitspreis der Internationalen Bodensee-Konferenz IBK.","og_url":"https:\/\/www.huebscher.net\/ch\/hubscher-holzbau-ist-fur-den-ibk-nachhaltigkeitspreis-nominiert\/","og_site_name":"H\u00dcBSCHER HOLZBAU","article_publisher":"http:\/\/facebook.com\/huebscher.holzbau","article_published_time":"2017-07-17T06:23:42+00:00","article_modified_time":"2024-06-17T09:56:04+00:00","og_image":[{"url":"https:\/\/huebscher.net\/media\/ibk-1087x720.jpg","type":"","width":"","height":""}],"author":"Michael H\u00fcbscher","twitter_card":"summary_large_image","twitter_misc":{"Geschrieben von":"Michael H\u00fcbscher","Gesch\u00e4tzte Lesezeit":"1 Minute"},"schema":{"@context":"https:\/\/schema.org","@graph":[{"@type":"Article","@id":"https:\/\/www.huebscher.net\/ch\/hubscher-holzbau-ist-fur-den-ibk-nachhaltigkeitspreis-nominiert\/#article","isPartOf":{"@id":"https:\/\/www.huebscher.net\/ch\/hubscher-holzbau-ist-fur-den-ibk-nachhaltigkeitspreis-nominiert\/"},"author":{"name":"Michael H\u00fcbscher","@id":"https:\/\/www.huebscher.net\/ch\/#\/schema\/person\/8fd9e2307c4694c2c9c33466724cf84a"},"headline":"H\u00dcBSCHER HOLZBAU ist f\u00fcr den IBK-Nachhaltigkeitspreis nominiert","datePublished":"2017-07-17T06:23:42+00:00","dateModified":"2024-06-17T09:56:04+00:00","mainEntityOfPage":{"@id":"https:\/\/www.huebscher.net\/ch\/hubscher-holzbau-ist-fur-den-ibk-nachhaltigkeitspreis-nominiert\/"},"wordCount":138,"commentCount":0,"publisher":{"@id":"https:\/\/www.huebscher.net\/ch\/#organization"},"image":{"@id":"https:\/\/www.huebscher.net\/ch\/hubscher-holzbau-ist-fur-den-ibk-nachhaltigkeitspreis-nominiert\/#primaryimage"},"thumbnailUrl":"https:\/\/huebscher.net\/media\/ibk-1087x720.jpg","articleSection":["Auszeichnungen","News"],"inLanguage":"de-CH","potentialAction":[{"@type":"CommentAction","name":"Comment","target":["https:\/\/www.huebscher.net\/ch\/hubscher-holzbau-ist-fur-den-ibk-nachhaltigkeitspreis-nominiert\/#respond"]}]},{"@type":"WebPage","@id":"https:\/\/www.huebscher.net\/ch\/hubscher-holzbau-ist-fur-den-ibk-nachhaltigkeitspreis-nominiert\/","url":"https:\/\/www.huebscher.net\/ch\/hubscher-holzbau-ist-fur-den-ibk-nachhaltigkeitspreis-nominiert\/","name":"Nominiert f\u00fcr den IBK-Nachhaltigkeitspreis","isPartOf":{"@id":"https:\/\/www.huebscher.net\/ch\/#website"},"primaryImageOfPage":{"@id":"https:\/\/www.huebscher.net\/ch\/hubscher-holzbau-ist-fur-den-ibk-nachhaltigkeitspreis-nominiert\/#primaryimage"},"image":{"@id":"https:\/\/www.huebscher.net\/ch\/hubscher-holzbau-ist-fur-den-ibk-nachhaltigkeitspreis-nominiert\/#primaryimage"},"thumbnailUrl":"https:\/\/huebscher.net\/media\/ibk-1087x720.jpg","datePublished":"2017-07-17T06:23:42+00:00","dateModified":"2024-06-17T09:56:04+00:00","description":"Der Kanton Schaffhausen nominiert die H\u00dcBSCHER HOLZBAU AG f\u00fcr den Nachhaltigkeitspreis der Internationalen Bodensee-Konferenz IBK.","breadcrumb":{"@id":"https:\/\/www.huebscher.net\/ch\/hubscher-holzbau-ist-fur-den-ibk-nachhaltigkeitspreis-nominiert\/#breadcrumb"},"inLanguage":"de-CH","potentialAction":[{"@type":"ReadAction","target":["https:\/\/www.huebscher.net\/ch\/hubscher-holzbau-ist-fur-den-ibk-nachhaltigkeitspreis-nominiert\/"]}]},{"@type":"ImageObject","inLanguage":"de-CH","@id":"https:\/\/www.huebscher.net\/ch\/hubscher-holzbau-ist-fur-den-ibk-nachhaltigkeitspreis-nominiert\/#primaryimage","url":"https:\/\/huebscher.net\/media\/ibk-1087x720.jpg","contentUrl":"https:\/\/huebscher.net\/media\/ibk-1087x720.jpg"},{"@type":"BreadcrumbList","@id":"https:\/\/www.huebscher.net\/ch\/hubscher-holzbau-ist-fur-den-ibk-nachhaltigkeitspreis-nominiert\/#breadcrumb","itemListElement":[{"@type":"ListItem","position":1,"name":"Home","item":"https:\/\/www.huebscher.net\/ch\/"},{"@type":"ListItem","position":2,"name":"H\u00dcBSCHER HOLZBAU ist f\u00fcr den IBK-Nachhaltigkeitspreis nominiert"}]},{"@type":"WebSite","@id":"https:\/\/www.huebscher.net\/ch\/#website","url":"https:\/\/www.huebscher.net\/ch\/","name":"H\u00fcbscher Holzbau","description":"H\u00fcbscher Holzbau AG","publisher":{"@id":"https:\/\/www.huebscher.net\/ch\/#organization"},"alternateName":"H\u00fcbscher Holzbau","potentialAction":[{"@type":"SearchAction","target":{"@type":"EntryPoint","urlTemplate":"https:\/\/www.huebscher.net\/ch\/?s={search_term_string}"},"query-input":{"@type":"PropertyValueSpecification","valueRequired":true,"valueName":"search_term_string"}}],"inLanguage":"de-CH"},{"@type":"Organization","@id":"https:\/\/www.huebscher.net\/ch\/#organization","name":"H\u00fcbscher Holzbau","alternateName":"H\u00fcbscher Holzbau","url":"https:\/\/www.huebscher.net\/ch\/","logo":{"@type":"ImageObject","inLanguage":"de-CH","@id":"https:\/\/www.huebscher.net\/ch\/#\/schema\/logo\/image\/","url":"https:\/\/www.huebscher.net\/media\/huebscher_logo_def.png","contentUrl":"https:\/\/www.huebscher.net\/media\/huebscher_logo_def.png","width":220,"height":110,"caption":"H\u00fcbscher Holzbau"},"image":{"@id":"https:\/\/www.huebscher.net\/ch\/#\/schema\/logo\/image\/"},"sameAs":["http:\/\/facebook.com\/huebscher.holzbau","https:\/\/pt.linkedin.com\/organization-guest\/company\/huebscher-holzbau","https:\/\/www.instagram.com\/huebscherholzbau\/"]},{"@type":"Person","@id":"https:\/\/www.huebscher.net\/ch\/#\/schema\/person\/8fd9e2307c4694c2c9c33466724cf84a","name":"Michael H\u00fcbscher","image":{"@type":"ImageObject","inLanguage":"de-CH","@id":"https:\/\/www.huebscher.net\/ch\/#\/schema\/person\/image\/","url":"https:\/\/secure.gravatar.com\/avatar\/9d37c03c19a40806617c92be68dacdfd?s=96&d=mm&r=g","contentUrl":"https:\/\/secure.gravatar.com\/avatar\/9d37c03c19a40806617c92be68dacdfd?s=96&d=mm&r=g","caption":"Michael H\u00fcbscher"},"sameAs":["https:\/\/huebscher.net"]}]}},"_links":{"self":[{"href":"https:\/\/www.huebscher.net\/ch\/wp-json\/wp\/v2\/posts\/2786"}],"collection":[{"href":"https:\/\/www.huebscher.net\/ch\/wp-json\/wp\/v2\/posts"}],"about":[{"href":"https:\/\/www.huebscher.net\/ch\/wp-json\/wp\/v2\/types\/post"}],"author":[{"embeddable":true,"href":"https:\/\/www.huebscher.net\/ch\/wp-json\/wp\/v2\/users\/2"}],"replies":[{"embeddable":true,"href":"https:\/\/www.huebscher.net\/ch\/wp-json\/wp\/v2\/comments?post=2786"}],"version-history":[{"count":3,"href":"https:\/\/www.huebscher.net\/ch\/wp-json\/wp\/v2\/posts\/2786\/revisions"}],"predecessor-version":[{"id":9106,"href":"https:\/\/www.huebscher.net\/ch\/wp-json\/wp\/v2\/posts\/2786\/revisions\/9106"}],"wp:attachment":[{"href":"https:\/\/www.huebscher.net\/ch\/wp-json\/wp\/v2\/media?parent=2786"}],"wp:term":[{"taxonomy":"category","embeddable":true,"href":"https:\/\/www.huebscher.net\/ch\/wp-json\/wp\/v2\/categories?post=2786"},{"taxonomy":"post_tag","embeddable":true,"href":"https:\/\/www.huebscher.net\/ch\/wp-json\/wp\/v2\/tags?post=2786"}],"curies":[{"name":"wp","href":"https:\/\/api.w.org\/{rel}","templated":true}]}}