{"id":2354,"date":"2016-12-01T09:07:08","date_gmt":"2016-12-01T08:07:08","guid":{"rendered":"https:\/\/huebscher-holzbau.ch\/?p=2354"},"modified":"2024-06-17T11:59:09","modified_gmt":"2024-06-17T09:59:09","slug":"produktionsstart-gruener-baum-sig-areal-neuhausen","status":"publish","type":"post","link":"https:\/\/www.huebscher.net\/ch\/produktionsstart-gruener-baum-sig-areal-neuhausen\/","title":{"rendered":"Produktionsstart \u00abGr\u00fcner Baum SIG-Areal Neuhausen\u00bb"},"content":{"rendered":"<p>Der markante, leerstehende Geb\u00e4udekomplex direkt am Industrieplatz \u2013 bestehend aus den Geb\u00e4uden Hochbau, Gr\u00fcnerbaum und Weinberg \u2013 wird einer neuen Nutzung zugef\u00fchrt: ein Projekt, das den bedeutungsvollen Transformationsprozess auf dem geschichtstr\u00e4chtigen Areal einl\u00e4utet. In den bestehenden Industriehallen werden bis Ende 2017 rund 52 neue Loftwohnungen eingebaut. Die H\u00dcBSCHER HOLZBAU AG ist mit der Dachsanierung sowie dem Einbau der Trennw\u00e4nde beauftragt worden. Wir freuen uns auf den spannenden Auftrag!<\/p>\n<p><em>\u00a0<\/em><\/p>\n<p>Weitere Informationen: <a href=\"http:\/\/www.sigareal.ch\/\">http:\/\/www.sigareal.ch\/<\/a><\/p>\n<p><img fetchpriority=\"high\" decoding=\"async\" class=\"alignnone wp-image-2357 size-medium\" src=\"https:\/\/huebscher.net\/media\/SIG-Areal_2-1152x720.jpg\" alt=\"Produktionsstart \u00abGr\u00fcner Baum SIG-Areal Neuhausen\u00bb\" width=\"1152\" height=\"720\" srcset=\"https:\/\/www.huebscher.net\/media\/SIG-Areal_2-1152x720.jpg 1152w, https:\/\/www.huebscher.net\/media\/SIG-Areal_2-768x480.jpg 768w, https:\/\/www.huebscher.net\/media\/SIG-Areal_2-1728x1080.jpg 1728w, https:\/\/www.huebscher.net\/media\/SIG-Areal_2-350x219.jpg 350w\" sizes=\"(max-width: 1152px) 100vw, 1152px\" \/><\/p>\n<p><img decoding=\"async\" class=\"alignnone wp-image-2358 size-full\" src=\"https:\/\/huebscher.net\/media\/SIG-Areal.jpg\" alt=\"Produktionsstart \u00abGr\u00fcner Baum SIG-Areal Neuhausen\u00bb\" width=\"980\" height=\"490\" srcset=\"https:\/\/www.huebscher.net\/media\/SIG-Areal.jpg 980w, https:\/\/www.huebscher.net\/media\/SIG-Areal-768x384.jpg 768w, https:\/\/www.huebscher.net\/media\/SIG-Areal-350x175.jpg 350w\" sizes=\"(max-width: 980px) 100vw, 980px\" \/><\/p>\n","protected":false},"excerpt":{"rendered":"<p>Der markante, leerstehende Geb\u00e4udekomplex direkt am Industrieplatz \u2013 bestehend aus den Geb\u00e4uden Hochbau, Gr\u00fcnerbaum und Weinberg \u2013 wird einer neuen Nutzung zugef\u00fchrt: ein Projekt, das den bedeutungsvollen Transformationsprozess auf dem geschichtstr\u00e4chtigen Areal einl\u00e4utet. In den bestehenden Industriehallen werden bis Ende 2017 rund 52 neue Loftwohnungen eingebaut. Die H\u00dcBSCHER HOLZBAU AG ist mit der Dachsanierung sowie&hellip;<\/p>\n","protected":false},"author":2,"featured_media":2357,"comment_status":"open","ping_status":"open","sticky":false,"template":"","format":"standard","meta":{"_acf_changed":false,"_monsterinsights_skip_tracking":false,"_monsterinsights_sitenote_active":false,"_monsterinsights_sitenote_note":"","_monsterinsights_sitenote_category":0,"_genesis_hide_title":false,"_genesis_hide_breadcrumbs":false,"_genesis_hide_singular_image":false,"_genesis_hide_footer_widgets":false,"_genesis_custom_body_class":"","_genesis_custom_post_class":"","_genesis_layout":"","footnotes":""},"categories":[40,39],"tags":[],"class_list":{"0":"post-2354","1":"post","2":"type-post","3":"status-publish","4":"format-standard","5":"has-post-thumbnail","7":"category-im-bau","8":"category-news","9":"entry"},"acf":[],"yoast_head":"<!-- This site is optimized with the Yoast SEO Premium plugin v25.2 (Yoast SEO v25.2) - https:\/\/yoast.com\/wordpress\/plugins\/seo\/ -->\n<title>Produktionsstart \u00abGr\u00fcner Baum SIG-Areal Neuhausen\u00bb<\/title>\n<meta name=\"description\" content=\"Die H\u00dcBSCHER HOLZBAU AG ist mit der Dachsanierung sowie dem Einbau der Trennw\u00e4nde beauftragt worden. Wir freuen uns auf den spannenden Auftrag\" \/>\n<meta name=\"robots\" content=\"index, follow, max-snippet:-1, max-image-preview:large, max-video-preview:-1\" \/>\n<link rel=\"canonical\" href=\"https:\/\/www.huebscher.net\/ch\/produktionsstart-gruener-baum-sig-areal-neuhausen\/\" \/>\n<meta property=\"og:locale\" content=\"de_DE\" \/>\n<meta property=\"og:type\" content=\"article\" \/>\n<meta property=\"og:title\" content=\"Produktionsstart \u00abGr\u00fcner Baum SIG-Areal Neuhausen\u00bb\" \/>\n<meta property=\"og:description\" content=\"Die H\u00dcBSCHER HOLZBAU AG ist mit der Dachsanierung sowie dem Einbau der Trennw\u00e4nde beauftragt worden. Wir freuen uns auf den spannenden Auftrag\" \/>\n<meta property=\"og:url\" content=\"https:\/\/www.huebscher.net\/ch\/produktionsstart-gruener-baum-sig-areal-neuhausen\/\" \/>\n<meta property=\"og:site_name\" content=\"H\u00dcBSCHER HOLZBAU\" \/>\n<meta property=\"article:publisher\" content=\"http:\/\/facebook.com\/huebscher.holzbau\" \/>\n<meta property=\"article:published_time\" content=\"2016-12-01T08:07:08+00:00\" \/>\n<meta property=\"article:modified_time\" content=\"2024-06-17T09:59:09+00:00\" \/>\n<meta property=\"og:image\" content=\"https:\/\/www.huebscher.net\/media\/SIG-Areal_2.jpg\" \/>\n\t<meta property=\"og:image:width\" content=\"2400\" \/>\n\t<meta property=\"og:image:height\" content=\"1500\" \/>\n\t<meta property=\"og:image:type\" content=\"image\/jpeg\" \/>\n<meta name=\"author\" content=\"Michael H\u00fcbscher\" \/>\n<meta name=\"twitter:card\" content=\"summary_large_image\" \/>\n<meta name=\"twitter:label1\" content=\"Geschrieben von\" \/>\n\t<meta name=\"twitter:data1\" content=\"Michael H\u00fcbscher\" \/>\n\t<meta name=\"twitter:label2\" content=\"Gesch\u00e4tzte Lesezeit\" \/>\n\t<meta name=\"twitter:data2\" content=\"1 Minute\" \/>\n<script type=\"application\/ld+json\" class=\"yoast-schema-graph\">{\"@context\":\"https:\/\/schema.org\",\"@graph\":[{\"@type\":\"Article\",\"@id\":\"https:\/\/www.huebscher.net\/ch\/produktionsstart-gruener-baum-sig-areal-neuhausen\/#article\",\"isPartOf\":{\"@id\":\"https:\/\/www.huebscher.net\/ch\/produktionsstart-gruener-baum-sig-areal-neuhausen\/\"},\"author\":{\"name\":\"Michael H\u00fcbscher\",\"@id\":\"https:\/\/www.huebscher.net\/ch\/#\/schema\/person\/8fd9e2307c4694c2c9c33466724cf84a\"},\"headline\":\"Produktionsstart \u00abGr\u00fcner Baum SIG-Areal Neuhausen\u00bb\",\"datePublished\":\"2016-12-01T08:07:08+00:00\",\"dateModified\":\"2024-06-17T09:59:09+00:00\",\"mainEntityOfPage\":{\"@id\":\"https:\/\/www.huebscher.net\/ch\/produktionsstart-gruener-baum-sig-areal-neuhausen\/\"},\"wordCount\":84,\"commentCount\":0,\"publisher\":{\"@id\":\"https:\/\/www.huebscher.net\/ch\/#organization\"},\"image\":{\"@id\":\"https:\/\/www.huebscher.net\/ch\/produktionsstart-gruener-baum-sig-areal-neuhausen\/#primaryimage\"},\"thumbnailUrl\":\"https:\/\/www.huebscher.net\/media\/SIG-Areal_2.jpg\",\"articleSection\":[\"Im Bau\",\"News\"],\"inLanguage\":\"de-CH\",\"potentialAction\":[{\"@type\":\"CommentAction\",\"name\":\"Comment\",\"target\":[\"https:\/\/www.huebscher.net\/ch\/produktionsstart-gruener-baum-sig-areal-neuhausen\/#respond\"]}]},{\"@type\":\"WebPage\",\"@id\":\"https:\/\/www.huebscher.net\/ch\/produktionsstart-gruener-baum-sig-areal-neuhausen\/\",\"url\":\"https:\/\/www.huebscher.net\/ch\/produktionsstart-gruener-baum-sig-areal-neuhausen\/\",\"name\":\"Produktionsstart \u00abGr\u00fcner Baum SIG-Areal Neuhausen\u00bb\",\"isPartOf\":{\"@id\":\"https:\/\/www.huebscher.net\/ch\/#website\"},\"primaryImageOfPage\":{\"@id\":\"https:\/\/www.huebscher.net\/ch\/produktionsstart-gruener-baum-sig-areal-neuhausen\/#primaryimage\"},\"image\":{\"@id\":\"https:\/\/www.huebscher.net\/ch\/produktionsstart-gruener-baum-sig-areal-neuhausen\/#primaryimage\"},\"thumbnailUrl\":\"https:\/\/www.huebscher.net\/media\/SIG-Areal_2.jpg\",\"datePublished\":\"2016-12-01T08:07:08+00:00\",\"dateModified\":\"2024-06-17T09:59:09+00:00\",\"description\":\"Die H\u00dcBSCHER HOLZBAU AG ist mit der Dachsanierung sowie dem Einbau der Trennw\u00e4nde beauftragt worden. Wir freuen uns auf den spannenden Auftrag\",\"breadcrumb\":{\"@id\":\"https:\/\/www.huebscher.net\/ch\/produktionsstart-gruener-baum-sig-areal-neuhausen\/#breadcrumb\"},\"inLanguage\":\"de-CH\",\"potentialAction\":[{\"@type\":\"ReadAction\",\"target\":[\"https:\/\/www.huebscher.net\/ch\/produktionsstart-gruener-baum-sig-areal-neuhausen\/\"]}]},{\"@type\":\"ImageObject\",\"inLanguage\":\"de-CH\",\"@id\":\"https:\/\/www.huebscher.net\/ch\/produktionsstart-gruener-baum-sig-areal-neuhausen\/#primaryimage\",\"url\":\"https:\/\/www.huebscher.net\/media\/SIG-Areal_2.jpg\",\"contentUrl\":\"https:\/\/www.huebscher.net\/media\/SIG-Areal_2.jpg\",\"width\":2400,\"height\":1500,\"caption\":\"Produktionsstart \u00abGr\u00fcner Baum SIG-Areal Neuhausen\u00bb\"},{\"@type\":\"BreadcrumbList\",\"@id\":\"https:\/\/www.huebscher.net\/ch\/produktionsstart-gruener-baum-sig-areal-neuhausen\/#breadcrumb\",\"itemListElement\":[{\"@type\":\"ListItem\",\"position\":1,\"name\":\"Home\",\"item\":\"https:\/\/www.huebscher.net\/ch\/\"},{\"@type\":\"ListItem\",\"position\":2,\"name\":\"Produktionsstart \u00abGr\u00fcner Baum SIG-Areal Neuhausen\u00bb\"}]},{\"@type\":\"WebSite\",\"@id\":\"https:\/\/www.huebscher.net\/ch\/#website\",\"url\":\"https:\/\/www.huebscher.net\/ch\/\",\"name\":\"H\u00fcbscher Holzbau\",\"description\":\"H\u00fcbscher Holzbau AG\",\"publisher\":{\"@id\":\"https:\/\/www.huebscher.net\/ch\/#organization\"},\"alternateName\":\"H\u00fcbscher Holzbau\",\"potentialAction\":[{\"@type\":\"SearchAction\",\"target\":{\"@type\":\"EntryPoint\",\"urlTemplate\":\"https:\/\/www.huebscher.net\/ch\/?s={search_term_string}\"},\"query-input\":{\"@type\":\"PropertyValueSpecification\",\"valueRequired\":true,\"valueName\":\"search_term_string\"}}],\"inLanguage\":\"de-CH\"},{\"@type\":\"Organization\",\"@id\":\"https:\/\/www.huebscher.net\/ch\/#organization\",\"name\":\"H\u00fcbscher Holzbau\",\"alternateName\":\"H\u00fcbscher Holzbau\",\"url\":\"https:\/\/www.huebscher.net\/ch\/\",\"logo\":{\"@type\":\"ImageObject\",\"inLanguage\":\"de-CH\",\"@id\":\"https:\/\/www.huebscher.net\/ch\/#\/schema\/logo\/image\/\",\"url\":\"https:\/\/www.huebscher.net\/media\/huebscher_logo_def.png\",\"contentUrl\":\"https:\/\/www.huebscher.net\/media\/huebscher_logo_def.png\",\"width\":220,\"height\":110,\"caption\":\"H\u00fcbscher Holzbau\"},\"image\":{\"@id\":\"https:\/\/www.huebscher.net\/ch\/#\/schema\/logo\/image\/\"},\"sameAs\":[\"http:\/\/facebook.com\/huebscher.holzbau\",\"https:\/\/pt.linkedin.com\/organization-guest\/company\/huebscher-holzbau\",\"https:\/\/www.instagram.com\/huebscherholzbau\/\"]},{\"@type\":\"Person\",\"@id\":\"https:\/\/www.huebscher.net\/ch\/#\/schema\/person\/8fd9e2307c4694c2c9c33466724cf84a\",\"name\":\"Michael H\u00fcbscher\",\"image\":{\"@type\":\"ImageObject\",\"inLanguage\":\"de-CH\",\"@id\":\"https:\/\/www.huebscher.net\/ch\/#\/schema\/person\/image\/\",\"url\":\"https:\/\/secure.gravatar.com\/avatar\/9d37c03c19a40806617c92be68dacdfd?s=96&d=mm&r=g\",\"contentUrl\":\"https:\/\/secure.gravatar.com\/avatar\/9d37c03c19a40806617c92be68dacdfd?s=96&d=mm&r=g\",\"caption\":\"Michael H\u00fcbscher\"},\"sameAs\":[\"https:\/\/huebscher.net\"]}]}<\/script>\n<!-- \/ Yoast SEO Premium plugin. -->","yoast_head_json":{"title":"Produktionsstart \u00abGr\u00fcner Baum SIG-Areal Neuhausen\u00bb","description":"Die H\u00dcBSCHER HOLZBAU AG ist mit der Dachsanierung sowie dem Einbau der Trennw\u00e4nde beauftragt worden. Wir freuen uns auf den spannenden Auftrag","robots":{"index":"index","follow":"follow","max-snippet":"max-snippet:-1","max-image-preview":"max-image-preview:large","max-video-preview":"max-video-preview:-1"},"canonical":"https:\/\/www.huebscher.net\/ch\/produktionsstart-gruener-baum-sig-areal-neuhausen\/","og_locale":"de_DE","og_type":"article","og_title":"Produktionsstart \u00abGr\u00fcner Baum SIG-Areal Neuhausen\u00bb","og_description":"Die H\u00dcBSCHER HOLZBAU AG ist mit der Dachsanierung sowie dem Einbau der Trennw\u00e4nde beauftragt worden. Wir freuen uns auf den spannenden Auftrag","og_url":"https:\/\/www.huebscher.net\/ch\/produktionsstart-gruener-baum-sig-areal-neuhausen\/","og_site_name":"H\u00dcBSCHER HOLZBAU","article_publisher":"http:\/\/facebook.com\/huebscher.holzbau","article_published_time":"2016-12-01T08:07:08+00:00","article_modified_time":"2024-06-17T09:59:09+00:00","og_image":[{"width":2400,"height":1500,"url":"https:\/\/www.huebscher.net\/media\/SIG-Areal_2.jpg","type":"image\/jpeg"}],"author":"Michael H\u00fcbscher","twitter_card":"summary_large_image","twitter_misc":{"Geschrieben von":"Michael H\u00fcbscher","Gesch\u00e4tzte Lesezeit":"1 Minute"},"schema":{"@context":"https:\/\/schema.org","@graph":[{"@type":"Article","@id":"https:\/\/www.huebscher.net\/ch\/produktionsstart-gruener-baum-sig-areal-neuhausen\/#article","isPartOf":{"@id":"https:\/\/www.huebscher.net\/ch\/produktionsstart-gruener-baum-sig-areal-neuhausen\/"},"author":{"name":"Michael H\u00fcbscher","@id":"https:\/\/www.huebscher.net\/ch\/#\/schema\/person\/8fd9e2307c4694c2c9c33466724cf84a"},"headline":"Produktionsstart \u00abGr\u00fcner Baum SIG-Areal Neuhausen\u00bb","datePublished":"2016-12-01T08:07:08+00:00","dateModified":"2024-06-17T09:59:09+00:00","mainEntityOfPage":{"@id":"https:\/\/www.huebscher.net\/ch\/produktionsstart-gruener-baum-sig-areal-neuhausen\/"},"wordCount":84,"commentCount":0,"publisher":{"@id":"https:\/\/www.huebscher.net\/ch\/#organization"},"image":{"@id":"https:\/\/www.huebscher.net\/ch\/produktionsstart-gruener-baum-sig-areal-neuhausen\/#primaryimage"},"thumbnailUrl":"https:\/\/www.huebscher.net\/media\/SIG-Areal_2.jpg","articleSection":["Im Bau","News"],"inLanguage":"de-CH","potentialAction":[{"@type":"CommentAction","name":"Comment","target":["https:\/\/www.huebscher.net\/ch\/produktionsstart-gruener-baum-sig-areal-neuhausen\/#respond"]}]},{"@type":"WebPage","@id":"https:\/\/www.huebscher.net\/ch\/produktionsstart-gruener-baum-sig-areal-neuhausen\/","url":"https:\/\/www.huebscher.net\/ch\/produktionsstart-gruener-baum-sig-areal-neuhausen\/","name":"Produktionsstart \u00abGr\u00fcner Baum SIG-Areal Neuhausen\u00bb","isPartOf":{"@id":"https:\/\/www.huebscher.net\/ch\/#website"},"primaryImageOfPage":{"@id":"https:\/\/www.huebscher.net\/ch\/produktionsstart-gruener-baum-sig-areal-neuhausen\/#primaryimage"},"image":{"@id":"https:\/\/www.huebscher.net\/ch\/produktionsstart-gruener-baum-sig-areal-neuhausen\/#primaryimage"},"thumbnailUrl":"https:\/\/www.huebscher.net\/media\/SIG-Areal_2.jpg","datePublished":"2016-12-01T08:07:08+00:00","dateModified":"2024-06-17T09:59:09+00:00","description":"Die H\u00dcBSCHER HOLZBAU AG ist mit der Dachsanierung sowie dem Einbau der Trennw\u00e4nde beauftragt worden. Wir freuen uns auf den spannenden Auftrag","breadcrumb":{"@id":"https:\/\/www.huebscher.net\/ch\/produktionsstart-gruener-baum-sig-areal-neuhausen\/#breadcrumb"},"inLanguage":"de-CH","potentialAction":[{"@type":"ReadAction","target":["https:\/\/www.huebscher.net\/ch\/produktionsstart-gruener-baum-sig-areal-neuhausen\/"]}]},{"@type":"ImageObject","inLanguage":"de-CH","@id":"https:\/\/www.huebscher.net\/ch\/produktionsstart-gruener-baum-sig-areal-neuhausen\/#primaryimage","url":"https:\/\/www.huebscher.net\/media\/SIG-Areal_2.jpg","contentUrl":"https:\/\/www.huebscher.net\/media\/SIG-Areal_2.jpg","width":2400,"height":1500,"caption":"Produktionsstart \u00abGr\u00fcner Baum SIG-Areal Neuhausen\u00bb"},{"@type":"BreadcrumbList","@id":"https:\/\/www.huebscher.net\/ch\/produktionsstart-gruener-baum-sig-areal-neuhausen\/#breadcrumb","itemListElement":[{"@type":"ListItem","position":1,"name":"Home","item":"https:\/\/www.huebscher.net\/ch\/"},{"@type":"ListItem","position":2,"name":"Produktionsstart \u00abGr\u00fcner Baum SIG-Areal Neuhausen\u00bb"}]},{"@type":"WebSite","@id":"https:\/\/www.huebscher.net\/ch\/#website","url":"https:\/\/www.huebscher.net\/ch\/","name":"H\u00fcbscher Holzbau","description":"H\u00fcbscher Holzbau AG","publisher":{"@id":"https:\/\/www.huebscher.net\/ch\/#organization"},"alternateName":"H\u00fcbscher Holzbau","potentialAction":[{"@type":"SearchAction","target":{"@type":"EntryPoint","urlTemplate":"https:\/\/www.huebscher.net\/ch\/?s={search_term_string}"},"query-input":{"@type":"PropertyValueSpecification","valueRequired":true,"valueName":"search_term_string"}}],"inLanguage":"de-CH"},{"@type":"Organization","@id":"https:\/\/www.huebscher.net\/ch\/#organization","name":"H\u00fcbscher Holzbau","alternateName":"H\u00fcbscher Holzbau","url":"https:\/\/www.huebscher.net\/ch\/","logo":{"@type":"ImageObject","inLanguage":"de-CH","@id":"https:\/\/www.huebscher.net\/ch\/#\/schema\/logo\/image\/","url":"https:\/\/www.huebscher.net\/media\/huebscher_logo_def.png","contentUrl":"https:\/\/www.huebscher.net\/media\/huebscher_logo_def.png","width":220,"height":110,"caption":"H\u00fcbscher Holzbau"},"image":{"@id":"https:\/\/www.huebscher.net\/ch\/#\/schema\/logo\/image\/"},"sameAs":["http:\/\/facebook.com\/huebscher.holzbau","https:\/\/pt.linkedin.com\/organization-guest\/company\/huebscher-holzbau","https:\/\/www.instagram.com\/huebscherholzbau\/"]},{"@type":"Person","@id":"https:\/\/www.huebscher.net\/ch\/#\/schema\/person\/8fd9e2307c4694c2c9c33466724cf84a","name":"Michael H\u00fcbscher","image":{"@type":"ImageObject","inLanguage":"de-CH","@id":"https:\/\/www.huebscher.net\/ch\/#\/schema\/person\/image\/","url":"https:\/\/secure.gravatar.com\/avatar\/9d37c03c19a40806617c92be68dacdfd?s=96&d=mm&r=g","contentUrl":"https:\/\/secure.gravatar.com\/avatar\/9d37c03c19a40806617c92be68dacdfd?s=96&d=mm&r=g","caption":"Michael H\u00fcbscher"},"sameAs":["https:\/\/huebscher.net"]}]}},"_links":{"self":[{"href":"https:\/\/www.huebscher.net\/ch\/wp-json\/wp\/v2\/posts\/2354"}],"collection":[{"href":"https:\/\/www.huebscher.net\/ch\/wp-json\/wp\/v2\/posts"}],"about":[{"href":"https:\/\/www.huebscher.net\/ch\/wp-json\/wp\/v2\/types\/post"}],"author":[{"embeddable":true,"href":"https:\/\/www.huebscher.net\/ch\/wp-json\/wp\/v2\/users\/2"}],"replies":[{"embeddable":true,"href":"https:\/\/www.huebscher.net\/ch\/wp-json\/wp\/v2\/comments?post=2354"}],"version-history":[{"count":5,"href":"https:\/\/www.huebscher.net\/ch\/wp-json\/wp\/v2\/posts\/2354\/revisions"}],"predecessor-version":[{"id":9111,"href":"https:\/\/www.huebscher.net\/ch\/wp-json\/wp\/v2\/posts\/2354\/revisions\/9111"}],"wp:featuredmedia":[{"embeddable":true,"href":"https:\/\/www.huebscher.net\/ch\/wp-json\/wp\/v2\/media\/2357"}],"wp:attachment":[{"href":"https:\/\/www.huebscher.net\/ch\/wp-json\/wp\/v2\/media?parent=2354"}],"wp:term":[{"taxonomy":"category","embeddable":true,"href":"https:\/\/www.huebscher.net\/ch\/wp-json\/wp\/v2\/categories?post=2354"},{"taxonomy":"post_tag","embeddable":true,"href":"https:\/\/www.huebscher.net\/ch\/wp-json\/wp\/v2\/tags?post=2354"}],"curies":[{"name":"wp","href":"https:\/\/api.w.org\/{rel}","templated":true}]}}