{"id":2253,"date":"2016-09-19T17:04:20","date_gmt":"2016-09-19T15:04:20","guid":{"rendered":"https:\/\/huebscher-holzbau.ch\/?p=2253"},"modified":"2024-06-17T12:01:52","modified_gmt":"2024-06-17T10:01:52","slug":"produktionsstart-fur-halle622","status":"publish","type":"post","link":"https:\/\/www.huebscher.net\/ch\/produktionsstart-fur-halle622\/","title":{"rendered":"Produktionsstart f\u00fcr halle622"},"content":{"rendered":"<p><img fetchpriority=\"high\" decoding=\"async\" class=\"alignnone wp-image-2254 size-medium\" src=\"https:\/\/huebscher.net\/media\/160503_Saal_final4_kl_1-1097x720.jpg\" alt=\"Produktionsstart f\u00fcr halle622\" width=\"1097\" height=\"720\" srcset=\"https:\/\/www.huebscher.net\/media\/160503_Saal_final4_kl_1-1097x720.jpg 1097w, https:\/\/www.huebscher.net\/media\/160503_Saal_final4_kl_1-768x504.jpg 768w, https:\/\/www.huebscher.net\/media\/160503_Saal_final4_kl_1-350x230.jpg 350w, https:\/\/www.huebscher.net\/media\/160503_Saal_final4_kl_1.jpg 1408w\" sizes=\"(max-width: 1097px) 100vw, 1097px\" \/><\/p>\n<div class=\"fusion-one-full fusion-layout-column fusion-column-last fusion-spacing-yes\">\n<div class=\"fusion-column-wrapper\">\n<h1 data-fontsize=\"50\" data-lineheight=\"58\">Halle 622 \u2013 die neue, zentrale Event- und Konzertlocation direkt beim Bahnhof Z\u00fcrich Oerlikon<\/h1>\n<div class=\"fusion-clearfix\"><strong>Die Industriehalle 622<\/strong> wurde von der ABB Schweiz gebaut und diente bis 2012 der Produktion von Hochspannungsapparaturen.<\/div>\n<\/div>\n<\/div>\n<div class=\"fusion-one-full fusion-layout-column fusion-column-last fusion-spacing-yes\">\n<div class=\"fusion-column-wrapper fusion-animated\" data-animationtype=\"fadeInUp\" data-animationduration=\"0.7\" data-animationoffset=\"100%\">\n<p>Nach einem Umbau im Sp\u00e4tsommer 2016, werden die ehemaligen Industriehallen im Januar 2017 neu er\u00f6ffnet und als multifunktionale Event- und Konzertlocation durch die MAAG Music &amp; Arts AG betrieben.<\/p>\n<div id=\"post-content-909\" class=\"sh-content post-content sh-show\">\n<p>Mit einer Gesamtfl\u00e4che von 4\u2018200m2, ist die Halle 622 die perfekte Location f\u00fcr Messen, Ausstellungen, Konferenzen, Generalversammlungen, Galadinners, Firmenfeiern, Shows und Konzerte. Mit einer Kapazit\u00e4t von bis zu 1500 Personen bei Businessanl\u00e4ssen und bis zu 3500 Personen im Konzertlayout, ist die Halle 622 die ideale Location f\u00fcr jegliche Art von Anl\u00e4ssen. Die zentrale Lage direkt neben dem Bahnhof in Z\u00fcrich Oerlikon und die dadurch sehr gute Anbindung an den \u00f6ffentlichen Verkehr, sowie ausreichende Parkm\u00f6glichkeiten und Hotels in der nahen Umgebung sind weitere Vorteile der neuen Eventhalle.<\/p>\n<p>Weitere Informationen unter: \u00a0http:\/\/halle622.ch<\/p>\n<\/div>\n<\/div>\n<\/div>\n","protected":false},"excerpt":{"rendered":"<p>Halle 622 \u2013 die neue, zentrale Event- und Konzertlocation direkt beim Bahnhof Z\u00fcrich Oerlikon Die Industriehalle 622 wurde von der ABB Schweiz gebaut und diente bis 2012 der Produktion von Hochspannungsapparaturen. Nach einem Umbau im Sp\u00e4tsommer 2016, werden die ehemaligen Industriehallen im Januar 2017 neu er\u00f6ffnet und als multifunktionale Event- und Konzertlocation durch die MAAG&hellip;<\/p>\n","protected":false},"author":2,"featured_media":3925,"comment_status":"open","ping_status":"open","sticky":false,"template":"","format":"standard","meta":{"_acf_changed":false,"_monsterinsights_skip_tracking":false,"_monsterinsights_sitenote_active":false,"_monsterinsights_sitenote_note":"","_monsterinsights_sitenote_category":0,"_genesis_hide_title":false,"_genesis_hide_breadcrumbs":false,"_genesis_hide_singular_image":false,"_genesis_hide_footer_widgets":false,"_genesis_custom_body_class":"","_genesis_custom_post_class":"","_genesis_layout":"","footnotes":""},"categories":[40,39],"tags":[],"class_list":{"0":"post-2253","1":"post","2":"type-post","3":"status-publish","4":"format-standard","5":"has-post-thumbnail","7":"category-im-bau","8":"category-news","9":"entry"},"acf":[],"yoast_head":"<!-- This site is optimized with the Yoast SEO Premium plugin v25.2 (Yoast SEO v25.2) - https:\/\/yoast.com\/wordpress\/plugins\/seo\/ -->\n<title>Produktionsstart f\u00fcr halle622 - H\u00dcBSCHER HOLZBAU<\/title>\n<meta name=\"description\" content=\"Halle 622 \u2013 die neue Event- und Konzertlocation beim Bahnhof Z\u00fcrich Oerlikon. Sie diente bis 2012 der Produktion von Hochspannungsapparaturen.\" \/>\n<meta name=\"robots\" content=\"index, follow, max-snippet:-1, max-image-preview:large, max-video-preview:-1\" \/>\n<link rel=\"canonical\" href=\"https:\/\/www.huebscher.net\/ch\/produktionsstart-fur-halle622\/\" \/>\n<meta property=\"og:locale\" content=\"de_DE\" \/>\n<meta property=\"og:type\" content=\"article\" \/>\n<meta property=\"og:title\" content=\"Produktionsstart f\u00fcr halle622\" \/>\n<meta property=\"og:description\" content=\"Halle 622 \u2013 die neue Event- und Konzertlocation beim Bahnhof Z\u00fcrich Oerlikon. Sie diente bis 2012 der Produktion von Hochspannungsapparaturen.\" \/>\n<meta property=\"og:url\" content=\"https:\/\/www.huebscher.net\/ch\/produktionsstart-fur-halle622\/\" \/>\n<meta property=\"og:site_name\" content=\"H\u00dcBSCHER HOLZBAU\" \/>\n<meta property=\"article:publisher\" content=\"http:\/\/facebook.com\/huebscher.holzbau\" \/>\n<meta property=\"article:published_time\" content=\"2016-09-19T15:04:20+00:00\" \/>\n<meta property=\"article:modified_time\" content=\"2024-06-17T10:01:52+00:00\" \/>\n<meta property=\"og:image\" content=\"https:\/\/www.huebscher.net\/media\/160503_Saal_final4_kl_1-1.jpg\" \/>\n\t<meta property=\"og:image:width\" content=\"1500\" \/>\n\t<meta property=\"og:image:height\" content=\"984\" \/>\n\t<meta property=\"og:image:type\" content=\"image\/jpeg\" \/>\n<meta name=\"author\" content=\"Michael H\u00fcbscher\" \/>\n<meta name=\"twitter:card\" content=\"summary_large_image\" \/>\n<meta name=\"twitter:label1\" content=\"Geschrieben von\" \/>\n\t<meta name=\"twitter:data1\" content=\"Michael H\u00fcbscher\" \/>\n\t<meta name=\"twitter:label2\" content=\"Gesch\u00e4tzte Lesezeit\" \/>\n\t<meta name=\"twitter:data2\" content=\"2 Minuten\" \/>\n<script type=\"application\/ld+json\" class=\"yoast-schema-graph\">{\"@context\":\"https:\/\/schema.org\",\"@graph\":[{\"@type\":\"Article\",\"@id\":\"https:\/\/www.huebscher.net\/ch\/produktionsstart-fur-halle622\/#article\",\"isPartOf\":{\"@id\":\"https:\/\/www.huebscher.net\/ch\/produktionsstart-fur-halle622\/\"},\"author\":{\"name\":\"Michael H\u00fcbscher\",\"@id\":\"https:\/\/www.huebscher.net\/ch\/#\/schema\/person\/8fd9e2307c4694c2c9c33466724cf84a\"},\"headline\":\"Produktionsstart f\u00fcr halle622\",\"datePublished\":\"2016-09-19T15:04:20+00:00\",\"dateModified\":\"2024-06-17T10:01:52+00:00\",\"mainEntityOfPage\":{\"@id\":\"https:\/\/www.huebscher.net\/ch\/produktionsstart-fur-halle622\/\"},\"wordCount\":157,\"commentCount\":0,\"publisher\":{\"@id\":\"https:\/\/www.huebscher.net\/ch\/#organization\"},\"image\":{\"@id\":\"https:\/\/www.huebscher.net\/ch\/produktionsstart-fur-halle622\/#primaryimage\"},\"thumbnailUrl\":\"https:\/\/www.huebscher.net\/media\/160503_Saal_final4_kl_1-1.jpg\",\"articleSection\":[\"Im Bau\",\"News\"],\"inLanguage\":\"de-CH\",\"potentialAction\":[{\"@type\":\"CommentAction\",\"name\":\"Comment\",\"target\":[\"https:\/\/www.huebscher.net\/ch\/produktionsstart-fur-halle622\/#respond\"]}]},{\"@type\":\"WebPage\",\"@id\":\"https:\/\/www.huebscher.net\/ch\/produktionsstart-fur-halle622\/\",\"url\":\"https:\/\/www.huebscher.net\/ch\/produktionsstart-fur-halle622\/\",\"name\":\"Produktionsstart f\u00fcr halle622 - H\u00dcBSCHER HOLZBAU\",\"isPartOf\":{\"@id\":\"https:\/\/www.huebscher.net\/ch\/#website\"},\"primaryImageOfPage\":{\"@id\":\"https:\/\/www.huebscher.net\/ch\/produktionsstart-fur-halle622\/#primaryimage\"},\"image\":{\"@id\":\"https:\/\/www.huebscher.net\/ch\/produktionsstart-fur-halle622\/#primaryimage\"},\"thumbnailUrl\":\"https:\/\/www.huebscher.net\/media\/160503_Saal_final4_kl_1-1.jpg\",\"datePublished\":\"2016-09-19T15:04:20+00:00\",\"dateModified\":\"2024-06-17T10:01:52+00:00\",\"description\":\"Halle 622 \u2013 die neue Event- und Konzertlocation beim Bahnhof Z\u00fcrich Oerlikon. Sie diente bis 2012 der Produktion von Hochspannungsapparaturen.\",\"breadcrumb\":{\"@id\":\"https:\/\/www.huebscher.net\/ch\/produktionsstart-fur-halle622\/#breadcrumb\"},\"inLanguage\":\"de-CH\",\"potentialAction\":[{\"@type\":\"ReadAction\",\"target\":[\"https:\/\/www.huebscher.net\/ch\/produktionsstart-fur-halle622\/\"]}]},{\"@type\":\"ImageObject\",\"inLanguage\":\"de-CH\",\"@id\":\"https:\/\/www.huebscher.net\/ch\/produktionsstart-fur-halle622\/#primaryimage\",\"url\":\"https:\/\/www.huebscher.net\/media\/160503_Saal_final4_kl_1-1.jpg\",\"contentUrl\":\"https:\/\/www.huebscher.net\/media\/160503_Saal_final4_kl_1-1.jpg\",\"width\":1500,\"height\":984,\"caption\":\"Produktionsstart f\u00fcr halle622\"},{\"@type\":\"BreadcrumbList\",\"@id\":\"https:\/\/www.huebscher.net\/ch\/produktionsstart-fur-halle622\/#breadcrumb\",\"itemListElement\":[{\"@type\":\"ListItem\",\"position\":1,\"name\":\"Home\",\"item\":\"https:\/\/www.huebscher.net\/ch\/\"},{\"@type\":\"ListItem\",\"position\":2,\"name\":\"Produktionsstart f\u00fcr halle622\"}]},{\"@type\":\"WebSite\",\"@id\":\"https:\/\/www.huebscher.net\/ch\/#website\",\"url\":\"https:\/\/www.huebscher.net\/ch\/\",\"name\":\"H\u00fcbscher Holzbau\",\"description\":\"H\u00fcbscher Holzbau AG\",\"publisher\":{\"@id\":\"https:\/\/www.huebscher.net\/ch\/#organization\"},\"alternateName\":\"H\u00fcbscher Holzbau\",\"potentialAction\":[{\"@type\":\"SearchAction\",\"target\":{\"@type\":\"EntryPoint\",\"urlTemplate\":\"https:\/\/www.huebscher.net\/ch\/?s={search_term_string}\"},\"query-input\":{\"@type\":\"PropertyValueSpecification\",\"valueRequired\":true,\"valueName\":\"search_term_string\"}}],\"inLanguage\":\"de-CH\"},{\"@type\":\"Organization\",\"@id\":\"https:\/\/www.huebscher.net\/ch\/#organization\",\"name\":\"H\u00fcbscher Holzbau\",\"alternateName\":\"H\u00fcbscher Holzbau\",\"url\":\"https:\/\/www.huebscher.net\/ch\/\",\"logo\":{\"@type\":\"ImageObject\",\"inLanguage\":\"de-CH\",\"@id\":\"https:\/\/www.huebscher.net\/ch\/#\/schema\/logo\/image\/\",\"url\":\"https:\/\/www.huebscher.net\/media\/huebscher_logo_def.png\",\"contentUrl\":\"https:\/\/www.huebscher.net\/media\/huebscher_logo_def.png\",\"width\":220,\"height\":110,\"caption\":\"H\u00fcbscher Holzbau\"},\"image\":{\"@id\":\"https:\/\/www.huebscher.net\/ch\/#\/schema\/logo\/image\/\"},\"sameAs\":[\"http:\/\/facebook.com\/huebscher.holzbau\",\"https:\/\/pt.linkedin.com\/organization-guest\/company\/huebscher-holzbau\",\"https:\/\/www.instagram.com\/huebscherholzbau\/\"]},{\"@type\":\"Person\",\"@id\":\"https:\/\/www.huebscher.net\/ch\/#\/schema\/person\/8fd9e2307c4694c2c9c33466724cf84a\",\"name\":\"Michael H\u00fcbscher\",\"image\":{\"@type\":\"ImageObject\",\"inLanguage\":\"de-CH\",\"@id\":\"https:\/\/www.huebscher.net\/ch\/#\/schema\/person\/image\/\",\"url\":\"https:\/\/secure.gravatar.com\/avatar\/9d37c03c19a40806617c92be68dacdfd?s=96&d=mm&r=g\",\"contentUrl\":\"https:\/\/secure.gravatar.com\/avatar\/9d37c03c19a40806617c92be68dacdfd?s=96&d=mm&r=g\",\"caption\":\"Michael H\u00fcbscher\"},\"sameAs\":[\"https:\/\/huebscher.net\"]}]}<\/script>\n<!-- \/ Yoast SEO Premium plugin. -->","yoast_head_json":{"title":"Produktionsstart f\u00fcr halle622 - H\u00dcBSCHER HOLZBAU","description":"Halle 622 \u2013 die neue Event- und Konzertlocation beim Bahnhof Z\u00fcrich Oerlikon. Sie diente bis 2012 der Produktion von Hochspannungsapparaturen.","robots":{"index":"index","follow":"follow","max-snippet":"max-snippet:-1","max-image-preview":"max-image-preview:large","max-video-preview":"max-video-preview:-1"},"canonical":"https:\/\/www.huebscher.net\/ch\/produktionsstart-fur-halle622\/","og_locale":"de_DE","og_type":"article","og_title":"Produktionsstart f\u00fcr halle622","og_description":"Halle 622 \u2013 die neue Event- und Konzertlocation beim Bahnhof Z\u00fcrich Oerlikon. Sie diente bis 2012 der Produktion von Hochspannungsapparaturen.","og_url":"https:\/\/www.huebscher.net\/ch\/produktionsstart-fur-halle622\/","og_site_name":"H\u00dcBSCHER HOLZBAU","article_publisher":"http:\/\/facebook.com\/huebscher.holzbau","article_published_time":"2016-09-19T15:04:20+00:00","article_modified_time":"2024-06-17T10:01:52+00:00","og_image":[{"width":1500,"height":984,"url":"https:\/\/www.huebscher.net\/media\/160503_Saal_final4_kl_1-1.jpg","type":"image\/jpeg"}],"author":"Michael H\u00fcbscher","twitter_card":"summary_large_image","twitter_misc":{"Geschrieben von":"Michael H\u00fcbscher","Gesch\u00e4tzte Lesezeit":"2 Minuten"},"schema":{"@context":"https:\/\/schema.org","@graph":[{"@type":"Article","@id":"https:\/\/www.huebscher.net\/ch\/produktionsstart-fur-halle622\/#article","isPartOf":{"@id":"https:\/\/www.huebscher.net\/ch\/produktionsstart-fur-halle622\/"},"author":{"name":"Michael H\u00fcbscher","@id":"https:\/\/www.huebscher.net\/ch\/#\/schema\/person\/8fd9e2307c4694c2c9c33466724cf84a"},"headline":"Produktionsstart f\u00fcr halle622","datePublished":"2016-09-19T15:04:20+00:00","dateModified":"2024-06-17T10:01:52+00:00","mainEntityOfPage":{"@id":"https:\/\/www.huebscher.net\/ch\/produktionsstart-fur-halle622\/"},"wordCount":157,"commentCount":0,"publisher":{"@id":"https:\/\/www.huebscher.net\/ch\/#organization"},"image":{"@id":"https:\/\/www.huebscher.net\/ch\/produktionsstart-fur-halle622\/#primaryimage"},"thumbnailUrl":"https:\/\/www.huebscher.net\/media\/160503_Saal_final4_kl_1-1.jpg","articleSection":["Im Bau","News"],"inLanguage":"de-CH","potentialAction":[{"@type":"CommentAction","name":"Comment","target":["https:\/\/www.huebscher.net\/ch\/produktionsstart-fur-halle622\/#respond"]}]},{"@type":"WebPage","@id":"https:\/\/www.huebscher.net\/ch\/produktionsstart-fur-halle622\/","url":"https:\/\/www.huebscher.net\/ch\/produktionsstart-fur-halle622\/","name":"Produktionsstart f\u00fcr halle622 - H\u00dcBSCHER HOLZBAU","isPartOf":{"@id":"https:\/\/www.huebscher.net\/ch\/#website"},"primaryImageOfPage":{"@id":"https:\/\/www.huebscher.net\/ch\/produktionsstart-fur-halle622\/#primaryimage"},"image":{"@id":"https:\/\/www.huebscher.net\/ch\/produktionsstart-fur-halle622\/#primaryimage"},"thumbnailUrl":"https:\/\/www.huebscher.net\/media\/160503_Saal_final4_kl_1-1.jpg","datePublished":"2016-09-19T15:04:20+00:00","dateModified":"2024-06-17T10:01:52+00:00","description":"Halle 622 \u2013 die neue Event- und Konzertlocation beim Bahnhof Z\u00fcrich Oerlikon. Sie diente bis 2012 der Produktion von Hochspannungsapparaturen.","breadcrumb":{"@id":"https:\/\/www.huebscher.net\/ch\/produktionsstart-fur-halle622\/#breadcrumb"},"inLanguage":"de-CH","potentialAction":[{"@type":"ReadAction","target":["https:\/\/www.huebscher.net\/ch\/produktionsstart-fur-halle622\/"]}]},{"@type":"ImageObject","inLanguage":"de-CH","@id":"https:\/\/www.huebscher.net\/ch\/produktionsstart-fur-halle622\/#primaryimage","url":"https:\/\/www.huebscher.net\/media\/160503_Saal_final4_kl_1-1.jpg","contentUrl":"https:\/\/www.huebscher.net\/media\/160503_Saal_final4_kl_1-1.jpg","width":1500,"height":984,"caption":"Produktionsstart f\u00fcr halle622"},{"@type":"BreadcrumbList","@id":"https:\/\/www.huebscher.net\/ch\/produktionsstart-fur-halle622\/#breadcrumb","itemListElement":[{"@type":"ListItem","position":1,"name":"Home","item":"https:\/\/www.huebscher.net\/ch\/"},{"@type":"ListItem","position":2,"name":"Produktionsstart f\u00fcr halle622"}]},{"@type":"WebSite","@id":"https:\/\/www.huebscher.net\/ch\/#website","url":"https:\/\/www.huebscher.net\/ch\/","name":"H\u00fcbscher Holzbau","description":"H\u00fcbscher Holzbau AG","publisher":{"@id":"https:\/\/www.huebscher.net\/ch\/#organization"},"alternateName":"H\u00fcbscher Holzbau","potentialAction":[{"@type":"SearchAction","target":{"@type":"EntryPoint","urlTemplate":"https:\/\/www.huebscher.net\/ch\/?s={search_term_string}"},"query-input":{"@type":"PropertyValueSpecification","valueRequired":true,"valueName":"search_term_string"}}],"inLanguage":"de-CH"},{"@type":"Organization","@id":"https:\/\/www.huebscher.net\/ch\/#organization","name":"H\u00fcbscher Holzbau","alternateName":"H\u00fcbscher Holzbau","url":"https:\/\/www.huebscher.net\/ch\/","logo":{"@type":"ImageObject","inLanguage":"de-CH","@id":"https:\/\/www.huebscher.net\/ch\/#\/schema\/logo\/image\/","url":"https:\/\/www.huebscher.net\/media\/huebscher_logo_def.png","contentUrl":"https:\/\/www.huebscher.net\/media\/huebscher_logo_def.png","width":220,"height":110,"caption":"H\u00fcbscher Holzbau"},"image":{"@id":"https:\/\/www.huebscher.net\/ch\/#\/schema\/logo\/image\/"},"sameAs":["http:\/\/facebook.com\/huebscher.holzbau","https:\/\/pt.linkedin.com\/organization-guest\/company\/huebscher-holzbau","https:\/\/www.instagram.com\/huebscherholzbau\/"]},{"@type":"Person","@id":"https:\/\/www.huebscher.net\/ch\/#\/schema\/person\/8fd9e2307c4694c2c9c33466724cf84a","name":"Michael H\u00fcbscher","image":{"@type":"ImageObject","inLanguage":"de-CH","@id":"https:\/\/www.huebscher.net\/ch\/#\/schema\/person\/image\/","url":"https:\/\/secure.gravatar.com\/avatar\/9d37c03c19a40806617c92be68dacdfd?s=96&d=mm&r=g","contentUrl":"https:\/\/secure.gravatar.com\/avatar\/9d37c03c19a40806617c92be68dacdfd?s=96&d=mm&r=g","caption":"Michael H\u00fcbscher"},"sameAs":["https:\/\/huebscher.net"]}]}},"_links":{"self":[{"href":"https:\/\/www.huebscher.net\/ch\/wp-json\/wp\/v2\/posts\/2253"}],"collection":[{"href":"https:\/\/www.huebscher.net\/ch\/wp-json\/wp\/v2\/posts"}],"about":[{"href":"https:\/\/www.huebscher.net\/ch\/wp-json\/wp\/v2\/types\/post"}],"author":[{"embeddable":true,"href":"https:\/\/www.huebscher.net\/ch\/wp-json\/wp\/v2\/users\/2"}],"replies":[{"embeddable":true,"href":"https:\/\/www.huebscher.net\/ch\/wp-json\/wp\/v2\/comments?post=2253"}],"version-history":[{"count":5,"href":"https:\/\/www.huebscher.net\/ch\/wp-json\/wp\/v2\/posts\/2253\/revisions"}],"predecessor-version":[{"id":9115,"href":"https:\/\/www.huebscher.net\/ch\/wp-json\/wp\/v2\/posts\/2253\/revisions\/9115"}],"wp:featuredmedia":[{"embeddable":true,"href":"https:\/\/www.huebscher.net\/ch\/wp-json\/wp\/v2\/media\/3925"}],"wp:attachment":[{"href":"https:\/\/www.huebscher.net\/ch\/wp-json\/wp\/v2\/media?parent=2253"}],"wp:term":[{"taxonomy":"category","embeddable":true,"href":"https:\/\/www.huebscher.net\/ch\/wp-json\/wp\/v2\/categories?post=2253"},{"taxonomy":"post_tag","embeddable":true,"href":"https:\/\/www.huebscher.net\/ch\/wp-json\/wp\/v2\/tags?post=2253"}],"curies":[{"name":"wp","href":"https:\/\/api.w.org\/{rel}","templated":true}]}}