{"id":18893,"date":"2026-01-16T10:00:00","date_gmt":"2026-01-16T09:00:00","guid":{"rendered":"https:\/\/www.huebscher.net\/?p=18893"},"modified":"2026-01-20T09:27:12","modified_gmt":"2026-01-20T08:27:12","slug":"gruene-woche-2026","status":"publish","type":"post","link":"https:\/\/www.huebscher.net\/ch\/gruene-woche-2026\/","title":{"rendered":"Gr\u00fcne Woche 2026"},"content":{"rendered":"\n<p>Nachhaltigkeit trifft auf Messebau: Auch dieses Jahr durften wir Teil eines ganz besonderen Projekts sein. Vom 16. bis 25. Januar 2026 findet in Berlin die Internationale Gr\u00fcne Woche statt und der Messestand des Bundesministeriums f\u00fcr Ern\u00e4hrung und Landwirtschaft (BMEL) setzt erneut auf ein Tragwerk aus unserem Haus.<\/p>\n\n\n\n<p>Bereits im Jahr 2025 haben wir im Auftrag der ZENON GmbH Messebau die Tragkonstruktion f\u00fcr den BMEL-Stand geplant und umgesetzt \u2013 basierend auf dem architektonischen Entwurf von GTP2 Architekten. Der Clou: Die hochwertige Holzkonstruktion wurde gezielt so entwickelt, dass sie mehrfach eingesetzt werden kann.<\/p>\n\n\n\n<p>In diesem Jahr kam sie erneut zum Einsatz \u2013 ein starkes Zeichen f\u00fcr nachhaltiges Bauen, das Ressourcen spart und gleichzeitig \u00e4sthetisch \u00fcberzeugt.<\/p>\n\n\n\n<p>Warum sich der fr\u00fche Weg zu H\u00dcBSCHER lohnt:<\/p>\n\n\n\n<ul class=\"wp-block-list\">\n<li>Vorausschauende Planung: Wir denken mit, von Anfang an<\/li>\n\n\n\n<li>Schnelle Umsetzung: Durch klare Abl\u00e4ufe und Erfahrung<\/li>\n\n\n\n<li>Nachhaltige L\u00f6sungen: Wiederverwendbare Konstruktionen mit Pr\u00e4zision gebaut<\/li>\n<\/ul>\n\n\n\n<p>Wir danken allen Projektbeteiligten f\u00fcr das Vertrauen und die hervorragende Zusammenarbeit. Solche Partnerschaften zeigen, wie Architektur, Holzbau und Kommunikation ineinandergreifen k\u00f6nnen \u2013 f\u00fcr ein gelungenes Messeerlebnis mit Weitblick.<\/p>\n\n\n\n<p>Sie m\u00f6chten mehr \u00fcber unsere L\u00f6sungen im Messebau oder tempor\u00e4ren Holzbau erfahren?<\/p>\n\n\n\n<p>Kontaktieren Sie uns! Wir beraten Sie gerne.<\/p>\n\n\n\n<figure class=\"wp-block-gallery has-nested-images columns-default is-cropped wp-block-gallery-1 is-layout-flex wp-block-gallery-is-layout-flex\">\n<figure class=\"wp-block-image size-large\"><img fetchpriority=\"high\" decoding=\"async\" width=\"864\" height=\"1080\" data-id=\"18949\" src=\"https:\/\/www.huebscher.net\/media\/5-7-864x1080.png\" alt=\"\" class=\"wp-image-18949\" srcset=\"https:\/\/www.huebscher.net\/media\/5-7-864x1080.png 864w, https:\/\/www.huebscher.net\/media\/5-7-576x720.png 576w, https:\/\/www.huebscher.net\/media\/5-7-768x960.png 768w, https:\/\/www.huebscher.net\/media\/5-7-350x438.png 350w, https:\/\/www.huebscher.net\/media\/5-7.png 1080w\" sizes=\"(max-width: 864px) 100vw, 864px\" \/><\/figure>\n\n\n\n<figure class=\"wp-block-image size-large\"><img decoding=\"async\" width=\"864\" height=\"1080\" data-id=\"18947\" src=\"https:\/\/www.huebscher.net\/media\/4-7-864x1080.png\" alt=\"\" class=\"wp-image-18947\" srcset=\"https:\/\/www.huebscher.net\/media\/4-7-864x1080.png 864w, https:\/\/www.huebscher.net\/media\/4-7-576x720.png 576w, https:\/\/www.huebscher.net\/media\/4-7-768x960.png 768w, https:\/\/www.huebscher.net\/media\/4-7-350x438.png 350w, https:\/\/www.huebscher.net\/media\/4-7.png 1080w\" sizes=\"(max-width: 864px) 100vw, 864px\" \/><\/figure>\n\n\n\n<figure class=\"wp-block-image size-large\"><img decoding=\"async\" width=\"864\" height=\"1080\" data-id=\"18945\" src=\"https:\/\/www.huebscher.net\/media\/3-6-864x1080.png\" alt=\"\" class=\"wp-image-18945\" srcset=\"https:\/\/www.huebscher.net\/media\/3-6-864x1080.png 864w, https:\/\/www.huebscher.net\/media\/3-6-576x720.png 576w, https:\/\/www.huebscher.net\/media\/3-6-768x960.png 768w, https:\/\/www.huebscher.net\/media\/3-6-350x438.png 350w, https:\/\/www.huebscher.net\/media\/3-6.png 1080w\" sizes=\"(max-width: 864px) 100vw, 864px\" \/><\/figure>\n\n\n\n<figure class=\"wp-block-image size-large\"><img loading=\"lazy\" decoding=\"async\" width=\"864\" height=\"1080\" data-id=\"18943\" src=\"https:\/\/www.huebscher.net\/media\/2-9-864x1080.png\" alt=\"\" class=\"wp-image-18943\" srcset=\"https:\/\/www.huebscher.net\/media\/2-9-864x1080.png 864w, https:\/\/www.huebscher.net\/media\/2-9-576x720.png 576w, https:\/\/www.huebscher.net\/media\/2-9-768x960.png 768w, https:\/\/www.huebscher.net\/media\/2-9-350x438.png 350w, https:\/\/www.huebscher.net\/media\/2-9.png 1080w\" sizes=\"(max-width: 864px) 100vw, 864px\" \/><\/figure>\n<\/figure>\n","protected":false},"excerpt":{"rendered":"<p>Nachhaltigkeit trifft auf Messebau: Auch dieses Jahr durften wir Teil eines ganz besonderen Projekts sein. Vom 16. bis 25. Januar 2026 findet in Berlin die Internationale Gr\u00fcne Woche statt und der Messestand des Bundesministeriums f\u00fcr Ern\u00e4hrung und Landwirtschaft (BMEL) setzt erneut auf ein Tragwerk aus unserem Haus. Bereits im Jahr 2025 haben wir im Auftrag&hellip;<\/p>\n","protected":false},"author":6,"featured_media":18941,"comment_status":"closed","ping_status":"closed","sticky":false,"template":"","format":"standard","meta":{"_acf_changed":false,"_monsterinsights_skip_tracking":false,"_monsterinsights_sitenote_active":false,"_monsterinsights_sitenote_note":"","_monsterinsights_sitenote_category":0,"_genesis_hide_title":false,"_genesis_hide_breadcrumbs":false,"_genesis_hide_singular_image":false,"_genesis_hide_footer_widgets":false,"_genesis_custom_body_class":"","_genesis_custom_post_class":"","_genesis_layout":"","footnotes":""},"categories":[42],"tags":[],"class_list":{"0":"post-18893","1":"post","2":"type-post","3":"status-publish","4":"format-standard","5":"has-post-thumbnail","7":"category-veranstaltungen","8":"entry"},"acf":[],"yoast_head":"<!-- This site is optimized with the Yoast SEO Premium plugin v25.2 (Yoast SEO v25.2) - https:\/\/yoast.com\/wordpress\/plugins\/seo\/ -->\n<title>Gr\u00fcne Woche 2026 - H\u00dcBSCHER HOLZBAU<\/title>\n<meta name=\"robots\" content=\"index, follow, max-snippet:-1, max-image-preview:large, max-video-preview:-1\" \/>\n<link rel=\"canonical\" href=\"https:\/\/www.huebscher.net\/ch\/gruene-woche-2026\/\" \/>\n<meta property=\"og:locale\" content=\"de_DE\" \/>\n<meta property=\"og:type\" content=\"article\" \/>\n<meta property=\"og:title\" content=\"Gr\u00fcne Woche 2026\" \/>\n<meta property=\"og:description\" content=\"Nachhaltigkeit trifft auf Messebau: Auch dieses Jahr durften wir Teil eines ganz besonderen Projekts sein. Vom 16. bis 25. Januar 2026 findet in Berlin die Internationale Gr\u00fcne Woche statt und der Messestand des Bundesministeriums f\u00fcr Ern\u00e4hrung und Landwirtschaft (BMEL) setzt erneut auf ein Tragwerk aus unserem Haus. Bereits im Jahr 2025 haben wir im Auftrag&hellip;\" \/>\n<meta property=\"og:url\" content=\"https:\/\/www.huebscher.net\/ch\/gruene-woche-2026\/\" \/>\n<meta property=\"og:site_name\" content=\"H\u00dcBSCHER HOLZBAU\" \/>\n<meta property=\"article:publisher\" content=\"http:\/\/facebook.com\/huebscher.holzbau\" \/>\n<meta property=\"article:published_time\" content=\"2026-01-16T09:00:00+00:00\" \/>\n<meta property=\"article:modified_time\" content=\"2026-01-20T08:27:12+00:00\" \/>\n<meta property=\"og:image\" content=\"https:\/\/www.huebscher.net\/media\/1-7.png\" \/>\n\t<meta property=\"og:image:width\" content=\"1080\" \/>\n\t<meta property=\"og:image:height\" content=\"1350\" \/>\n\t<meta property=\"og:image:type\" content=\"image\/png\" \/>\n<meta name=\"author\" content=\"H\u00fcbscher 5\" \/>\n<meta name=\"twitter:card\" content=\"summary_large_image\" \/>\n<meta name=\"twitter:label1\" content=\"Geschrieben von\" \/>\n\t<meta name=\"twitter:data1\" content=\"H\u00fcbscher 5\" \/>\n\t<meta name=\"twitter:label2\" content=\"Gesch\u00e4tzte Lesezeit\" \/>\n\t<meta name=\"twitter:data2\" content=\"3 Minuten\" \/>\n<script type=\"application\/ld+json\" class=\"yoast-schema-graph\">{\"@context\":\"https:\/\/schema.org\",\"@graph\":[{\"@type\":\"Article\",\"@id\":\"https:\/\/www.huebscher.net\/ch\/gruene-woche-2026\/#article\",\"isPartOf\":{\"@id\":\"https:\/\/www.huebscher.net\/ch\/gruene-woche-2026\/\"},\"author\":{\"name\":\"H\u00fcbscher 5\",\"@id\":\"https:\/\/www.huebscher.net\/ch\/#\/schema\/person\/61797eb03cba52aa7a206f6ff3735df2\"},\"headline\":\"Gr\u00fcne Woche 2026\",\"datePublished\":\"2026-01-16T09:00:00+00:00\",\"dateModified\":\"2026-01-20T08:27:12+00:00\",\"mainEntityOfPage\":{\"@id\":\"https:\/\/www.huebscher.net\/ch\/gruene-woche-2026\/\"},\"wordCount\":202,\"publisher\":{\"@id\":\"https:\/\/www.huebscher.net\/ch\/#organization\"},\"image\":{\"@id\":\"https:\/\/www.huebscher.net\/ch\/gruene-woche-2026\/#primaryimage\"},\"thumbnailUrl\":\"https:\/\/www.huebscher.net\/media\/1-7.png\",\"articleSection\":[\"Veranstaltungen\"],\"inLanguage\":\"de-CH\"},{\"@type\":\"WebPage\",\"@id\":\"https:\/\/www.huebscher.net\/ch\/gruene-woche-2026\/\",\"url\":\"https:\/\/www.huebscher.net\/ch\/gruene-woche-2026\/\",\"name\":\"Gr\u00fcne Woche 2026 - H\u00dcBSCHER HOLZBAU\",\"isPartOf\":{\"@id\":\"https:\/\/www.huebscher.net\/ch\/#website\"},\"primaryImageOfPage\":{\"@id\":\"https:\/\/www.huebscher.net\/ch\/gruene-woche-2026\/#primaryimage\"},\"image\":{\"@id\":\"https:\/\/www.huebscher.net\/ch\/gruene-woche-2026\/#primaryimage\"},\"thumbnailUrl\":\"https:\/\/www.huebscher.net\/media\/1-7.png\",\"datePublished\":\"2026-01-16T09:00:00+00:00\",\"dateModified\":\"2026-01-20T08:27:12+00:00\",\"breadcrumb\":{\"@id\":\"https:\/\/www.huebscher.net\/ch\/gruene-woche-2026\/#breadcrumb\"},\"inLanguage\":\"de-CH\",\"potentialAction\":[{\"@type\":\"ReadAction\",\"target\":[\"https:\/\/www.huebscher.net\/ch\/gruene-woche-2026\/\"]}]},{\"@type\":\"ImageObject\",\"inLanguage\":\"de-CH\",\"@id\":\"https:\/\/www.huebscher.net\/ch\/gruene-woche-2026\/#primaryimage\",\"url\":\"https:\/\/www.huebscher.net\/media\/1-7.png\",\"contentUrl\":\"https:\/\/www.huebscher.net\/media\/1-7.png\",\"width\":1080,\"height\":1350},{\"@type\":\"BreadcrumbList\",\"@id\":\"https:\/\/www.huebscher.net\/ch\/gruene-woche-2026\/#breadcrumb\",\"itemListElement\":[{\"@type\":\"ListItem\",\"position\":1,\"name\":\"Home\",\"item\":\"https:\/\/www.huebscher.net\/ch\/\"},{\"@type\":\"ListItem\",\"position\":2,\"name\":\"Gr\u00fcne Woche 2026\"}]},{\"@type\":\"WebSite\",\"@id\":\"https:\/\/www.huebscher.net\/ch\/#website\",\"url\":\"https:\/\/www.huebscher.net\/ch\/\",\"name\":\"H\u00fcbscher Holzbau\",\"description\":\"H\u00fcbscher Holzbau AG\",\"publisher\":{\"@id\":\"https:\/\/www.huebscher.net\/ch\/#organization\"},\"alternateName\":\"H\u00fcbscher Holzbau\",\"potentialAction\":[{\"@type\":\"SearchAction\",\"target\":{\"@type\":\"EntryPoint\",\"urlTemplate\":\"https:\/\/www.huebscher.net\/ch\/?s={search_term_string}\"},\"query-input\":{\"@type\":\"PropertyValueSpecification\",\"valueRequired\":true,\"valueName\":\"search_term_string\"}}],\"inLanguage\":\"de-CH\"},{\"@type\":\"Organization\",\"@id\":\"https:\/\/www.huebscher.net\/ch\/#organization\",\"name\":\"H\u00fcbscher Holzbau\",\"alternateName\":\"H\u00fcbscher Holzbau\",\"url\":\"https:\/\/www.huebscher.net\/ch\/\",\"logo\":{\"@type\":\"ImageObject\",\"inLanguage\":\"de-CH\",\"@id\":\"https:\/\/www.huebscher.net\/ch\/#\/schema\/logo\/image\/\",\"url\":\"https:\/\/www.huebscher.net\/media\/huebscher_logo_def.png\",\"contentUrl\":\"https:\/\/www.huebscher.net\/media\/huebscher_logo_def.png\",\"width\":220,\"height\":110,\"caption\":\"H\u00fcbscher Holzbau\"},\"image\":{\"@id\":\"https:\/\/www.huebscher.net\/ch\/#\/schema\/logo\/image\/\"},\"sameAs\":[\"http:\/\/facebook.com\/huebscher.holzbau\",\"https:\/\/pt.linkedin.com\/organization-guest\/company\/huebscher-holzbau\",\"https:\/\/www.instagram.com\/huebscherholzbau\/\"]},{\"@type\":\"Person\",\"@id\":\"https:\/\/www.huebscher.net\/ch\/#\/schema\/person\/61797eb03cba52aa7a206f6ff3735df2\",\"name\":\"H\u00fcbscher 5\",\"image\":{\"@type\":\"ImageObject\",\"inLanguage\":\"de-CH\",\"@id\":\"https:\/\/www.huebscher.net\/ch\/#\/schema\/person\/image\/\",\"url\":\"https:\/\/secure.gravatar.com\/avatar\/6dc9404a18345585174fb56d6f2ad6ac?s=96&d=mm&r=g\",\"contentUrl\":\"https:\/\/secure.gravatar.com\/avatar\/6dc9404a18345585174fb56d6f2ad6ac?s=96&d=mm&r=g\",\"caption\":\"H\u00fcbscher 5\"},\"sameAs\":[\"http:\/\/www.neublck.de\"]}]}<\/script>\n<!-- \/ Yoast SEO Premium plugin. -->","yoast_head_json":{"title":"Gr\u00fcne Woche 2026 - H\u00dcBSCHER HOLZBAU","robots":{"index":"index","follow":"follow","max-snippet":"max-snippet:-1","max-image-preview":"max-image-preview:large","max-video-preview":"max-video-preview:-1"},"canonical":"https:\/\/www.huebscher.net\/ch\/gruene-woche-2026\/","og_locale":"de_DE","og_type":"article","og_title":"Gr\u00fcne Woche 2026","og_description":"Nachhaltigkeit trifft auf Messebau: Auch dieses Jahr durften wir Teil eines ganz besonderen Projekts sein. Vom 16. bis 25. Januar 2026 findet in Berlin die Internationale Gr\u00fcne Woche statt und der Messestand des Bundesministeriums f\u00fcr Ern\u00e4hrung und Landwirtschaft (BMEL) setzt erneut auf ein Tragwerk aus unserem Haus. Bereits im Jahr 2025 haben wir im Auftrag&hellip;","og_url":"https:\/\/www.huebscher.net\/ch\/gruene-woche-2026\/","og_site_name":"H\u00dcBSCHER HOLZBAU","article_publisher":"http:\/\/facebook.com\/huebscher.holzbau","article_published_time":"2026-01-16T09:00:00+00:00","article_modified_time":"2026-01-20T08:27:12+00:00","og_image":[{"width":1080,"height":1350,"url":"https:\/\/www.huebscher.net\/media\/1-7.png","type":"image\/png"}],"author":"H\u00fcbscher 5","twitter_card":"summary_large_image","twitter_misc":{"Geschrieben von":"H\u00fcbscher 5","Gesch\u00e4tzte Lesezeit":"3 Minuten"},"schema":{"@context":"https:\/\/schema.org","@graph":[{"@type":"Article","@id":"https:\/\/www.huebscher.net\/ch\/gruene-woche-2026\/#article","isPartOf":{"@id":"https:\/\/www.huebscher.net\/ch\/gruene-woche-2026\/"},"author":{"name":"H\u00fcbscher 5","@id":"https:\/\/www.huebscher.net\/ch\/#\/schema\/person\/61797eb03cba52aa7a206f6ff3735df2"},"headline":"Gr\u00fcne Woche 2026","datePublished":"2026-01-16T09:00:00+00:00","dateModified":"2026-01-20T08:27:12+00:00","mainEntityOfPage":{"@id":"https:\/\/www.huebscher.net\/ch\/gruene-woche-2026\/"},"wordCount":202,"publisher":{"@id":"https:\/\/www.huebscher.net\/ch\/#organization"},"image":{"@id":"https:\/\/www.huebscher.net\/ch\/gruene-woche-2026\/#primaryimage"},"thumbnailUrl":"https:\/\/www.huebscher.net\/media\/1-7.png","articleSection":["Veranstaltungen"],"inLanguage":"de-CH"},{"@type":"WebPage","@id":"https:\/\/www.huebscher.net\/ch\/gruene-woche-2026\/","url":"https:\/\/www.huebscher.net\/ch\/gruene-woche-2026\/","name":"Gr\u00fcne Woche 2026 - H\u00dcBSCHER HOLZBAU","isPartOf":{"@id":"https:\/\/www.huebscher.net\/ch\/#website"},"primaryImageOfPage":{"@id":"https:\/\/www.huebscher.net\/ch\/gruene-woche-2026\/#primaryimage"},"image":{"@id":"https:\/\/www.huebscher.net\/ch\/gruene-woche-2026\/#primaryimage"},"thumbnailUrl":"https:\/\/www.huebscher.net\/media\/1-7.png","datePublished":"2026-01-16T09:00:00+00:00","dateModified":"2026-01-20T08:27:12+00:00","breadcrumb":{"@id":"https:\/\/www.huebscher.net\/ch\/gruene-woche-2026\/#breadcrumb"},"inLanguage":"de-CH","potentialAction":[{"@type":"ReadAction","target":["https:\/\/www.huebscher.net\/ch\/gruene-woche-2026\/"]}]},{"@type":"ImageObject","inLanguage":"de-CH","@id":"https:\/\/www.huebscher.net\/ch\/gruene-woche-2026\/#primaryimage","url":"https:\/\/www.huebscher.net\/media\/1-7.png","contentUrl":"https:\/\/www.huebscher.net\/media\/1-7.png","width":1080,"height":1350},{"@type":"BreadcrumbList","@id":"https:\/\/www.huebscher.net\/ch\/gruene-woche-2026\/#breadcrumb","itemListElement":[{"@type":"ListItem","position":1,"name":"Home","item":"https:\/\/www.huebscher.net\/ch\/"},{"@type":"ListItem","position":2,"name":"Gr\u00fcne Woche 2026"}]},{"@type":"WebSite","@id":"https:\/\/www.huebscher.net\/ch\/#website","url":"https:\/\/www.huebscher.net\/ch\/","name":"H\u00fcbscher Holzbau","description":"H\u00fcbscher Holzbau AG","publisher":{"@id":"https:\/\/www.huebscher.net\/ch\/#organization"},"alternateName":"H\u00fcbscher Holzbau","potentialAction":[{"@type":"SearchAction","target":{"@type":"EntryPoint","urlTemplate":"https:\/\/www.huebscher.net\/ch\/?s={search_term_string}"},"query-input":{"@type":"PropertyValueSpecification","valueRequired":true,"valueName":"search_term_string"}}],"inLanguage":"de-CH"},{"@type":"Organization","@id":"https:\/\/www.huebscher.net\/ch\/#organization","name":"H\u00fcbscher Holzbau","alternateName":"H\u00fcbscher Holzbau","url":"https:\/\/www.huebscher.net\/ch\/","logo":{"@type":"ImageObject","inLanguage":"de-CH","@id":"https:\/\/www.huebscher.net\/ch\/#\/schema\/logo\/image\/","url":"https:\/\/www.huebscher.net\/media\/huebscher_logo_def.png","contentUrl":"https:\/\/www.huebscher.net\/media\/huebscher_logo_def.png","width":220,"height":110,"caption":"H\u00fcbscher Holzbau"},"image":{"@id":"https:\/\/www.huebscher.net\/ch\/#\/schema\/logo\/image\/"},"sameAs":["http:\/\/facebook.com\/huebscher.holzbau","https:\/\/pt.linkedin.com\/organization-guest\/company\/huebscher-holzbau","https:\/\/www.instagram.com\/huebscherholzbau\/"]},{"@type":"Person","@id":"https:\/\/www.huebscher.net\/ch\/#\/schema\/person\/61797eb03cba52aa7a206f6ff3735df2","name":"H\u00fcbscher 5","image":{"@type":"ImageObject","inLanguage":"de-CH","@id":"https:\/\/www.huebscher.net\/ch\/#\/schema\/person\/image\/","url":"https:\/\/secure.gravatar.com\/avatar\/6dc9404a18345585174fb56d6f2ad6ac?s=96&d=mm&r=g","contentUrl":"https:\/\/secure.gravatar.com\/avatar\/6dc9404a18345585174fb56d6f2ad6ac?s=96&d=mm&r=g","caption":"H\u00fcbscher 5"},"sameAs":["http:\/\/www.neublck.de"]}]}},"_links":{"self":[{"href":"https:\/\/www.huebscher.net\/ch\/wp-json\/wp\/v2\/posts\/18893"}],"collection":[{"href":"https:\/\/www.huebscher.net\/ch\/wp-json\/wp\/v2\/posts"}],"about":[{"href":"https:\/\/www.huebscher.net\/ch\/wp-json\/wp\/v2\/types\/post"}],"author":[{"embeddable":true,"href":"https:\/\/www.huebscher.net\/ch\/wp-json\/wp\/v2\/users\/6"}],"replies":[{"embeddable":true,"href":"https:\/\/www.huebscher.net\/ch\/wp-json\/wp\/v2\/comments?post=18893"}],"version-history":[{"count":2,"href":"https:\/\/www.huebscher.net\/ch\/wp-json\/wp\/v2\/posts\/18893\/revisions"}],"predecessor-version":[{"id":18952,"href":"https:\/\/www.huebscher.net\/ch\/wp-json\/wp\/v2\/posts\/18893\/revisions\/18952"}],"wp:featuredmedia":[{"embeddable":true,"href":"https:\/\/www.huebscher.net\/ch\/wp-json\/wp\/v2\/media\/18941"}],"wp:attachment":[{"href":"https:\/\/www.huebscher.net\/ch\/wp-json\/wp\/v2\/media?parent=18893"}],"wp:term":[{"taxonomy":"category","embeddable":true,"href":"https:\/\/www.huebscher.net\/ch\/wp-json\/wp\/v2\/categories?post=18893"},{"taxonomy":"post_tag","embeddable":true,"href":"https:\/\/www.huebscher.net\/ch\/wp-json\/wp\/v2\/tags?post=18893"}],"curies":[{"name":"wp","href":"https:\/\/api.w.org\/{rel}","templated":true}]}}