{"id":1530,"date":"2016-01-28T09:51:32","date_gmt":"2016-01-28T08:51:32","guid":{"rendered":"https:\/\/huebscher-holzbau.ch\/?p=1530"},"modified":"2024-06-17T12:03:14","modified_gmt":"2024-06-17T10:03:14","slug":"lap-2015-2","status":"publish","type":"post","link":"https:\/\/www.huebscher.net\/ch\/lap-2015-2\/","title":{"rendered":"LAP 2015 als Zimmermann"},"content":{"rendered":"<h1><img fetchpriority=\"high\" decoding=\"async\" class=\"alignnone wp-image-1531 size-full\" src=\"https:\/\/huebscher.net\/media\/Bildschirmfoto-2016-01-28-um-09.45.55.png\" alt=\"David Walter, Simon Schelker, Philipp Locher\" width=\"701\" height=\"352\" srcset=\"https:\/\/www.huebscher.net\/media\/Bildschirmfoto-2016-01-28-um-09.45.55.png 701w, https:\/\/www.huebscher.net\/media\/Bildschirmfoto-2016-01-28-um-09.45.55-350x176.png 350w\" sizes=\"(max-width: 701px) 100vw, 701px\" \/><\/h1>\n<h1>LAP 2015<\/h1>\n<p>Wir gratulieren (v.l.n.r.) David Walter (mit Auszeichnung), Simon Schelker, Philipp Locher (mit Auszeichnung) und Joscha Marquetant ganz herzlich zur bestanden LAP als Zimmermann!<\/p>\n<p>Wir w\u00fcnschen euch auf eurem weiteren Weg alles Gute!<\/p>\n","protected":false},"excerpt":{"rendered":"<p>LAP 2015 Wir gratulieren (v.l.n.r.) David Walter (mit Auszeichnung), Simon Schelker, Philipp Locher (mit Auszeichnung) und Joscha Marquetant ganz herzlich zur bestanden LAP als Zimmermann! Wir w\u00fcnschen euch auf eurem weiteren Weg alles Gute!<\/p>\n","protected":false},"author":2,"featured_media":3376,"comment_status":"open","ping_status":"open","sticky":false,"template":"","format":"standard","meta":{"_acf_changed":false,"_monsterinsights_skip_tracking":false,"_monsterinsights_sitenote_active":false,"_monsterinsights_sitenote_note":"","_monsterinsights_sitenote_category":0,"_genesis_hide_title":false,"_genesis_hide_breadcrumbs":false,"_genesis_hide_singular_image":false,"_genesis_hide_footer_widgets":false,"_genesis_custom_body_class":"","_genesis_custom_post_class":"","_genesis_layout":"","footnotes":""},"categories":[82,84,83,39],"tags":[],"class_list":{"0":"post-1530","1":"post","2":"type-post","3":"status-publish","4":"format-standard","5":"has-post-thumbnail","7":"category-auszeichnungen","8":"category-unternehmen","9":"category-lehrlinge","10":"category-news","11":"entry"},"acf":[],"yoast_head":"<!-- This site is optimized with the Yoast SEO Premium plugin v25.2 (Yoast SEO v25.2) - https:\/\/yoast.com\/wordpress\/plugins\/seo\/ -->\n<title>LAP 2015 als Zimmermann<\/title>\n<meta name=\"description\" content=\"Wir gratulieren David (mit Auszeichnung), Simon , Philipp (mit Auszeichnung) und Joscha ganz herzlich zur bestanden LAP als Zimmermann!\" \/>\n<meta name=\"robots\" content=\"index, follow, max-snippet:-1, max-image-preview:large, max-video-preview:-1\" \/>\n<link rel=\"canonical\" href=\"https:\/\/www.huebscher.net\/ch\/lap-2015-2\/\" \/>\n<meta property=\"og:locale\" content=\"de_DE\" \/>\n<meta property=\"og:type\" content=\"article\" \/>\n<meta property=\"og:title\" content=\"LAP 2015 als Zimmermann\" \/>\n<meta property=\"og:description\" content=\"Wir gratulieren David (mit Auszeichnung), Simon , Philipp (mit Auszeichnung) und Joscha ganz herzlich zur bestanden LAP als Zimmermann!\" \/>\n<meta property=\"og:url\" content=\"https:\/\/www.huebscher.net\/ch\/lap-2015-2\/\" \/>\n<meta property=\"og:site_name\" content=\"H\u00dcBSCHER HOLZBAU\" \/>\n<meta property=\"article:publisher\" content=\"http:\/\/facebook.com\/huebscher.holzbau\" \/>\n<meta property=\"article:published_time\" content=\"2016-01-28T08:51:32+00:00\" \/>\n<meta property=\"article:modified_time\" content=\"2024-06-17T10:03:14+00:00\" \/>\n<meta property=\"og:image\" content=\"https:\/\/www.huebscher.net\/media\/Lehrlinge2018-1.jpg\" \/>\n\t<meta property=\"og:image:width\" content=\"1500\" \/>\n\t<meta property=\"og:image:height\" content=\"1125\" \/>\n\t<meta property=\"og:image:type\" content=\"image\/jpeg\" \/>\n<meta name=\"author\" content=\"Michael H\u00fcbscher\" \/>\n<meta name=\"twitter:card\" content=\"summary_large_image\" \/>\n<meta name=\"twitter:label1\" content=\"Geschrieben von\" \/>\n\t<meta name=\"twitter:data1\" content=\"Michael H\u00fcbscher\" \/>\n\t<meta name=\"twitter:label2\" content=\"Gesch\u00e4tzte Lesezeit\" \/>\n\t<meta name=\"twitter:data2\" content=\"1 Minute\" \/>\n<script type=\"application\/ld+json\" class=\"yoast-schema-graph\">{\"@context\":\"https:\/\/schema.org\",\"@graph\":[{\"@type\":\"Article\",\"@id\":\"https:\/\/www.huebscher.net\/ch\/lap-2015-2\/#article\",\"isPartOf\":{\"@id\":\"https:\/\/www.huebscher.net\/ch\/lap-2015-2\/\"},\"author\":{\"name\":\"Michael H\u00fcbscher\",\"@id\":\"https:\/\/www.huebscher.net\/ch\/#\/schema\/person\/8fd9e2307c4694c2c9c33466724cf84a\"},\"headline\":\"LAP 2015 als Zimmermann\",\"datePublished\":\"2016-01-28T08:51:32+00:00\",\"dateModified\":\"2024-06-17T10:03:14+00:00\",\"mainEntityOfPage\":{\"@id\":\"https:\/\/www.huebscher.net\/ch\/lap-2015-2\/\"},\"wordCount\":40,\"commentCount\":0,\"publisher\":{\"@id\":\"https:\/\/www.huebscher.net\/ch\/#organization\"},\"image\":{\"@id\":\"https:\/\/www.huebscher.net\/ch\/lap-2015-2\/#primaryimage\"},\"thumbnailUrl\":\"https:\/\/www.huebscher.net\/media\/Lehrlinge2018-1.jpg\",\"articleSection\":[\"Auszeichnungen\",\"Intern\",\"Lehrlinge\",\"News\"],\"inLanguage\":\"de-CH\",\"potentialAction\":[{\"@type\":\"CommentAction\",\"name\":\"Comment\",\"target\":[\"https:\/\/www.huebscher.net\/ch\/lap-2015-2\/#respond\"]}]},{\"@type\":\"WebPage\",\"@id\":\"https:\/\/www.huebscher.net\/ch\/lap-2015-2\/\",\"url\":\"https:\/\/www.huebscher.net\/ch\/lap-2015-2\/\",\"name\":\"LAP 2015 als Zimmermann\",\"isPartOf\":{\"@id\":\"https:\/\/www.huebscher.net\/ch\/#website\"},\"primaryImageOfPage\":{\"@id\":\"https:\/\/www.huebscher.net\/ch\/lap-2015-2\/#primaryimage\"},\"image\":{\"@id\":\"https:\/\/www.huebscher.net\/ch\/lap-2015-2\/#primaryimage\"},\"thumbnailUrl\":\"https:\/\/www.huebscher.net\/media\/Lehrlinge2018-1.jpg\",\"datePublished\":\"2016-01-28T08:51:32+00:00\",\"dateModified\":\"2024-06-17T10:03:14+00:00\",\"description\":\"Wir gratulieren David (mit Auszeichnung), Simon , Philipp (mit Auszeichnung) und Joscha ganz herzlich zur bestanden LAP als Zimmermann!\",\"breadcrumb\":{\"@id\":\"https:\/\/www.huebscher.net\/ch\/lap-2015-2\/#breadcrumb\"},\"inLanguage\":\"de-CH\",\"potentialAction\":[{\"@type\":\"ReadAction\",\"target\":[\"https:\/\/www.huebscher.net\/ch\/lap-2015-2\/\"]}]},{\"@type\":\"ImageObject\",\"inLanguage\":\"de-CH\",\"@id\":\"https:\/\/www.huebscher.net\/ch\/lap-2015-2\/#primaryimage\",\"url\":\"https:\/\/www.huebscher.net\/media\/Lehrlinge2018-1.jpg\",\"contentUrl\":\"https:\/\/www.huebscher.net\/media\/Lehrlinge2018-1.jpg\",\"width\":1500,\"height\":1125,\"caption\":\"Nico Steinmeier, Fabian Tempini, Lars Tappolet, Neo Sch\u00e4fler\"},{\"@type\":\"BreadcrumbList\",\"@id\":\"https:\/\/www.huebscher.net\/ch\/lap-2015-2\/#breadcrumb\",\"itemListElement\":[{\"@type\":\"ListItem\",\"position\":1,\"name\":\"Home\",\"item\":\"https:\/\/www.huebscher.net\/ch\/\"},{\"@type\":\"ListItem\",\"position\":2,\"name\":\"LAP 2015 als Zimmermann\"}]},{\"@type\":\"WebSite\",\"@id\":\"https:\/\/www.huebscher.net\/ch\/#website\",\"url\":\"https:\/\/www.huebscher.net\/ch\/\",\"name\":\"H\u00fcbscher Holzbau\",\"description\":\"H\u00fcbscher Holzbau AG\",\"publisher\":{\"@id\":\"https:\/\/www.huebscher.net\/ch\/#organization\"},\"alternateName\":\"H\u00fcbscher Holzbau\",\"potentialAction\":[{\"@type\":\"SearchAction\",\"target\":{\"@type\":\"EntryPoint\",\"urlTemplate\":\"https:\/\/www.huebscher.net\/ch\/?s={search_term_string}\"},\"query-input\":{\"@type\":\"PropertyValueSpecification\",\"valueRequired\":true,\"valueName\":\"search_term_string\"}}],\"inLanguage\":\"de-CH\"},{\"@type\":\"Organization\",\"@id\":\"https:\/\/www.huebscher.net\/ch\/#organization\",\"name\":\"H\u00fcbscher Holzbau\",\"alternateName\":\"H\u00fcbscher Holzbau\",\"url\":\"https:\/\/www.huebscher.net\/ch\/\",\"logo\":{\"@type\":\"ImageObject\",\"inLanguage\":\"de-CH\",\"@id\":\"https:\/\/www.huebscher.net\/ch\/#\/schema\/logo\/image\/\",\"url\":\"https:\/\/www.huebscher.net\/media\/huebscher_logo_def.png\",\"contentUrl\":\"https:\/\/www.huebscher.net\/media\/huebscher_logo_def.png\",\"width\":220,\"height\":110,\"caption\":\"H\u00fcbscher Holzbau\"},\"image\":{\"@id\":\"https:\/\/www.huebscher.net\/ch\/#\/schema\/logo\/image\/\"},\"sameAs\":[\"http:\/\/facebook.com\/huebscher.holzbau\",\"https:\/\/pt.linkedin.com\/organization-guest\/company\/huebscher-holzbau\",\"https:\/\/www.instagram.com\/huebscherholzbau\/\"]},{\"@type\":\"Person\",\"@id\":\"https:\/\/www.huebscher.net\/ch\/#\/schema\/person\/8fd9e2307c4694c2c9c33466724cf84a\",\"name\":\"Michael H\u00fcbscher\",\"image\":{\"@type\":\"ImageObject\",\"inLanguage\":\"de-CH\",\"@id\":\"https:\/\/www.huebscher.net\/ch\/#\/schema\/person\/image\/\",\"url\":\"https:\/\/secure.gravatar.com\/avatar\/9d37c03c19a40806617c92be68dacdfd?s=96&d=mm&r=g\",\"contentUrl\":\"https:\/\/secure.gravatar.com\/avatar\/9d37c03c19a40806617c92be68dacdfd?s=96&d=mm&r=g\",\"caption\":\"Michael H\u00fcbscher\"},\"sameAs\":[\"https:\/\/huebscher.net\"]}]}<\/script>\n<!-- \/ Yoast SEO Premium plugin. -->","yoast_head_json":{"title":"LAP 2015 als Zimmermann","description":"Wir gratulieren David (mit Auszeichnung), Simon , Philipp (mit Auszeichnung) und Joscha ganz herzlich zur bestanden LAP als Zimmermann!","robots":{"index":"index","follow":"follow","max-snippet":"max-snippet:-1","max-image-preview":"max-image-preview:large","max-video-preview":"max-video-preview:-1"},"canonical":"https:\/\/www.huebscher.net\/ch\/lap-2015-2\/","og_locale":"de_DE","og_type":"article","og_title":"LAP 2015 als Zimmermann","og_description":"Wir gratulieren David (mit Auszeichnung), Simon , Philipp (mit Auszeichnung) und Joscha ganz herzlich zur bestanden LAP als Zimmermann!","og_url":"https:\/\/www.huebscher.net\/ch\/lap-2015-2\/","og_site_name":"H\u00dcBSCHER HOLZBAU","article_publisher":"http:\/\/facebook.com\/huebscher.holzbau","article_published_time":"2016-01-28T08:51:32+00:00","article_modified_time":"2024-06-17T10:03:14+00:00","og_image":[{"width":1500,"height":1125,"url":"https:\/\/www.huebscher.net\/media\/Lehrlinge2018-1.jpg","type":"image\/jpeg"}],"author":"Michael H\u00fcbscher","twitter_card":"summary_large_image","twitter_misc":{"Geschrieben von":"Michael H\u00fcbscher","Gesch\u00e4tzte Lesezeit":"1 Minute"},"schema":{"@context":"https:\/\/schema.org","@graph":[{"@type":"Article","@id":"https:\/\/www.huebscher.net\/ch\/lap-2015-2\/#article","isPartOf":{"@id":"https:\/\/www.huebscher.net\/ch\/lap-2015-2\/"},"author":{"name":"Michael H\u00fcbscher","@id":"https:\/\/www.huebscher.net\/ch\/#\/schema\/person\/8fd9e2307c4694c2c9c33466724cf84a"},"headline":"LAP 2015 als Zimmermann","datePublished":"2016-01-28T08:51:32+00:00","dateModified":"2024-06-17T10:03:14+00:00","mainEntityOfPage":{"@id":"https:\/\/www.huebscher.net\/ch\/lap-2015-2\/"},"wordCount":40,"commentCount":0,"publisher":{"@id":"https:\/\/www.huebscher.net\/ch\/#organization"},"image":{"@id":"https:\/\/www.huebscher.net\/ch\/lap-2015-2\/#primaryimage"},"thumbnailUrl":"https:\/\/www.huebscher.net\/media\/Lehrlinge2018-1.jpg","articleSection":["Auszeichnungen","Intern","Lehrlinge","News"],"inLanguage":"de-CH","potentialAction":[{"@type":"CommentAction","name":"Comment","target":["https:\/\/www.huebscher.net\/ch\/lap-2015-2\/#respond"]}]},{"@type":"WebPage","@id":"https:\/\/www.huebscher.net\/ch\/lap-2015-2\/","url":"https:\/\/www.huebscher.net\/ch\/lap-2015-2\/","name":"LAP 2015 als Zimmermann","isPartOf":{"@id":"https:\/\/www.huebscher.net\/ch\/#website"},"primaryImageOfPage":{"@id":"https:\/\/www.huebscher.net\/ch\/lap-2015-2\/#primaryimage"},"image":{"@id":"https:\/\/www.huebscher.net\/ch\/lap-2015-2\/#primaryimage"},"thumbnailUrl":"https:\/\/www.huebscher.net\/media\/Lehrlinge2018-1.jpg","datePublished":"2016-01-28T08:51:32+00:00","dateModified":"2024-06-17T10:03:14+00:00","description":"Wir gratulieren David (mit Auszeichnung), Simon , Philipp (mit Auszeichnung) und Joscha ganz herzlich zur bestanden LAP als Zimmermann!","breadcrumb":{"@id":"https:\/\/www.huebscher.net\/ch\/lap-2015-2\/#breadcrumb"},"inLanguage":"de-CH","potentialAction":[{"@type":"ReadAction","target":["https:\/\/www.huebscher.net\/ch\/lap-2015-2\/"]}]},{"@type":"ImageObject","inLanguage":"de-CH","@id":"https:\/\/www.huebscher.net\/ch\/lap-2015-2\/#primaryimage","url":"https:\/\/www.huebscher.net\/media\/Lehrlinge2018-1.jpg","contentUrl":"https:\/\/www.huebscher.net\/media\/Lehrlinge2018-1.jpg","width":1500,"height":1125,"caption":"Nico Steinmeier, Fabian Tempini, Lars Tappolet, Neo Sch\u00e4fler"},{"@type":"BreadcrumbList","@id":"https:\/\/www.huebscher.net\/ch\/lap-2015-2\/#breadcrumb","itemListElement":[{"@type":"ListItem","position":1,"name":"Home","item":"https:\/\/www.huebscher.net\/ch\/"},{"@type":"ListItem","position":2,"name":"LAP 2015 als Zimmermann"}]},{"@type":"WebSite","@id":"https:\/\/www.huebscher.net\/ch\/#website","url":"https:\/\/www.huebscher.net\/ch\/","name":"H\u00fcbscher Holzbau","description":"H\u00fcbscher Holzbau AG","publisher":{"@id":"https:\/\/www.huebscher.net\/ch\/#organization"},"alternateName":"H\u00fcbscher Holzbau","potentialAction":[{"@type":"SearchAction","target":{"@type":"EntryPoint","urlTemplate":"https:\/\/www.huebscher.net\/ch\/?s={search_term_string}"},"query-input":{"@type":"PropertyValueSpecification","valueRequired":true,"valueName":"search_term_string"}}],"inLanguage":"de-CH"},{"@type":"Organization","@id":"https:\/\/www.huebscher.net\/ch\/#organization","name":"H\u00fcbscher Holzbau","alternateName":"H\u00fcbscher Holzbau","url":"https:\/\/www.huebscher.net\/ch\/","logo":{"@type":"ImageObject","inLanguage":"de-CH","@id":"https:\/\/www.huebscher.net\/ch\/#\/schema\/logo\/image\/","url":"https:\/\/www.huebscher.net\/media\/huebscher_logo_def.png","contentUrl":"https:\/\/www.huebscher.net\/media\/huebscher_logo_def.png","width":220,"height":110,"caption":"H\u00fcbscher Holzbau"},"image":{"@id":"https:\/\/www.huebscher.net\/ch\/#\/schema\/logo\/image\/"},"sameAs":["http:\/\/facebook.com\/huebscher.holzbau","https:\/\/pt.linkedin.com\/organization-guest\/company\/huebscher-holzbau","https:\/\/www.instagram.com\/huebscherholzbau\/"]},{"@type":"Person","@id":"https:\/\/www.huebscher.net\/ch\/#\/schema\/person\/8fd9e2307c4694c2c9c33466724cf84a","name":"Michael H\u00fcbscher","image":{"@type":"ImageObject","inLanguage":"de-CH","@id":"https:\/\/www.huebscher.net\/ch\/#\/schema\/person\/image\/","url":"https:\/\/secure.gravatar.com\/avatar\/9d37c03c19a40806617c92be68dacdfd?s=96&d=mm&r=g","contentUrl":"https:\/\/secure.gravatar.com\/avatar\/9d37c03c19a40806617c92be68dacdfd?s=96&d=mm&r=g","caption":"Michael H\u00fcbscher"},"sameAs":["https:\/\/huebscher.net"]}]}},"_links":{"self":[{"href":"https:\/\/www.huebscher.net\/ch\/wp-json\/wp\/v2\/posts\/1530"}],"collection":[{"href":"https:\/\/www.huebscher.net\/ch\/wp-json\/wp\/v2\/posts"}],"about":[{"href":"https:\/\/www.huebscher.net\/ch\/wp-json\/wp\/v2\/types\/post"}],"author":[{"embeddable":true,"href":"https:\/\/www.huebscher.net\/ch\/wp-json\/wp\/v2\/users\/2"}],"replies":[{"embeddable":true,"href":"https:\/\/www.huebscher.net\/ch\/wp-json\/wp\/v2\/comments?post=1530"}],"version-history":[{"count":6,"href":"https:\/\/www.huebscher.net\/ch\/wp-json\/wp\/v2\/posts\/1530\/revisions"}],"predecessor-version":[{"id":9132,"href":"https:\/\/www.huebscher.net\/ch\/wp-json\/wp\/v2\/posts\/1530\/revisions\/9132"}],"wp:featuredmedia":[{"embeddable":true,"href":"https:\/\/www.huebscher.net\/ch\/wp-json\/wp\/v2\/media\/3376"}],"wp:attachment":[{"href":"https:\/\/www.huebscher.net\/ch\/wp-json\/wp\/v2\/media?parent=1530"}],"wp:term":[{"taxonomy":"category","embeddable":true,"href":"https:\/\/www.huebscher.net\/ch\/wp-json\/wp\/v2\/categories?post=1530"},{"taxonomy":"post_tag","embeddable":true,"href":"https:\/\/www.huebscher.net\/ch\/wp-json\/wp\/v2\/tags?post=1530"}],"curies":[{"name":"wp","href":"https:\/\/api.w.org\/{rel}","templated":true}]}}