{"id":1512,"date":"2016-01-27T17:30:37","date_gmt":"2016-01-27T16:30:37","guid":{"rendered":"https:\/\/huebscher-holzbau.ch\/?p=1512"},"modified":"2024-06-17T12:04:24","modified_gmt":"2024-06-17T10:04:24","slug":"anerkennung-fur-lehrlingsausbildung","status":"publish","type":"post","link":"https:\/\/www.huebscher.net\/ch\/anerkennung-fur-lehrlingsausbildung\/","title":{"rendered":"Anerkennung f\u00fcr Lehrlingsausbildung"},"content":{"rendered":"<p><img fetchpriority=\"high\" decoding=\"async\" class=\"alignnone size-full wp-image-1514\" src=\"https:\/\/huebscher.net\/media\/Bildschirmfoto-2016-01-27-um-15.52.33.png\" alt=\"Anerkennung f\u00fcr Lehrlingsausbildung\" width=\"699\" height=\"464\" srcset=\"https:\/\/www.huebscher.net\/media\/Bildschirmfoto-2016-01-27-um-15.52.33.png 699w, https:\/\/www.huebscher.net\/media\/Bildschirmfoto-2016-01-27-um-15.52.33-150x100.png 150w, https:\/\/www.huebscher.net\/media\/Bildschirmfoto-2016-01-27-um-15.52.33-350x232.png 350w\" sizes=\"(max-width: 699px) 100vw, 699px\" \/><\/p>\n<h1>Anerkennung f\u00fcr Lehrlingsausbildung<\/h1>\n<p>H\u00dcBSCHER HOLZBAU erh\u00e4lt die Anerkennung f\u00fcr besondere Lehrlingsausbildung durch den Regierungsrat des Kantons Schaffhausen. \u00dcberreicht wurde die Auszeichnung durch St\u00e4nderatspr\u00e4sident Hannes Germann und Nationalr\u00e4tin Martina Munz.<\/p>\n<p>Im Rahmen der Berufsmesse des Berufsbildungszentrums Schaffhausen wurde H\u00dcBSCHER HOLZBAU als besonderer Lehrbetrieb ausgezeichnet. So unterstrich Regierungsrat Christian Amsler in seiner Laudatio zum einen die langj\u00e4hrige Tradition von Auszubildenden bei H\u00dcBSCHER aber auch die Bereitschaft jungen Leuten aus allen Leistungsklassen einen erfolgreichen Start in ihr Berufsleben zu erm\u00f6glichen. Einen besonderen Dank ging insbesondere auch an Fritz H\u00fcbscher, welcher sich seit \u00fcber 25 Jahren aktiv als Lehrabschluss-Experte einsetzt.<\/p>\n<p>Wir freuen uns \u00fcber diese Anerkennung.<\/p>\n","protected":false},"excerpt":{"rendered":"<p>Anerkennung f\u00fcr Lehrlingsausbildung H\u00dcBSCHER HOLZBAU erh\u00e4lt die Anerkennung f\u00fcr besondere Lehrlingsausbildung durch den Regierungsrat des Kantons Schaffhausen. \u00dcberreicht wurde die Auszeichnung durch St\u00e4nderatspr\u00e4sident Hannes Germann und Nationalr\u00e4tin Martina Munz. Im Rahmen der Berufsmesse des Berufsbildungszentrums Schaffhausen wurde H\u00dcBSCHER HOLZBAU als besonderer Lehrbetrieb ausgezeichnet. So unterstrich Regierungsrat Christian Amsler in seiner Laudatio zum einen die langj\u00e4hrige&hellip;<\/p>\n","protected":false},"author":2,"featured_media":0,"comment_status":"open","ping_status":"open","sticky":false,"template":"","format":"standard","meta":{"_acf_changed":false,"_monsterinsights_skip_tracking":false,"_monsterinsights_sitenote_active":false,"_monsterinsights_sitenote_note":"","_monsterinsights_sitenote_category":0,"_genesis_hide_title":false,"_genesis_hide_breadcrumbs":false,"_genesis_hide_singular_image":false,"_genesis_hide_footer_widgets":false,"_genesis_custom_body_class":"","_genesis_custom_post_class":"","_genesis_layout":"","footnotes":""},"categories":[83,39,42],"tags":[],"class_list":{"0":"post-1512","1":"post","2":"type-post","3":"status-publish","4":"format-standard","6":"category-lehrlinge","7":"category-news","8":"category-veranstaltungen","9":"entry","10":"has-post-thumbnail"},"acf":[],"yoast_head":"<!-- This site is optimized with the Yoast SEO Premium plugin v25.2 (Yoast SEO v25.2) - https:\/\/yoast.com\/wordpress\/plugins\/seo\/ -->\n<title>Anerkennung f\u00fcr Lehrlingsausbildung<\/title>\n<meta name=\"description\" content=\"H\u00dcBSCHER HOLZBAU erh\u00e4lt die Anerkennung f\u00fcr besondere Lehrlingsausbildung durch den Regierungsrat des Kantons Schaffhausen.\" \/>\n<meta name=\"robots\" content=\"index, follow, max-snippet:-1, max-image-preview:large, max-video-preview:-1\" \/>\n<link rel=\"canonical\" href=\"https:\/\/www.huebscher.net\/ch\/anerkennung-fur-lehrlingsausbildung\/\" \/>\n<meta property=\"og:locale\" content=\"de_DE\" \/>\n<meta property=\"og:type\" content=\"article\" \/>\n<meta property=\"og:title\" content=\"Anerkennung f\u00fcr Lehrlingsausbildung\" \/>\n<meta property=\"og:description\" content=\"H\u00dcBSCHER HOLZBAU erh\u00e4lt die Anerkennung f\u00fcr besondere Lehrlingsausbildung durch den Regierungsrat des Kantons Schaffhausen.\" \/>\n<meta property=\"og:url\" content=\"https:\/\/www.huebscher.net\/ch\/anerkennung-fur-lehrlingsausbildung\/\" \/>\n<meta property=\"og:site_name\" content=\"H\u00dcBSCHER HOLZBAU\" \/>\n<meta property=\"article:publisher\" content=\"http:\/\/facebook.com\/huebscher.holzbau\" \/>\n<meta property=\"article:published_time\" content=\"2016-01-27T16:30:37+00:00\" \/>\n<meta property=\"article:modified_time\" content=\"2024-06-17T10:04:24+00:00\" \/>\n<meta property=\"og:image\" content=\"https:\/\/huebscher.net\/media\/Bildschirmfoto-2016-01-27-um-15.52.33.png\" \/>\n<meta name=\"author\" content=\"Michael H\u00fcbscher\" \/>\n<meta name=\"twitter:card\" content=\"summary_large_image\" \/>\n<meta name=\"twitter:label1\" content=\"Geschrieben von\" \/>\n\t<meta name=\"twitter:data1\" content=\"Michael H\u00fcbscher\" \/>\n\t<meta name=\"twitter:label2\" content=\"Gesch\u00e4tzte Lesezeit\" \/>\n\t<meta name=\"twitter:data2\" content=\"1 Minute\" \/>\n<script type=\"application\/ld+json\" class=\"yoast-schema-graph\">{\"@context\":\"https:\/\/schema.org\",\"@graph\":[{\"@type\":\"Article\",\"@id\":\"https:\/\/www.huebscher.net\/ch\/anerkennung-fur-lehrlingsausbildung\/#article\",\"isPartOf\":{\"@id\":\"https:\/\/www.huebscher.net\/ch\/anerkennung-fur-lehrlingsausbildung\/\"},\"author\":{\"name\":\"Michael H\u00fcbscher\",\"@id\":\"https:\/\/www.huebscher.net\/ch\/#\/schema\/person\/8fd9e2307c4694c2c9c33466724cf84a\"},\"headline\":\"Anerkennung f\u00fcr Lehrlingsausbildung\",\"datePublished\":\"2016-01-27T16:30:37+00:00\",\"dateModified\":\"2024-06-17T10:04:24+00:00\",\"mainEntityOfPage\":{\"@id\":\"https:\/\/www.huebscher.net\/ch\/anerkennung-fur-lehrlingsausbildung\/\"},\"wordCount\":117,\"commentCount\":0,\"publisher\":{\"@id\":\"https:\/\/www.huebscher.net\/ch\/#organization\"},\"image\":{\"@id\":\"https:\/\/www.huebscher.net\/ch\/anerkennung-fur-lehrlingsausbildung\/#primaryimage\"},\"thumbnailUrl\":\"https:\/\/huebscher.net\/media\/Bildschirmfoto-2016-01-27-um-15.52.33.png\",\"articleSection\":[\"Lehrlinge\",\"News\",\"Veranstaltungen\"],\"inLanguage\":\"de-CH\",\"potentialAction\":[{\"@type\":\"CommentAction\",\"name\":\"Comment\",\"target\":[\"https:\/\/www.huebscher.net\/ch\/anerkennung-fur-lehrlingsausbildung\/#respond\"]}]},{\"@type\":\"WebPage\",\"@id\":\"https:\/\/www.huebscher.net\/ch\/anerkennung-fur-lehrlingsausbildung\/\",\"url\":\"https:\/\/www.huebscher.net\/ch\/anerkennung-fur-lehrlingsausbildung\/\",\"name\":\"Anerkennung f\u00fcr Lehrlingsausbildung\",\"isPartOf\":{\"@id\":\"https:\/\/www.huebscher.net\/ch\/#website\"},\"primaryImageOfPage\":{\"@id\":\"https:\/\/www.huebscher.net\/ch\/anerkennung-fur-lehrlingsausbildung\/#primaryimage\"},\"image\":{\"@id\":\"https:\/\/www.huebscher.net\/ch\/anerkennung-fur-lehrlingsausbildung\/#primaryimage\"},\"thumbnailUrl\":\"https:\/\/huebscher.net\/media\/Bildschirmfoto-2016-01-27-um-15.52.33.png\",\"datePublished\":\"2016-01-27T16:30:37+00:00\",\"dateModified\":\"2024-06-17T10:04:24+00:00\",\"description\":\"H\u00dcBSCHER HOLZBAU erh\u00e4lt die Anerkennung f\u00fcr besondere Lehrlingsausbildung durch den Regierungsrat des Kantons Schaffhausen.\",\"breadcrumb\":{\"@id\":\"https:\/\/www.huebscher.net\/ch\/anerkennung-fur-lehrlingsausbildung\/#breadcrumb\"},\"inLanguage\":\"de-CH\",\"potentialAction\":[{\"@type\":\"ReadAction\",\"target\":[\"https:\/\/www.huebscher.net\/ch\/anerkennung-fur-lehrlingsausbildung\/\"]}]},{\"@type\":\"ImageObject\",\"inLanguage\":\"de-CH\",\"@id\":\"https:\/\/www.huebscher.net\/ch\/anerkennung-fur-lehrlingsausbildung\/#primaryimage\",\"url\":\"https:\/\/huebscher.net\/media\/Bildschirmfoto-2016-01-27-um-15.52.33.png\",\"contentUrl\":\"https:\/\/huebscher.net\/media\/Bildschirmfoto-2016-01-27-um-15.52.33.png\"},{\"@type\":\"BreadcrumbList\",\"@id\":\"https:\/\/www.huebscher.net\/ch\/anerkennung-fur-lehrlingsausbildung\/#breadcrumb\",\"itemListElement\":[{\"@type\":\"ListItem\",\"position\":1,\"name\":\"Home\",\"item\":\"https:\/\/www.huebscher.net\/ch\/\"},{\"@type\":\"ListItem\",\"position\":2,\"name\":\"Anerkennung f\u00fcr Lehrlingsausbildung\"}]},{\"@type\":\"WebSite\",\"@id\":\"https:\/\/www.huebscher.net\/ch\/#website\",\"url\":\"https:\/\/www.huebscher.net\/ch\/\",\"name\":\"H\u00fcbscher Holzbau\",\"description\":\"H\u00fcbscher Holzbau AG\",\"publisher\":{\"@id\":\"https:\/\/www.huebscher.net\/ch\/#organization\"},\"alternateName\":\"H\u00fcbscher Holzbau\",\"potentialAction\":[{\"@type\":\"SearchAction\",\"target\":{\"@type\":\"EntryPoint\",\"urlTemplate\":\"https:\/\/www.huebscher.net\/ch\/?s={search_term_string}\"},\"query-input\":{\"@type\":\"PropertyValueSpecification\",\"valueRequired\":true,\"valueName\":\"search_term_string\"}}],\"inLanguage\":\"de-CH\"},{\"@type\":\"Organization\",\"@id\":\"https:\/\/www.huebscher.net\/ch\/#organization\",\"name\":\"H\u00fcbscher Holzbau\",\"alternateName\":\"H\u00fcbscher Holzbau\",\"url\":\"https:\/\/www.huebscher.net\/ch\/\",\"logo\":{\"@type\":\"ImageObject\",\"inLanguage\":\"de-CH\",\"@id\":\"https:\/\/www.huebscher.net\/ch\/#\/schema\/logo\/image\/\",\"url\":\"https:\/\/www.huebscher.net\/media\/huebscher_logo_def.png\",\"contentUrl\":\"https:\/\/www.huebscher.net\/media\/huebscher_logo_def.png\",\"width\":220,\"height\":110,\"caption\":\"H\u00fcbscher Holzbau\"},\"image\":{\"@id\":\"https:\/\/www.huebscher.net\/ch\/#\/schema\/logo\/image\/\"},\"sameAs\":[\"http:\/\/facebook.com\/huebscher.holzbau\",\"https:\/\/pt.linkedin.com\/organization-guest\/company\/huebscher-holzbau\",\"https:\/\/www.instagram.com\/huebscherholzbau\/\"]},{\"@type\":\"Person\",\"@id\":\"https:\/\/www.huebscher.net\/ch\/#\/schema\/person\/8fd9e2307c4694c2c9c33466724cf84a\",\"name\":\"Michael H\u00fcbscher\",\"image\":{\"@type\":\"ImageObject\",\"inLanguage\":\"de-CH\",\"@id\":\"https:\/\/www.huebscher.net\/ch\/#\/schema\/person\/image\/\",\"url\":\"https:\/\/secure.gravatar.com\/avatar\/9d37c03c19a40806617c92be68dacdfd?s=96&d=mm&r=g\",\"contentUrl\":\"https:\/\/secure.gravatar.com\/avatar\/9d37c03c19a40806617c92be68dacdfd?s=96&d=mm&r=g\",\"caption\":\"Michael H\u00fcbscher\"},\"sameAs\":[\"https:\/\/huebscher.net\"]}]}<\/script>\n<!-- \/ Yoast SEO Premium plugin. -->","yoast_head_json":{"title":"Anerkennung f\u00fcr Lehrlingsausbildung","description":"H\u00dcBSCHER HOLZBAU erh\u00e4lt die Anerkennung f\u00fcr besondere Lehrlingsausbildung durch den Regierungsrat des Kantons Schaffhausen.","robots":{"index":"index","follow":"follow","max-snippet":"max-snippet:-1","max-image-preview":"max-image-preview:large","max-video-preview":"max-video-preview:-1"},"canonical":"https:\/\/www.huebscher.net\/ch\/anerkennung-fur-lehrlingsausbildung\/","og_locale":"de_DE","og_type":"article","og_title":"Anerkennung f\u00fcr Lehrlingsausbildung","og_description":"H\u00dcBSCHER HOLZBAU erh\u00e4lt die Anerkennung f\u00fcr besondere Lehrlingsausbildung durch den Regierungsrat des Kantons Schaffhausen.","og_url":"https:\/\/www.huebscher.net\/ch\/anerkennung-fur-lehrlingsausbildung\/","og_site_name":"H\u00dcBSCHER HOLZBAU","article_publisher":"http:\/\/facebook.com\/huebscher.holzbau","article_published_time":"2016-01-27T16:30:37+00:00","article_modified_time":"2024-06-17T10:04:24+00:00","og_image":[{"url":"https:\/\/huebscher.net\/media\/Bildschirmfoto-2016-01-27-um-15.52.33.png","type":"","width":"","height":""}],"author":"Michael H\u00fcbscher","twitter_card":"summary_large_image","twitter_misc":{"Geschrieben von":"Michael H\u00fcbscher","Gesch\u00e4tzte Lesezeit":"1 Minute"},"schema":{"@context":"https:\/\/schema.org","@graph":[{"@type":"Article","@id":"https:\/\/www.huebscher.net\/ch\/anerkennung-fur-lehrlingsausbildung\/#article","isPartOf":{"@id":"https:\/\/www.huebscher.net\/ch\/anerkennung-fur-lehrlingsausbildung\/"},"author":{"name":"Michael H\u00fcbscher","@id":"https:\/\/www.huebscher.net\/ch\/#\/schema\/person\/8fd9e2307c4694c2c9c33466724cf84a"},"headline":"Anerkennung f\u00fcr Lehrlingsausbildung","datePublished":"2016-01-27T16:30:37+00:00","dateModified":"2024-06-17T10:04:24+00:00","mainEntityOfPage":{"@id":"https:\/\/www.huebscher.net\/ch\/anerkennung-fur-lehrlingsausbildung\/"},"wordCount":117,"commentCount":0,"publisher":{"@id":"https:\/\/www.huebscher.net\/ch\/#organization"},"image":{"@id":"https:\/\/www.huebscher.net\/ch\/anerkennung-fur-lehrlingsausbildung\/#primaryimage"},"thumbnailUrl":"https:\/\/huebscher.net\/media\/Bildschirmfoto-2016-01-27-um-15.52.33.png","articleSection":["Lehrlinge","News","Veranstaltungen"],"inLanguage":"de-CH","potentialAction":[{"@type":"CommentAction","name":"Comment","target":["https:\/\/www.huebscher.net\/ch\/anerkennung-fur-lehrlingsausbildung\/#respond"]}]},{"@type":"WebPage","@id":"https:\/\/www.huebscher.net\/ch\/anerkennung-fur-lehrlingsausbildung\/","url":"https:\/\/www.huebscher.net\/ch\/anerkennung-fur-lehrlingsausbildung\/","name":"Anerkennung f\u00fcr Lehrlingsausbildung","isPartOf":{"@id":"https:\/\/www.huebscher.net\/ch\/#website"},"primaryImageOfPage":{"@id":"https:\/\/www.huebscher.net\/ch\/anerkennung-fur-lehrlingsausbildung\/#primaryimage"},"image":{"@id":"https:\/\/www.huebscher.net\/ch\/anerkennung-fur-lehrlingsausbildung\/#primaryimage"},"thumbnailUrl":"https:\/\/huebscher.net\/media\/Bildschirmfoto-2016-01-27-um-15.52.33.png","datePublished":"2016-01-27T16:30:37+00:00","dateModified":"2024-06-17T10:04:24+00:00","description":"H\u00dcBSCHER HOLZBAU erh\u00e4lt die Anerkennung f\u00fcr besondere Lehrlingsausbildung durch den Regierungsrat des Kantons Schaffhausen.","breadcrumb":{"@id":"https:\/\/www.huebscher.net\/ch\/anerkennung-fur-lehrlingsausbildung\/#breadcrumb"},"inLanguage":"de-CH","potentialAction":[{"@type":"ReadAction","target":["https:\/\/www.huebscher.net\/ch\/anerkennung-fur-lehrlingsausbildung\/"]}]},{"@type":"ImageObject","inLanguage":"de-CH","@id":"https:\/\/www.huebscher.net\/ch\/anerkennung-fur-lehrlingsausbildung\/#primaryimage","url":"https:\/\/huebscher.net\/media\/Bildschirmfoto-2016-01-27-um-15.52.33.png","contentUrl":"https:\/\/huebscher.net\/media\/Bildschirmfoto-2016-01-27-um-15.52.33.png"},{"@type":"BreadcrumbList","@id":"https:\/\/www.huebscher.net\/ch\/anerkennung-fur-lehrlingsausbildung\/#breadcrumb","itemListElement":[{"@type":"ListItem","position":1,"name":"Home","item":"https:\/\/www.huebscher.net\/ch\/"},{"@type":"ListItem","position":2,"name":"Anerkennung f\u00fcr Lehrlingsausbildung"}]},{"@type":"WebSite","@id":"https:\/\/www.huebscher.net\/ch\/#website","url":"https:\/\/www.huebscher.net\/ch\/","name":"H\u00fcbscher Holzbau","description":"H\u00fcbscher Holzbau AG","publisher":{"@id":"https:\/\/www.huebscher.net\/ch\/#organization"},"alternateName":"H\u00fcbscher Holzbau","potentialAction":[{"@type":"SearchAction","target":{"@type":"EntryPoint","urlTemplate":"https:\/\/www.huebscher.net\/ch\/?s={search_term_string}"},"query-input":{"@type":"PropertyValueSpecification","valueRequired":true,"valueName":"search_term_string"}}],"inLanguage":"de-CH"},{"@type":"Organization","@id":"https:\/\/www.huebscher.net\/ch\/#organization","name":"H\u00fcbscher Holzbau","alternateName":"H\u00fcbscher Holzbau","url":"https:\/\/www.huebscher.net\/ch\/","logo":{"@type":"ImageObject","inLanguage":"de-CH","@id":"https:\/\/www.huebscher.net\/ch\/#\/schema\/logo\/image\/","url":"https:\/\/www.huebscher.net\/media\/huebscher_logo_def.png","contentUrl":"https:\/\/www.huebscher.net\/media\/huebscher_logo_def.png","width":220,"height":110,"caption":"H\u00fcbscher Holzbau"},"image":{"@id":"https:\/\/www.huebscher.net\/ch\/#\/schema\/logo\/image\/"},"sameAs":["http:\/\/facebook.com\/huebscher.holzbau","https:\/\/pt.linkedin.com\/organization-guest\/company\/huebscher-holzbau","https:\/\/www.instagram.com\/huebscherholzbau\/"]},{"@type":"Person","@id":"https:\/\/www.huebscher.net\/ch\/#\/schema\/person\/8fd9e2307c4694c2c9c33466724cf84a","name":"Michael H\u00fcbscher","image":{"@type":"ImageObject","inLanguage":"de-CH","@id":"https:\/\/www.huebscher.net\/ch\/#\/schema\/person\/image\/","url":"https:\/\/secure.gravatar.com\/avatar\/9d37c03c19a40806617c92be68dacdfd?s=96&d=mm&r=g","contentUrl":"https:\/\/secure.gravatar.com\/avatar\/9d37c03c19a40806617c92be68dacdfd?s=96&d=mm&r=g","caption":"Michael H\u00fcbscher"},"sameAs":["https:\/\/huebscher.net"]}]}},"_links":{"self":[{"href":"https:\/\/www.huebscher.net\/ch\/wp-json\/wp\/v2\/posts\/1512"}],"collection":[{"href":"https:\/\/www.huebscher.net\/ch\/wp-json\/wp\/v2\/posts"}],"about":[{"href":"https:\/\/www.huebscher.net\/ch\/wp-json\/wp\/v2\/types\/post"}],"author":[{"embeddable":true,"href":"https:\/\/www.huebscher.net\/ch\/wp-json\/wp\/v2\/users\/2"}],"replies":[{"embeddable":true,"href":"https:\/\/www.huebscher.net\/ch\/wp-json\/wp\/v2\/comments?post=1512"}],"version-history":[{"count":3,"href":"https:\/\/www.huebscher.net\/ch\/wp-json\/wp\/v2\/posts\/1512\/revisions"}],"predecessor-version":[{"id":9141,"href":"https:\/\/www.huebscher.net\/ch\/wp-json\/wp\/v2\/posts\/1512\/revisions\/9141"}],"wp:attachment":[{"href":"https:\/\/www.huebscher.net\/ch\/wp-json\/wp\/v2\/media?parent=1512"}],"wp:term":[{"taxonomy":"category","embeddable":true,"href":"https:\/\/www.huebscher.net\/ch\/wp-json\/wp\/v2\/categories?post=1512"},{"taxonomy":"post_tag","embeddable":true,"href":"https:\/\/www.huebscher.net\/ch\/wp-json\/wp\/v2\/tags?post=1512"}],"curies":[{"name":"wp","href":"https:\/\/api.w.org\/{rel}","templated":true}]}}