{"id":12261,"date":"2024-10-03T16:38:33","date_gmt":"2024-10-03T14:38:33","guid":{"rendered":"https:\/\/huebscher.net\/?p=12261"},"modified":"2024-10-03T16:38:52","modified_gmt":"2024-10-03T14:38:52","slug":"verstaerkung-im-huebscher-service","status":"publish","type":"post","link":"https:\/\/www.huebscher.net\/ch\/verstaerkung-im-huebscher-service\/","title":{"rendered":"Verst\u00e4rkung im H\u00dcBSCHER-Service"},"content":{"rendered":"\n<figure class=\"wp-block-gallery has-nested-images columns-default is-cropped wp-block-gallery-1 is-layout-flex wp-block-gallery-is-layout-flex\">\n<figure class=\"wp-block-image size-large\"><img fetchpriority=\"high\" decoding=\"async\" width=\"1080\" height=\"1080\" data-id=\"12264\" src=\"https:\/\/huebscher.net\/media\/Matthias-Kaiser-schwarz-1080x1080.jpg\" alt=\"\" class=\"wp-image-12264\" srcset=\"https:\/\/www.huebscher.net\/media\/Matthias-Kaiser-schwarz-1080x1080.jpg 1080w, https:\/\/www.huebscher.net\/media\/Matthias-Kaiser-schwarz-720x720.jpg 720w, https:\/\/www.huebscher.net\/media\/Matthias-Kaiser-schwarz-150x150.jpg 150w, https:\/\/www.huebscher.net\/media\/Matthias-Kaiser-schwarz-768x768.jpg 768w, https:\/\/www.huebscher.net\/media\/Matthias-Kaiser-schwarz-1536x1536.jpg 1536w, https:\/\/www.huebscher.net\/media\/Matthias-Kaiser-schwarz-2048x2048.jpg 2048w, https:\/\/www.huebscher.net\/media\/Matthias-Kaiser-schwarz-100x100.jpg 100w, https:\/\/www.huebscher.net\/media\/Matthias-Kaiser-schwarz-350x350.jpg 350w\" sizes=\"(max-width: 1080px) 100vw, 1080px\" \/><figcaption class=\"wp-element-caption\">Matthias Kaiser<\/figcaption><\/figure>\n\n\n\n<figure class=\"wp-block-image size-large\"><img decoding=\"async\" width=\"1080\" height=\"1080\" data-id=\"12268\" src=\"https:\/\/huebscher.net\/media\/Julia-Schroeter-1-1080x1080.jpg\" alt=\"\" class=\"wp-image-12268\" srcset=\"https:\/\/www.huebscher.net\/media\/Julia-Schroeter-1-1080x1080.jpg 1080w, https:\/\/www.huebscher.net\/media\/Julia-Schroeter-1-720x720.jpg 720w, https:\/\/www.huebscher.net\/media\/Julia-Schroeter-1-150x150.jpg 150w, https:\/\/www.huebscher.net\/media\/Julia-Schroeter-1-768x768.jpg 768w, https:\/\/www.huebscher.net\/media\/Julia-Schroeter-1-1536x1536.jpg 1536w, https:\/\/www.huebscher.net\/media\/Julia-Schroeter-1-2048x2048.jpg 2048w, https:\/\/www.huebscher.net\/media\/Julia-Schroeter-1-100x100.jpg 100w, https:\/\/www.huebscher.net\/media\/Julia-Schroeter-1-350x350.jpg 350w\" sizes=\"(max-width: 1080px) 100vw, 1080px\" \/><figcaption class=\"wp-element-caption\">Julia Schr\u00f6ter<\/figcaption><\/figure>\n<\/figure>\n\n\n\n<p><\/p>\n\n\n\n<p>Wir freuen uns, die Erneuerung im Team von H\u00dcBSCHER HOLZBAU vorzustellen! <strong>Matthias Kaiser<\/strong> \u00fcbernimmt ab sofort die Leitung des H\u00dcBSCHER-Service, w\u00e4hrend <strong>Julia Schr\u00f6ter<\/strong> die Verantwortung f\u00fcr den Einkauf \u00fcbernimmt. Mit diesen neuen Positionen erweitern wir nicht nur unser Know-how, sondern st\u00e4rken auch unseren Servicegedanken.<\/p>\n\n\n\n<h4 class=\"wp-block-heading\" id=\"h-ihr-ansprechpartner-matthias-kaiser\">Ihr Ansprechpartner: Matthias Kaiser<\/h4>\n\n\n\n<p>Matthias Kaiser bringt jahrelange Erfahrung im Bereich Bau und Holzverarbeitung mit. Als neuer Leiter des H\u00dcBSCHER-Service ist er Ihr direkter Ansprechpartner, wenn es um Reparaturen, Wartungen und Anpassungen an bestehenden Holzkonstruktionen geht. Ob Dachreparaturen, Fensteranpassungen oder Fassadenunterhalte \u2013 Matthias und sein Team stehen Ihnen kompetent zur Seite. Seine offene und kundenorientierte Art macht es leicht, auf individuelle W\u00fcnsche und Bed\u00fcrfnisse einzugehen, um schnell und effizient L\u00f6sungen zu finden.<\/p>\n\n\n\n<h4 class=\"wp-block-heading\" id=\"h-das-hubscher-service-team-ihr-partner-fur-nachhaltige-qualitat\">Das H\u00dcBSCHER-Service-Team: Ihr Partner f\u00fcr nachhaltige Qualit\u00e4t<\/h4>\n\n\n\n<p>Unser Service-Team ist spezialisiert auf eine Vielzahl an Aufgaben, die weit \u00fcber einfache Reparaturen hinausgehen. Dazu geh\u00f6ren:<\/p>\n\n\n\n<ul class=\"wp-block-list\">\n<li><strong>Wartungsarbeiten<\/strong>: Regelm\u00e4\u00dfige Inspektionen und Pflege von Holzbauten, um deren Langlebigkeit zu garantieren.<\/li>\n\n\n\n<li><strong>Reparaturen<\/strong>: Vom Ausbessern kleiner Sch\u00e4den bis hin zu umfassenden Sanierungen \u2013 wir sorgen daf\u00fcr, dass Ihre Holzkonstruktionen stets in bestem Zustand bleiben.<\/li>\n\n\n\n<li><strong>Individuelle Anpassungen<\/strong>: Wir passen bestehende Bauwerke an neue Anforderungen an, sei es durch Erweiterungen oder Modernisierungen.<\/li>\n\n\n\n<li><strong>Nachhaltige L\u00f6sungen<\/strong>: Wie bei all unseren Projekten legen wir grossen Wert auf die Verwendung \u00f6kologischer Materialien und nachhaltiger Bauweisen.<\/li>\n<\/ul>\n\n\n\n<p>Dank der Leitung durch Matthias Kaiser sind wir in der Lage, noch schneller und flexibler auf Ihre W\u00fcnsche zu reagieren. Unser Ziel bleibt dabei immer, Qualit\u00e4t und Kundenzufriedenheit auf h\u00f6chstem Niveau zu gew\u00e4hrleisten.<\/p>\n\n\n\n<h4 class=\"wp-block-heading\" id=\"h-einkauf-unter-neuer-leitung-julia-schroter\">Einkauf unter neuer Leitung: Julia Schr\u00f6ter<\/h4>\n\n\n\n<p>Auch im Einkauf gibt es eine wichtige Neuerung: Julia Schr\u00f6ter \u00fcbernimmt ab sofort diese verantwortungsvolle Aufgabe. Sie sorgt daf\u00fcr, dass wir weiterhin die besten und nachhaltigsten Materialien f\u00fcr unsere Projekte beziehen \u2013 selbstverst\u00e4ndlich in gewohnter H\u00dcBSCHER-Qualit\u00e4t.<\/p>\n\n\n\n<p>Mit Matthias Kaiser und Julia Schr\u00f6ter freuen wir uns, unseren Service weiter auszubauen und Ihnen auch in Zukunft optimale L\u00f6sungen f\u00fcr Ihre Projekte anbieten zu k\u00f6nnen. Wir sind gespannt auf die kommenden Herausforderungen und freuen uns darauf, Sie pers\u00f6nlich von unserem erstklassigen Service zu \u00fcberzeugen.<\/p>\n\n\n\n<hr class=\"wp-block-separator has-alpha-channel-opacity\"\/>\n\n\n\n<p><strong>Haben Sie Fragen oder ein Projekt, bei dem wir Sie unterst\u00fctzen k\u00f6nnen?<\/strong> Kontaktieren Sie Matthias Kaiser und das H\u00dcBSCHER-Service-Team \u2013 wir freuen uns auf Ihre Anfrage!<\/p>\n\n\n\n<p>H\u00dcBSCHER-Service-Hotline: +41 52 551 24 14<\/p>\n","protected":false},"excerpt":{"rendered":"<p>Wir freuen uns, die Erneuerung im Team von H\u00dcBSCHER HOLZBAU vorzustellen! Matthias Kaiser \u00fcbernimmt ab sofort die Leitung des H\u00dcBSCHER-Service, w\u00e4hrend Julia Schr\u00f6ter die Verantwortung f\u00fcr den Einkauf \u00fcbernimmt. Mit diesen neuen Positionen erweitern wir nicht nur unser Know-how, sondern st\u00e4rken auch unseren Servicegedanken. Ihr Ansprechpartner: Matthias Kaiser Matthias Kaiser bringt jahrelange Erfahrung im Bereich&hellip;<\/p>\n","protected":false},"author":2,"featured_media":12262,"comment_status":"closed","ping_status":"closed","sticky":false,"template":"","format":"standard","meta":{"_acf_changed":false,"_monsterinsights_skip_tracking":false,"_monsterinsights_sitenote_active":false,"_monsterinsights_sitenote_note":"","_monsterinsights_sitenote_category":0,"_genesis_hide_title":false,"_genesis_hide_breadcrumbs":false,"_genesis_hide_singular_image":false,"_genesis_hide_footer_widgets":false,"_genesis_custom_body_class":"","_genesis_custom_post_class":"","_genesis_layout":"","footnotes":""},"categories":[84,39],"tags":[],"class_list":{"0":"post-12261","1":"post","2":"type-post","3":"status-publish","4":"format-standard","5":"has-post-thumbnail","7":"category-unternehmen","8":"category-news","9":"entry"},"acf":[],"yoast_head":"<!-- This site is optimized with the Yoast SEO Premium plugin v25.2 (Yoast SEO v25.2) - https:\/\/yoast.com\/wordpress\/plugins\/seo\/ -->\n<title>Verst\u00e4rkung im H\u00dcBSCHER-Service - H\u00dcBSCHER HOLZBAU<\/title>\n<meta name=\"robots\" content=\"index, follow, max-snippet:-1, max-image-preview:large, max-video-preview:-1\" \/>\n<link rel=\"canonical\" href=\"https:\/\/www.huebscher.net\/ch\/verstaerkung-im-huebscher-service\/\" \/>\n<meta property=\"og:locale\" content=\"de_DE\" \/>\n<meta property=\"og:type\" content=\"article\" \/>\n<meta property=\"og:title\" content=\"Verst\u00e4rkung im H\u00dcBSCHER-Service\" \/>\n<meta property=\"og:description\" content=\"Wir freuen uns, die Erneuerung im Team von H\u00dcBSCHER HOLZBAU vorzustellen! Matthias Kaiser \u00fcbernimmt ab sofort die Leitung des H\u00dcBSCHER-Service, w\u00e4hrend Julia Schr\u00f6ter die Verantwortung f\u00fcr den Einkauf \u00fcbernimmt. Mit diesen neuen Positionen erweitern wir nicht nur unser Know-how, sondern st\u00e4rken auch unseren Servicegedanken. Ihr Ansprechpartner: Matthias Kaiser Matthias Kaiser bringt jahrelange Erfahrung im Bereich&hellip;\" \/>\n<meta property=\"og:url\" content=\"https:\/\/www.huebscher.net\/ch\/verstaerkung-im-huebscher-service\/\" \/>\n<meta property=\"og:site_name\" content=\"H\u00dcBSCHER HOLZBAU\" \/>\n<meta property=\"article:publisher\" content=\"http:\/\/facebook.com\/huebscher.holzbau\" \/>\n<meta property=\"article:published_time\" content=\"2024-10-03T14:38:33+00:00\" \/>\n<meta property=\"article:modified_time\" content=\"2024-10-03T14:38:52+00:00\" \/>\n<meta property=\"og:image\" content=\"https:\/\/www.huebscher.net\/media\/DSC_6107-scaled.jpg\" \/>\n\t<meta property=\"og:image:width\" content=\"1703\" \/>\n\t<meta property=\"og:image:height\" content=\"2560\" \/>\n\t<meta property=\"og:image:type\" content=\"image\/jpeg\" \/>\n<meta name=\"author\" content=\"Michael H\u00fcbscher\" \/>\n<meta name=\"twitter:card\" content=\"summary_large_image\" \/>\n<meta name=\"twitter:label1\" content=\"Geschrieben von\" \/>\n\t<meta name=\"twitter:data1\" content=\"Michael H\u00fcbscher\" \/>\n\t<meta name=\"twitter:label2\" content=\"Gesch\u00e4tzte Lesezeit\" \/>\n\t<meta name=\"twitter:data2\" content=\"3 Minuten\" \/>\n<script type=\"application\/ld+json\" class=\"yoast-schema-graph\">{\"@context\":\"https:\/\/schema.org\",\"@graph\":[{\"@type\":\"Article\",\"@id\":\"https:\/\/www.huebscher.net\/ch\/verstaerkung-im-huebscher-service\/#article\",\"isPartOf\":{\"@id\":\"https:\/\/www.huebscher.net\/ch\/verstaerkung-im-huebscher-service\/\"},\"author\":{\"name\":\"Michael H\u00fcbscher\",\"@id\":\"https:\/\/www.huebscher.net\/ch\/#\/schema\/person\/8fd9e2307c4694c2c9c33466724cf84a\"},\"headline\":\"Verst\u00e4rkung im H\u00dcBSCHER-Service\",\"datePublished\":\"2024-10-03T14:38:33+00:00\",\"dateModified\":\"2024-10-03T14:38:52+00:00\",\"mainEntityOfPage\":{\"@id\":\"https:\/\/www.huebscher.net\/ch\/verstaerkung-im-huebscher-service\/\"},\"wordCount\":400,\"publisher\":{\"@id\":\"https:\/\/www.huebscher.net\/ch\/#organization\"},\"image\":{\"@id\":\"https:\/\/www.huebscher.net\/ch\/verstaerkung-im-huebscher-service\/#primaryimage\"},\"thumbnailUrl\":\"https:\/\/www.huebscher.net\/media\/DSC_6107-scaled.jpg\",\"articleSection\":[\"Intern\",\"News\"],\"inLanguage\":\"de-CH\"},{\"@type\":\"WebPage\",\"@id\":\"https:\/\/www.huebscher.net\/ch\/verstaerkung-im-huebscher-service\/\",\"url\":\"https:\/\/www.huebscher.net\/ch\/verstaerkung-im-huebscher-service\/\",\"name\":\"Verst\u00e4rkung im H\u00dcBSCHER-Service - H\u00dcBSCHER HOLZBAU\",\"isPartOf\":{\"@id\":\"https:\/\/www.huebscher.net\/ch\/#website\"},\"primaryImageOfPage\":{\"@id\":\"https:\/\/www.huebscher.net\/ch\/verstaerkung-im-huebscher-service\/#primaryimage\"},\"image\":{\"@id\":\"https:\/\/www.huebscher.net\/ch\/verstaerkung-im-huebscher-service\/#primaryimage\"},\"thumbnailUrl\":\"https:\/\/www.huebscher.net\/media\/DSC_6107-scaled.jpg\",\"datePublished\":\"2024-10-03T14:38:33+00:00\",\"dateModified\":\"2024-10-03T14:38:52+00:00\",\"breadcrumb\":{\"@id\":\"https:\/\/www.huebscher.net\/ch\/verstaerkung-im-huebscher-service\/#breadcrumb\"},\"inLanguage\":\"de-CH\",\"potentialAction\":[{\"@type\":\"ReadAction\",\"target\":[\"https:\/\/www.huebscher.net\/ch\/verstaerkung-im-huebscher-service\/\"]}]},{\"@type\":\"ImageObject\",\"inLanguage\":\"de-CH\",\"@id\":\"https:\/\/www.huebscher.net\/ch\/verstaerkung-im-huebscher-service\/#primaryimage\",\"url\":\"https:\/\/www.huebscher.net\/media\/DSC_6107-scaled.jpg\",\"contentUrl\":\"https:\/\/www.huebscher.net\/media\/DSC_6107-scaled.jpg\",\"width\":1703,\"height\":2560},{\"@type\":\"BreadcrumbList\",\"@id\":\"https:\/\/www.huebscher.net\/ch\/verstaerkung-im-huebscher-service\/#breadcrumb\",\"itemListElement\":[{\"@type\":\"ListItem\",\"position\":1,\"name\":\"Home\",\"item\":\"https:\/\/www.huebscher.net\/ch\/\"},{\"@type\":\"ListItem\",\"position\":2,\"name\":\"Verst\u00e4rkung im H\u00dcBSCHER-Service\"}]},{\"@type\":\"WebSite\",\"@id\":\"https:\/\/www.huebscher.net\/ch\/#website\",\"url\":\"https:\/\/www.huebscher.net\/ch\/\",\"name\":\"H\u00fcbscher Holzbau\",\"description\":\"H\u00fcbscher Holzbau AG\",\"publisher\":{\"@id\":\"https:\/\/www.huebscher.net\/ch\/#organization\"},\"alternateName\":\"H\u00fcbscher Holzbau\",\"potentialAction\":[{\"@type\":\"SearchAction\",\"target\":{\"@type\":\"EntryPoint\",\"urlTemplate\":\"https:\/\/www.huebscher.net\/ch\/?s={search_term_string}\"},\"query-input\":{\"@type\":\"PropertyValueSpecification\",\"valueRequired\":true,\"valueName\":\"search_term_string\"}}],\"inLanguage\":\"de-CH\"},{\"@type\":\"Organization\",\"@id\":\"https:\/\/www.huebscher.net\/ch\/#organization\",\"name\":\"H\u00fcbscher Holzbau\",\"alternateName\":\"H\u00fcbscher Holzbau\",\"url\":\"https:\/\/www.huebscher.net\/ch\/\",\"logo\":{\"@type\":\"ImageObject\",\"inLanguage\":\"de-CH\",\"@id\":\"https:\/\/www.huebscher.net\/ch\/#\/schema\/logo\/image\/\",\"url\":\"https:\/\/www.huebscher.net\/media\/huebscher_logo_def.png\",\"contentUrl\":\"https:\/\/www.huebscher.net\/media\/huebscher_logo_def.png\",\"width\":220,\"height\":110,\"caption\":\"H\u00fcbscher Holzbau\"},\"image\":{\"@id\":\"https:\/\/www.huebscher.net\/ch\/#\/schema\/logo\/image\/\"},\"sameAs\":[\"http:\/\/facebook.com\/huebscher.holzbau\",\"https:\/\/pt.linkedin.com\/organization-guest\/company\/huebscher-holzbau\",\"https:\/\/www.instagram.com\/huebscherholzbau\/\"]},{\"@type\":\"Person\",\"@id\":\"https:\/\/www.huebscher.net\/ch\/#\/schema\/person\/8fd9e2307c4694c2c9c33466724cf84a\",\"name\":\"Michael H\u00fcbscher\",\"image\":{\"@type\":\"ImageObject\",\"inLanguage\":\"de-CH\",\"@id\":\"https:\/\/www.huebscher.net\/ch\/#\/schema\/person\/image\/\",\"url\":\"https:\/\/secure.gravatar.com\/avatar\/9d37c03c19a40806617c92be68dacdfd?s=96&d=mm&r=g\",\"contentUrl\":\"https:\/\/secure.gravatar.com\/avatar\/9d37c03c19a40806617c92be68dacdfd?s=96&d=mm&r=g\",\"caption\":\"Michael H\u00fcbscher\"},\"sameAs\":[\"https:\/\/huebscher.net\"]}]}<\/script>\n<!-- \/ Yoast SEO Premium plugin. -->","yoast_head_json":{"title":"Verst\u00e4rkung im H\u00dcBSCHER-Service - H\u00dcBSCHER HOLZBAU","robots":{"index":"index","follow":"follow","max-snippet":"max-snippet:-1","max-image-preview":"max-image-preview:large","max-video-preview":"max-video-preview:-1"},"canonical":"https:\/\/www.huebscher.net\/ch\/verstaerkung-im-huebscher-service\/","og_locale":"de_DE","og_type":"article","og_title":"Verst\u00e4rkung im H\u00dcBSCHER-Service","og_description":"Wir freuen uns, die Erneuerung im Team von H\u00dcBSCHER HOLZBAU vorzustellen! Matthias Kaiser \u00fcbernimmt ab sofort die Leitung des H\u00dcBSCHER-Service, w\u00e4hrend Julia Schr\u00f6ter die Verantwortung f\u00fcr den Einkauf \u00fcbernimmt. Mit diesen neuen Positionen erweitern wir nicht nur unser Know-how, sondern st\u00e4rken auch unseren Servicegedanken. Ihr Ansprechpartner: Matthias Kaiser Matthias Kaiser bringt jahrelange Erfahrung im Bereich&hellip;","og_url":"https:\/\/www.huebscher.net\/ch\/verstaerkung-im-huebscher-service\/","og_site_name":"H\u00dcBSCHER HOLZBAU","article_publisher":"http:\/\/facebook.com\/huebscher.holzbau","article_published_time":"2024-10-03T14:38:33+00:00","article_modified_time":"2024-10-03T14:38:52+00:00","og_image":[{"width":1703,"height":2560,"url":"https:\/\/www.huebscher.net\/media\/DSC_6107-scaled.jpg","type":"image\/jpeg"}],"author":"Michael H\u00fcbscher","twitter_card":"summary_large_image","twitter_misc":{"Geschrieben von":"Michael H\u00fcbscher","Gesch\u00e4tzte Lesezeit":"3 Minuten"},"schema":{"@context":"https:\/\/schema.org","@graph":[{"@type":"Article","@id":"https:\/\/www.huebscher.net\/ch\/verstaerkung-im-huebscher-service\/#article","isPartOf":{"@id":"https:\/\/www.huebscher.net\/ch\/verstaerkung-im-huebscher-service\/"},"author":{"name":"Michael H\u00fcbscher","@id":"https:\/\/www.huebscher.net\/ch\/#\/schema\/person\/8fd9e2307c4694c2c9c33466724cf84a"},"headline":"Verst\u00e4rkung im H\u00dcBSCHER-Service","datePublished":"2024-10-03T14:38:33+00:00","dateModified":"2024-10-03T14:38:52+00:00","mainEntityOfPage":{"@id":"https:\/\/www.huebscher.net\/ch\/verstaerkung-im-huebscher-service\/"},"wordCount":400,"publisher":{"@id":"https:\/\/www.huebscher.net\/ch\/#organization"},"image":{"@id":"https:\/\/www.huebscher.net\/ch\/verstaerkung-im-huebscher-service\/#primaryimage"},"thumbnailUrl":"https:\/\/www.huebscher.net\/media\/DSC_6107-scaled.jpg","articleSection":["Intern","News"],"inLanguage":"de-CH"},{"@type":"WebPage","@id":"https:\/\/www.huebscher.net\/ch\/verstaerkung-im-huebscher-service\/","url":"https:\/\/www.huebscher.net\/ch\/verstaerkung-im-huebscher-service\/","name":"Verst\u00e4rkung im H\u00dcBSCHER-Service - H\u00dcBSCHER HOLZBAU","isPartOf":{"@id":"https:\/\/www.huebscher.net\/ch\/#website"},"primaryImageOfPage":{"@id":"https:\/\/www.huebscher.net\/ch\/verstaerkung-im-huebscher-service\/#primaryimage"},"image":{"@id":"https:\/\/www.huebscher.net\/ch\/verstaerkung-im-huebscher-service\/#primaryimage"},"thumbnailUrl":"https:\/\/www.huebscher.net\/media\/DSC_6107-scaled.jpg","datePublished":"2024-10-03T14:38:33+00:00","dateModified":"2024-10-03T14:38:52+00:00","breadcrumb":{"@id":"https:\/\/www.huebscher.net\/ch\/verstaerkung-im-huebscher-service\/#breadcrumb"},"inLanguage":"de-CH","potentialAction":[{"@type":"ReadAction","target":["https:\/\/www.huebscher.net\/ch\/verstaerkung-im-huebscher-service\/"]}]},{"@type":"ImageObject","inLanguage":"de-CH","@id":"https:\/\/www.huebscher.net\/ch\/verstaerkung-im-huebscher-service\/#primaryimage","url":"https:\/\/www.huebscher.net\/media\/DSC_6107-scaled.jpg","contentUrl":"https:\/\/www.huebscher.net\/media\/DSC_6107-scaled.jpg","width":1703,"height":2560},{"@type":"BreadcrumbList","@id":"https:\/\/www.huebscher.net\/ch\/verstaerkung-im-huebscher-service\/#breadcrumb","itemListElement":[{"@type":"ListItem","position":1,"name":"Home","item":"https:\/\/www.huebscher.net\/ch\/"},{"@type":"ListItem","position":2,"name":"Verst\u00e4rkung im H\u00dcBSCHER-Service"}]},{"@type":"WebSite","@id":"https:\/\/www.huebscher.net\/ch\/#website","url":"https:\/\/www.huebscher.net\/ch\/","name":"H\u00fcbscher Holzbau","description":"H\u00fcbscher Holzbau AG","publisher":{"@id":"https:\/\/www.huebscher.net\/ch\/#organization"},"alternateName":"H\u00fcbscher Holzbau","potentialAction":[{"@type":"SearchAction","target":{"@type":"EntryPoint","urlTemplate":"https:\/\/www.huebscher.net\/ch\/?s={search_term_string}"},"query-input":{"@type":"PropertyValueSpecification","valueRequired":true,"valueName":"search_term_string"}}],"inLanguage":"de-CH"},{"@type":"Organization","@id":"https:\/\/www.huebscher.net\/ch\/#organization","name":"H\u00fcbscher Holzbau","alternateName":"H\u00fcbscher Holzbau","url":"https:\/\/www.huebscher.net\/ch\/","logo":{"@type":"ImageObject","inLanguage":"de-CH","@id":"https:\/\/www.huebscher.net\/ch\/#\/schema\/logo\/image\/","url":"https:\/\/www.huebscher.net\/media\/huebscher_logo_def.png","contentUrl":"https:\/\/www.huebscher.net\/media\/huebscher_logo_def.png","width":220,"height":110,"caption":"H\u00fcbscher Holzbau"},"image":{"@id":"https:\/\/www.huebscher.net\/ch\/#\/schema\/logo\/image\/"},"sameAs":["http:\/\/facebook.com\/huebscher.holzbau","https:\/\/pt.linkedin.com\/organization-guest\/company\/huebscher-holzbau","https:\/\/www.instagram.com\/huebscherholzbau\/"]},{"@type":"Person","@id":"https:\/\/www.huebscher.net\/ch\/#\/schema\/person\/8fd9e2307c4694c2c9c33466724cf84a","name":"Michael H\u00fcbscher","image":{"@type":"ImageObject","inLanguage":"de-CH","@id":"https:\/\/www.huebscher.net\/ch\/#\/schema\/person\/image\/","url":"https:\/\/secure.gravatar.com\/avatar\/9d37c03c19a40806617c92be68dacdfd?s=96&d=mm&r=g","contentUrl":"https:\/\/secure.gravatar.com\/avatar\/9d37c03c19a40806617c92be68dacdfd?s=96&d=mm&r=g","caption":"Michael H\u00fcbscher"},"sameAs":["https:\/\/huebscher.net"]}]}},"_links":{"self":[{"href":"https:\/\/www.huebscher.net\/ch\/wp-json\/wp\/v2\/posts\/12261"}],"collection":[{"href":"https:\/\/www.huebscher.net\/ch\/wp-json\/wp\/v2\/posts"}],"about":[{"href":"https:\/\/www.huebscher.net\/ch\/wp-json\/wp\/v2\/types\/post"}],"author":[{"embeddable":true,"href":"https:\/\/www.huebscher.net\/ch\/wp-json\/wp\/v2\/users\/2"}],"replies":[{"embeddable":true,"href":"https:\/\/www.huebscher.net\/ch\/wp-json\/wp\/v2\/comments?post=12261"}],"version-history":[{"count":2,"href":"https:\/\/www.huebscher.net\/ch\/wp-json\/wp\/v2\/posts\/12261\/revisions"}],"predecessor-version":[{"id":12272,"href":"https:\/\/www.huebscher.net\/ch\/wp-json\/wp\/v2\/posts\/12261\/revisions\/12272"}],"wp:featuredmedia":[{"embeddable":true,"href":"https:\/\/www.huebscher.net\/ch\/wp-json\/wp\/v2\/media\/12262"}],"wp:attachment":[{"href":"https:\/\/www.huebscher.net\/ch\/wp-json\/wp\/v2\/media?parent=12261"}],"wp:term":[{"taxonomy":"category","embeddable":true,"href":"https:\/\/www.huebscher.net\/ch\/wp-json\/wp\/v2\/categories?post=12261"},{"taxonomy":"post_tag","embeddable":true,"href":"https:\/\/www.huebscher.net\/ch\/wp-json\/wp\/v2\/tags?post=12261"}],"curies":[{"name":"wp","href":"https:\/\/api.w.org\/{rel}","templated":true}]}}